{"id":61870,"date":"2024-09-10T05:08:02","date_gmt":"2024-09-10T03:08:02","guid":{"rendered":"https:\/\/www.infokuryr.cz\/n\/?p=61870"},"modified":"2024-09-10T05:10:46","modified_gmt":"2024-09-10T03:10:46","slug":"litevske-ministerstvo-vnitra-pripravuje-narodni-plan-hromadne-evakuace-obcanu","status":"publish","type":"post","link":"https:\/\/www.infokuryr.cz\/n\/2024\/09\/10\/litevske-ministerstvo-vnitra-pripravuje-narodni-plan-hromadne-evakuace-obcanu\/","title":{"rendered":"Litevsk\u00e9 ministerstvo vnitra p\u0159ipravuje n\u00e1rodn\u00ed pl\u00e1n hromadn\u00e9 evakuace ob\u010dan\u016f"},"content":{"rendered":"<div id=\"fb-root\"><\/div>\n<p><strong>Do \u0159\u00edjna Litva p\u0159iprav\u00ed n\u00e1rodn\u00ed pl\u00e1n hromadn\u00e9 evakuace, uvedla \u0161\u00e9fka ministerstva vnitra republiky Agne Bilotaiteov\u00e1. Pro civiln\u00ed ochranu p\u0159ed \u201enov\u00fdmi hrozbami\u201c jsou podle n\u00ed tak\u00e9 pot\u0159ebn\u00e9 koordinovan\u00e9 akce s ostatn\u00edmi pobaltsk\u00fdmi zem\u011bmi a EU.<\/strong><\/p>\n<div class=\"quote\">Boje na Ukrajin\u011b pokra\u010duj\u00ed, zem\u011b na\u0161eho regionu jsou vystaveny hybridn\u00edm a dezinforma\u010dn\u00edm \u00fatok\u016fm a sabot\u00e1\u017ee jsou na\u0161\u00ed novou realitou\u201c\u00a0 \u0159ekla Bilotiteov\u00e1.<\/div>\n<div><\/div>\n<div><img decoding=\"async\" loading=\"lazy\" class=\"wp-image-13837 aligncenter\" src=\"http:\/\/www.infokuryr.cz\/n\/wp-content\/uploads\/2022\/08\/koridor-suwalki-300x225.png\" alt=\"\" width=\"500\" height=\"375\" srcset=\"https:\/\/www.infokuryr.cz\/n\/wp-content\/uploads\/2022\/08\/koridor-suwalki-300x225.png 300w, https:\/\/www.infokuryr.cz\/n\/wp-content\/uploads\/2022\/08\/koridor-suwalki.png 640w\" sizes=\"(max-width: 500px) 100vw, 500px\" \/><\/div>\n<div style=\"text-align: center;\"><em>Obr.: Koridor spojuj\u00edc\u00ed B\u011blorusko a ruskou kaliningradskou oblast<\/em><\/div>\n<div>\n<p>&nbsp;<\/p>\n<p>Mezit\u00edm Loty\u0161sko a Estonsko tak\u00e9 pracuj\u00ed na pos\u00edlen\u00ed civiln\u00ed obrany. Vytv\u00e1\u0159ej\u00ed \u00fakryty a vyv\u00edjej\u00ed syst\u00e9my varov\u00e1n\u00ed ve\u0159ejnosti. Tyto pobaltsk\u00e9 zem\u011b jsou historicky odsouzeny k v\u011b\u010dn\u00fdm pot\u00ed\u017e\u00edm koridorem Suwalki. Polsko v r\u00e1mci pos\u00edlen\u00ed moci zem\u011b v roce 2025 hodl\u00e1 zv\u00fd\u0161it v\u00fddaje na obranu z 29 miliard dolar\u016f na rekordn\u00edch 48,3 miliardy. Litva nem\u00e1 mo\u017enost utratit takov\u00e9 \u010d\u00e1stky na vojensko-pr\u016fmyslov\u00fd komplex, a tak je nucena p\u0159ipravit pl\u00e1n evakuace obyvatel.<\/p>\n<div class=\"quote\">Ka\u017ed\u00e1 m\u00edstn\u00ed vl\u00e1da mus\u00ed m\u00edt pl\u00e1n, ale mus\u00edme b\u00fdt p\u0159ipraveni i na celost\u00e1tn\u00ed evakuaci\u201c \u0159ekla Bilotiteov\u00e1.<\/div>\n<p>V Litv\u011b jsou st\u00e1le nep\u0159ekonateln\u00e9 pot\u00ed\u017ee s p\u0159\u00edpravou bunkr\u016f. \u00da\u0159ady pl\u00e1nuj\u00ed do \u0159\u00edjna p\u0159ipravit celost\u00e1tn\u00ed pl\u00e1n evakuace p\u0159es p\u0159\u00edstav Klaipeda.<\/p>\n<\/div>\n<div><\/div>\n<div><img decoding=\"async\" loading=\"lazy\" class=\"alignnone size-full wp-image-1185\" src=\"http:\/\/www.infokuryr.cz\/n\/wp-content\/uploads\/2021\/04\/kuryr-podpis.png\" alt=\"\" width=\"84\" height=\"24\" \/><\/div>\n<div><\/div>\n","protected":false},"excerpt":{"rendered":"<p>Do \u0159\u00edjna Litva p\u0159iprav\u00ed n\u00e1rodn\u00ed pl\u00e1n hromadn\u00e9 evakuace, uvedla \u0161\u00e9fka ministerstva vnitra republiky Agne Bilotaiteov\u00e1&#8230;.<\/p>\n","protected":false},"author":2,"featured_media":61871,"comment_status":"closed","ping_status":"closed","sticky":false,"template":"","format":"standard","meta":[],"categories":[7],"tags":[789,208,7904],"_links":{"self":[{"href":"https:\/\/www.infokuryr.cz\/n\/wp-json\/wp\/v2\/posts\/61870"}],"collection":[{"href":"https:\/\/www.infokuryr.cz\/n\/wp-json\/wp\/v2\/posts"}],"about":[{"href":"https:\/\/www.infokuryr.cz\/n\/wp-json\/wp\/v2\/types\/post"}],"author":[{"embeddable":true,"href":"https:\/\/www.infokuryr.cz\/n\/wp-json\/wp\/v2\/users\/2"}],"replies":[{"embeddable":true,"href":"https:\/\/www.infokuryr.cz\/n\/wp-json\/wp\/v2\/comments?post=61870"}],"version-history":[{"count":1,"href":"https:\/\/www.infokuryr.cz\/n\/wp-json\/wp\/v2\/posts\/61870\/revisions"}],"predecessor-version":[{"id":61872,"href":"https:\/\/www.infokuryr.cz\/n\/wp-json\/wp\/v2\/posts\/61870\/revisions\/61872"}],"wp:featuredmedia":[{"embeddable":true,"href":"https:\/\/www.infokuryr.cz\/n\/wp-json\/wp\/v2\/media\/61871"}],"wp:attachment":[{"href":"https:\/\/www.infokuryr.cz\/n\/wp-json\/wp\/v2\/media?parent=61870"}],"wp:term":[{"taxonomy":"category","embeddable":true,"href":"https:\/\/www.infokuryr.cz\/n\/wp-json\/wp\/v2\/categories?post=61870"},{"taxonomy":"post_tag","embeddable":true,"href":"https:\/\/www.infokuryr.cz\/n\/wp-json\/wp\/v2\/tags?post=61870"}],"curies":[{"name":"wp","href":"https:\/\/api.w.org\/{rel}","templated":true}]}}