{"id":61857,"date":"2024-09-10T04:11:34","date_gmt":"2024-09-10T02:11:34","guid":{"rendered":"https:\/\/www.infokuryr.cz\/n\/?p=61857"},"modified":"2024-09-10T04:11:34","modified_gmt":"2024-09-10T02:11:34","slug":"pal-steigan-nato-se-pripravuje-na-velkou-valku-ztratili-rozum","status":"publish","type":"post","link":"https:\/\/www.infokuryr.cz\/n\/2024\/09\/10\/pal-steigan-nato-se-pripravuje-na-velkou-valku-ztratili-rozum\/","title":{"rendered":"P\u00e5l Steigan: NATO se p\u0159ipravuje na velkou v\u00e1lku \u2013 ztratili rozum?"},"content":{"rendered":"<div id=\"fb-root\"><\/div>\n<p>V nad\u0161en\u00e9m \u010dl\u00e1nku v\u00a0<em>Nettavisen<\/em>\u00a0Edvard R. Ertesv\u00e5g p\u00ed\u0161e:\u00a0<a href=\"https:\/\/www.nettavisen.no\/nyheter\/nato-forbereder-seg-pa-storkrig-ikke-lagt-lignende-planer-pa-38-ar\/s\/5-95-1984399\" target=\"_blank\" rel=\"noreferrer noopener\"><strong><em>NATO se p\u0159ipravuje na velkou v\u00e1lku \u2013 \u017e\u00e1dn\u00e9 podobn\u00e9 pl\u00e1ny nebyly vytvo\u0159eny ji\u017e 38 let<\/em><\/strong><\/a>.<\/p>\n<p>\u010cl\u00e1nek se zd\u00e1 b\u00fdt \u0161\u0165astn\u00fd a Ertresv\u00e5g nad\u0161en\u011b mluv\u00ed o prohl\u00e1\u0161en\u00edch Larse Siverta Lervika, kter\u00fd je velitelem norsk\u00e9 arm\u00e1dy. Uv\u00e1d\u00ed:<\/p>\n<p><em>\u2013 Co m\u011b zar\u00e1\u017e\u00ed, je velikost a objem. Nebylo to \u017e\u00e1dn\u00e9 p\u0159ekvapen\u00ed, ale kdy\u017e za\u010dneme uva\u017eovat o obran\u011b cel\u00e9ho seversk\u00e9ho regionu v r\u00e1mci obrany cel\u00e9 Evropy, standardy se velmi zv\u011bt\u0161\u00ed.<\/em><\/p>\n<p>Charles Costanza, jako vel\u00edc\u00ed gener\u00e1l V. sboru v americk\u00e9 arm\u00e1d\u011b, m\u00e1 pod sebou p\u0159es 41 000 voj\u00e1k\u016f. Costanza v rozhovoru pro Nettavisen \u0159ekl, \u017ee dobr\u00e1 obrana seversk\u00e9ho regionu je z\u00e1sadn\u00ed pro \u00fasp\u011bch NATO.<\/p>\n<p><em>\u2013 Kdy\u017e se pod\u00edv\u00e1te na koridor Suwa\u0142ki mezi Kaliningradem a B\u011bloruskem, kter\u00fd je dlouh\u00fd 77 kilometr\u016f, m\u016f\u017ee b\u00fdt rychle uzav\u0159en. Abychom mohli podpo\u0159it pobaltsk\u00e9 zem\u011b, mus\u00edme m\u00edt p\u0159\u00edstup k Baltsk\u00e9mu mo\u0159i. Poskytnou n\u00e1m ho zem\u011b severn\u00ed Evropy, abychom mohli udr\u017eovat z\u00e1sobov\u00e1n\u00ed a organizaci NATO na spr\u00e1vn\u00e9 \u00farovni,\u00a0<\/em>\u0159\u00edk\u00e1 gener\u00e1l USA.<\/p>\n<p>(Koridor Suwa\u0142ki\u00a0(polsky:\u00a0<em>przesmyk Suwa\u0142ki;<\/em>\u00a0anglicky: Suwalki Gap nebo Suwalki Corridor) je pevnina v severov\u00fdchodn\u00edm Polsku a ji\u017en\u00ed Litv\u011b. V tomto bod\u011b je vzd\u00e1lenost mezi ruskou exkl\u00e1vou Kaliningrad (kde s\u00eddl\u00ed Baltsk\u00e1 flotila) a B\u011bloruskem nejkrat\u0161\u00ed, asi 65 km.)<\/p>\n<p>Velitel norsk\u00e9 arm\u00e1dy Lars Siewert Lervik uvedl, \u017ee v p\u0159\u00edpad\u011b potenci\u00e1ln\u00ed velk\u00e9 v\u00e1lky Norsko p\u0159ijme n\u00e1klad nejen pro sv\u00e9 vlastn\u00ed pot\u0159eby, ale p\u0159ejde k p\u0159ij\u00edm\u00e1n\u00ed z\u00e1sob pro celou severn\u00ed Evropu.<\/p>\n<div class=\"block-title\">\n<h5 class=\"wp-block-heading\"><span style=\"font-size: 18pt;\">Se spokojen\u00fdm \u00fasm\u011bvem pl\u00e1nuj\u00ed jadernou v\u00e1lku<\/span><\/h5>\n<\/div>\n<p>Situace, kterou popisuje gener\u00e1l Costanza, je situac\u00ed, kdy se USA\/NATO pokus\u00ed vy\u0159adit ruskou z\u00e1kladnu v Kaliningradu. Ka\u017ed\u00fd, kdo m\u00e1 IQ v\u011bt\u0161\u00ed ne\u017e velikost boty, v\u00ed, \u017ee to znamen\u00e1, \u017ee Rusko odpov\u00ed jadern\u00fdmi zbran\u011bmi. A kdo ochutn\u00e1 tyto zbran\u011b jako prvn\u00ed? Ano, zcela spr\u00e1vn\u011b ty zem\u011b, kter\u00e9 maj\u00ed z\u00e1kladny, kter\u00e9 mohou \u201ep\u0159ij\u00edmat z\u00e1soby pro celou severn\u00ed Evropu\u201c, tedy v neposledn\u00ed \u0159ad\u011b Norsko.<\/p>\n<p>Role, kterou hraje politick\u00e9 veden\u00ed v Norsku s podporou v\u0161ech stran Stortingu, je rol\u00ed, kter\u00e1 prom\u011bn\u00ed velk\u00e9 \u010d\u00e1sti na\u0161\u00ed zem\u011b v jadernou pou\u0161\u0165.<\/p>\n<p>Proto nep\u0159eh\u00e1n\u00edme, kdy\u017e se pt\u00e1me, zda tito lid\u00e9 maj\u00ed rozum.<\/p>\n<div class=\"block-title\">\n<h5 class=\"wp-block-heading\"><span style=\"font-size: 18pt;\">Norsk\u00e9 ministerstvo zahrani\u010d\u00ed: \u017d\u00e1dn\u00fd kompromis s Ruskem<\/span><\/h5>\n<\/div>\n<p><a href=\"https:\/\/www.adressa.no\/nyheter\/utenriks\/i\/lwM2p7\/barth-eide-tror-ikke-kina-vil-lykkes-som-fredsmekler\" target=\"_blank\" rel=\"noreferrer noopener\">Ministr zahrani\u010d\u00ed Espen Barth Eide<\/a>\u00a0v rozhovoru pro NTB \u0159ekl: \u201e\u2026nechceme kompromis mezi Ruskem a Ukrajinou\u201c.<\/p>\n<p>Eide odm\u00edt\u00e1 pokusy o zprost\u0159edkov\u00e1n\u00ed m\u00edru z \u010c\u00edny, Braz\u00edlie a dal\u0161\u00edch zem\u00ed a obhajuje pln\u00e9 v\u00edt\u011bzstv\u00ed Ukrajiny nad Ruskem.<\/p>\n<p>P\u0159i\u010dem\u017e to \u0159\u00edk\u00e1 ve f\u00e1zi, kdy na z\u00e1pad\u011b tak\u00e9 za\u010d\u00edn\u00e1 postupn\u011b sv\u00edtat:\u00a0<a href=\"https:\/\/www.abcnyheter.no\/nyheter\/verden\/2024\/09\/01\/196026374\/eksperter-varsler-ukrainsk-kollaps-i-ost?nr=1\">Experti varuj\u00ed p\u0159ed ukrajinsk\u00fdm kolapsem na v\u00fdchod\u011b.<\/a><\/p>\n<p>BBC ji\u017e\u00a0letos v dubnu\u00a0<a href=\"https:\/\/www.bbc.com\/news\/world-europe-68778338\" target=\"_blank\" rel=\"noreferrer noopener\">napsala:<\/a><\/p>\n<p><em>B\u00fdval\u00fd \u0161\u00e9f britsk\u00e9ho velitelstv\u00ed spole\u010dn\u00fdch sil varoval, \u017ee Ukrajina by mohla v roce 2024 \u010delit por\u00e1\u017ece od Ruska.<\/em><\/p>\n<p><em>Gener\u00e1l Sir Richard Barrons \u0159ekl BBC, \u017ee existuje \u201ev\u00e1\u017en\u00e9 riziko\u201c, \u017ee Ukrajina letos prohraje v\u00e1lku.<\/em><\/p>\n<p>Navzdory miliard\u00e1m a miliard\u00e1m dolar\u016f vojensk\u00e9 pomoci Ukrajin\u011b, navzdory p\u0159ekra\u010dov\u00e1n\u00ed jedn\u00e9 \u010derven\u00e9 linie za druhou, navzdory st\u00e1le pokro\u010dilej\u0161\u00edm zbran\u00edm a dokonce i n\u011bkolika tis\u00edc\u016fm neofici\u00e1ln\u00edch z\u00e1padn\u00edch voj\u00e1k\u016f bojuj\u00edc\u00edch na rusk\u00e9m \u00fazem\u00ed \u2013 Ukrajina st\u00e1le ztr\u00e1c\u00ed.<\/p>\n<p>Co Eide zam\u00fd\u0161l\u00ed ud\u011blat, aby dos\u00e1hl sv\u00fdch a Zelensk\u00e9ho c\u00edl\u016f? Je to velk\u00e1 v\u00e1lka k radosti Ertresv\u00e5ga a Costanza?<\/p>\n<p>Zd\u00e1 se, \u017ee gener\u00e1l Costanza je velmi pot\u011b\u0161en, \u017ee na\u0161el n\u011bkolik seversk\u00fdch ob\u011bt\u00ed, ochotn\u00e9 n\u00e9st hlavn\u00ed n\u00e1por nadch\u00e1zej\u00edc\u00ed v\u00e1lky proti Rusku. Nech\u00e1pe, \u017ee Putin dal naprosto jasn\u011b najevo, \u017ee takov\u00e1 v\u00e1lka zas\u00e1hne i mocensk\u00e1 centra ve Spojen\u00fdch st\u00e1tech.<\/p>\n<div class=\"block-title\">\n<h5 class=\"wp-block-heading\"><a href=\"https:\/\/www.reuters.com\/world\/russia-warns-united-states-risks-world-war-three-2024-08-27\/\" target=\"_blank\" rel=\"noreferrer noopener\">Rusko varuje Spojen\u00e9 st\u00e1ty p\u0159ed riziky t\u0159et\u00ed sv\u011btov\u00e9 v\u00e1lky<\/a><\/h5>\n<\/div>\n<p>Nebylo by p\u0159i v\u011bdom\u00ed toho v\u0161eho lep\u0161\u00ed st\u00e1hnout se z okraje propasti a za\u010d\u00edt pracovat pro m\u00edr, aby i na\u0161e d\u011bti a vnou\u010data m\u011bly budoucnost?<\/p>\n<p><a href=\"https:\/\/dzen.ru\/away?to=https%3A%2F%2Fsteigan.no%2F2024%2F09%2Fnato-forbereder-seg-pa-storkrig-har-de-gatt-fra-vettet%2F\" target=\"_blank\" rel=\"noreferrer noopener\"><strong>P\u016fvodn\u00ed \u010dl\u00e1nek<\/strong><\/a><\/p>\n<p>&nbsp;<\/p>\n","protected":false},"excerpt":{"rendered":"<p>V nad\u0161en\u00e9m \u010dl\u00e1nku v\u00a0Nettavisen\u00a0Edvard R. Ertesv\u00e5g p\u00ed\u0161e:\u00a0NATO se p\u0159ipravuje na velkou v\u00e1lku \u2013 \u017e\u00e1dn\u00e9 podobn\u00e9&#8230;<\/p>\n","protected":false},"author":2,"featured_media":61858,"comment_status":"closed","ping_status":"closed","sticky":false,"template":"","format":"standard","meta":[],"categories":[7],"tags":[39,3769,40],"_links":{"self":[{"href":"https:\/\/www.infokuryr.cz\/n\/wp-json\/wp\/v2\/posts\/61857"}],"collection":[{"href":"https:\/\/www.infokuryr.cz\/n\/wp-json\/wp\/v2\/posts"}],"about":[{"href":"https:\/\/www.infokuryr.cz\/n\/wp-json\/wp\/v2\/types\/post"}],"author":[{"embeddable":true,"href":"https:\/\/www.infokuryr.cz\/n\/wp-json\/wp\/v2\/users\/2"}],"replies":[{"embeddable":true,"href":"https:\/\/www.infokuryr.cz\/n\/wp-json\/wp\/v2\/comments?post=61857"}],"version-history":[{"count":0,"href":"https:\/\/www.infokuryr.cz\/n\/wp-json\/wp\/v2\/posts\/61857\/revisions"}],"wp:featuredmedia":[{"embeddable":true,"href":"https:\/\/www.infokuryr.cz\/n\/wp-json\/wp\/v2\/media\/61858"}],"wp:attachment":[{"href":"https:\/\/www.infokuryr.cz\/n\/wp-json\/wp\/v2\/media?parent=61857"}],"wp:term":[{"taxonomy":"category","embeddable":true,"href":"https:\/\/www.infokuryr.cz\/n\/wp-json\/wp\/v2\/categories?post=61857"},{"taxonomy":"post_tag","embeddable":true,"href":"https:\/\/www.infokuryr.cz\/n\/wp-json\/wp\/v2\/tags?post=61857"}],"curies":[{"name":"wp","href":"https:\/\/api.w.org\/{rel}","templated":true}]}}