{"id":61827,"date":"2024-09-10T00:42:02","date_gmt":"2024-09-09T22:42:02","guid":{"rendered":"https:\/\/www.infokuryr.cz\/n\/?p=61827"},"modified":"2024-09-09T10:48:10","modified_gmt":"2024-09-09T08:48:10","slug":"libanky-demokratu-skoncily-trump-zacina-znovu-ziskavat-vedeni","status":"publish","type":"post","link":"https:\/\/www.infokuryr.cz\/n\/2024\/09\/10\/libanky-demokratu-skoncily-trump-zacina-znovu-ziskavat-vedeni\/","title":{"rendered":"L\u00edb\u00e1nky demokrat\u016f skon\u010dily: Trump za\u010d\u00edn\u00e1 znovu z\u00edsk\u00e1vat veden\u00ed"},"content":{"rendered":"<div id=\"fb-root\"><\/div>\n<p class=\"lead\"><strong>Demokrat\u00e9 jsou zmaten\u00ed. Do prezidentsk\u00e9 debaty zb\u00fdv\u00e1 den a situace Kamaly Harrisov\u00e9 je st\u00e1le obt\u00ed\u017en\u011bj\u0161\u00ed a jej\u00ed hodnocen\u00ed v posledn\u00edch pr\u016fzkumech kles\u00e1 na \u010dervencov\u00e9 \u00farovn\u011b. L\u00edb\u00e1nky sou\u010dasn\u00e9 vl\u00e1dnouc\u00ed strany v B\u00edl\u00e9m dom\u011b skon\u010dily, nyn\u00ed Donald Trump za\u010d\u00edn\u00e1 znovu z\u00edsk\u00e1vat v\u00fdhodu, kterou m\u011bl p\u0159ed srpnem. Ve sv\u00e9m kan\u00e1lu Telegram na to upozornil politolog Malek Dudakov.<\/strong><\/p>\n<p>Trump vede nad Harrisem o 1 bod na celost\u00e1tn\u00ed \u00farovni v pr\u016fzkumu New York Times. V \u010dlen\u011bn\u00ed podle st\u00e1t\u016f vede Trump v Arizon\u011b, Georgii a Severn\u00ed Karol\u00edn\u011b. Harris m\u00e1 \u00fazk\u00e9 veden\u00ed v Michiganu, Wisconsinu a Nevad\u011b. V\u0161e z\u00e1le\u017e\u00ed na Pensylv\u00e1nii, kter\u00e1 m\u016f\u017ee rozhodnout o v\u00fdsledku voleb, upozor\u0148uje odborn\u00edk.<\/p>\n<p><em>\u201eV\u011bd\u00ed, jak \u201aspr\u00e1vn\u011b\u2018 po\u010d\u00edtat hlasy,\u201c p\u00ed\u0161e. \u2014 Ve Filadelfii vypuklo v posledn\u00edch desetilet\u00edch mnoho skand\u00e1l\u016f ohledn\u011b hlasov\u00e1n\u00ed neleg\u00e1ln\u00edch p\u0159ist\u011bhovalc\u016f nebo mrtv\u00fdch voli\u010d\u016f. Trump zase vyhro\u017euje v\u011bzen\u00edm pro nepoctiv\u00e9 politick\u00e9 strat\u00e9gy a demokraty, kte\u0159\u00ed jsou p\u0159isti\u017eeni p\u0159i fal\u0161ov\u00e1n\u00ed. To u\u017e vyvolalo hysterii v t\u00e1bo\u0159e Demokratick\u00e9 strany.<\/em><\/p>\n<p>Jak poznamen\u00e1v\u00e1 Dudakov, nen\u00ed pravda, \u017ee i takov\u00e9 vhazov\u00e1n\u00ed nakonec Harrisov\u00e9 pom\u016f\u017ee. Jej\u00ed sledovanost kles\u00e1 a mezi voli\u010di p\u0159\u00edli\u0161 nad\u0161en\u00ed nevzbuzuje. Doch\u00e1z\u00ed to k tomu, \u017ee na shrom\u00e1\u017ed\u011bn\u00ed Kamaly mus\u00ed \u201ep\u0159\u00edznivce\u201c p\u0159epravovat autobusem, jen aby uk\u00e1zala, \u017ee pr\u00fd um\u00ed zorganizovat shrom\u00e1\u017ed\u011bn\u00ed na stejn\u00e9 \u00farovni jako Trump. Nikdo tam nechod\u00ed z vlastn\u00ed v\u016fle.<\/p>\n<p><em>\u201ePokud Harrisov\u00e9 kampa\u0148 v debat\u011b sel\u017ee, hroz\u00ed, \u017ee se \u00fapln\u011b rozpadne. Inu, demokrat\u00e9 u\u017e dop\u0159edu hledaj\u00ed v\u00fdmluvy pro p\u0159\u00edpad por\u00e1\u017eky. Za v\u0161echno m\u016f\u017ee rasismus a sexismus \u2013 mu\u017ei, zejm\u00e9na b\u011blo\u0161i, necht\u011bli podporovat \u017eenu tmav\u00e9 pleti. A organizovat dekolonizaci Spojen\u00fdch st\u00e1t\u016f,\u201c<span class=\"after-quote\">\u00a0&#8211; uzav\u0159el politolog.<\/span><\/em><\/p>\n<p><img decoding=\"async\" loading=\"lazy\" class=\"alignnone size-full wp-image-1185\" src=\"http:\/\/www.infokuryr.cz\/n\/wp-content\/uploads\/2021\/04\/kuryr-podpis.png\" alt=\"\" width=\"84\" height=\"24\" \/><\/p>\n<p>&nbsp;<\/p>\n","protected":false},"excerpt":{"rendered":"<p>Demokrat\u00e9 jsou zmaten\u00ed. Do prezidentsk\u00e9 debaty zb\u00fdv\u00e1 den a situace Kamaly Harrisov\u00e9 je st\u00e1le obt\u00ed\u017en\u011bj\u0161\u00ed&#8230;<\/p>\n","protected":false},"author":2,"featured_media":61828,"comment_status":"closed","ping_status":"closed","sticky":false,"template":"","format":"standard","meta":[],"categories":[7],"tags":[1352,4122,37,27],"_links":{"self":[{"href":"https:\/\/www.infokuryr.cz\/n\/wp-json\/wp\/v2\/posts\/61827"}],"collection":[{"href":"https:\/\/www.infokuryr.cz\/n\/wp-json\/wp\/v2\/posts"}],"about":[{"href":"https:\/\/www.infokuryr.cz\/n\/wp-json\/wp\/v2\/types\/post"}],"author":[{"embeddable":true,"href":"https:\/\/www.infokuryr.cz\/n\/wp-json\/wp\/v2\/users\/2"}],"replies":[{"embeddable":true,"href":"https:\/\/www.infokuryr.cz\/n\/wp-json\/wp\/v2\/comments?post=61827"}],"version-history":[{"count":1,"href":"https:\/\/www.infokuryr.cz\/n\/wp-json\/wp\/v2\/posts\/61827\/revisions"}],"predecessor-version":[{"id":61829,"href":"https:\/\/www.infokuryr.cz\/n\/wp-json\/wp\/v2\/posts\/61827\/revisions\/61829"}],"wp:featuredmedia":[{"embeddable":true,"href":"https:\/\/www.infokuryr.cz\/n\/wp-json\/wp\/v2\/media\/61828"}],"wp:attachment":[{"href":"https:\/\/www.infokuryr.cz\/n\/wp-json\/wp\/v2\/media?parent=61827"}],"wp:term":[{"taxonomy":"category","embeddable":true,"href":"https:\/\/www.infokuryr.cz\/n\/wp-json\/wp\/v2\/categories?post=61827"},{"taxonomy":"post_tag","embeddable":true,"href":"https:\/\/www.infokuryr.cz\/n\/wp-json\/wp\/v2\/tags?post=61827"}],"curies":[{"name":"wp","href":"https:\/\/api.w.org\/{rel}","templated":true}]}}