{"id":61806,"date":"2024-09-10T00:33:06","date_gmt":"2024-09-09T22:33:06","guid":{"rendered":"https:\/\/www.infokuryr.cz\/n\/?p=61806"},"modified":"2024-09-09T10:02:50","modified_gmt":"2024-09-09T08:02:50","slug":"generalni-tajemnik-osn-antonio-guterres-si-stezuje-na-dezinformace-a-nenavistne-projevy-a-vyzyva-k-ucinne-sprave-veci-verejnych","status":"publish","type":"post","link":"https:\/\/www.infokuryr.cz\/n\/2024\/09\/10\/generalni-tajemnik-osn-antonio-guterres-si-stezuje-na-dezinformace-a-nenavistne-projevy-a-vyzyva-k-ucinne-sprave-veci-verejnych\/","title":{"rendered":"Gener\u00e1ln\u00ed tajemn\u00edk OSN Ant\u00f3nio Guterres si st\u011b\u017euje na \u201edezinformace\u201c a \u201enen\u00e1vistn\u00e9 projevy\u201c a vyz\u00fdv\u00e1 k \u201e\u00fa\u010dinn\u00e9 spr\u00e1v\u011b v\u011bc\u00ed ve\u0159ejn\u00fdch\u201c"},"content":{"rendered":"<div id=\"fb-root\"><\/div>\n<div class=\"elementor-element elementor-element-1fb4c2c elementor-widget elementor-widget-theme-post-content\" data-id=\"1fb4c2c\" data-element_type=\"widget\" data-widget_type=\"theme-post-content.default\">\n<div class=\"elementor-widget-container\">\n<p><strong>Gener\u00e1ln\u00edmu tajemn\u00edkovi OSN Ant\u00f3niu Guterresovi se ve sv\u00e9m poselstv\u00ed u p\u0159\u00edle\u017eitosti nadch\u00e1zej\u00edc\u00edho Mezin\u00e1rodn\u00edho dne demokracie poda\u0159ilo rozdm\u00fdchat obavy z \u0161\u00ed\u0159en\u00ed dezinformac\u00ed, nen\u00e1vistn\u00fdch projev\u016f a hlubinn\u00fdch fal\u0161ov\u00e1n\u00ed.<\/strong><\/p>\n<p>Leto\u0161n\u00ed Den demokracie v OSN se nav\u00edc zam\u011b\u0159uje na t\u00e9ma um\u011bl\u00e9 inteligence (AI) (nyn\u00ed a pozd\u011bji).<\/p>\n<p>P\u0159esto\u017ee se tiskov\u00e1 zpr\u00e1va m\u016f\u017ee zd\u00e1t jako \u201epoliticky korektn\u00ed slovn\u00ed sal\u00e1t\u201c, m\u00e1 jeden c\u00edl \u2013 toti\u017e zv\u00fd\u0161it tlak na glob\u00e1ln\u00ed regulaci AI.<\/p>\n<p>T\u00edmto zp\u016fsobem se udr\u017euje strach, \u017ee um\u011bl\u00e1 inteligence ve sv\u00e9 sou\u010dasn\u00e9 podob\u011b ve skute\u010dnosti p\u0159edstavuje mo\u017enou hrozbu pro \u201edemokracii, m\u00edr a stabilitu\u201c.<\/p>\n<p>Podle\u00a0<a href=\"https:\/\/press.un.org\/en\/2024\/sgsm22347.doc.htm\" target=\"_blank\" rel=\"noreferrer noopener\">webu OSN<\/a>\u00a0Guterres vyu\u017eil t\u00e9to p\u0159\u00edle\u017eitosti k p\u0159edstaven\u00ed probl\u00e9mu eroze svobody projevu, ob\u010dansk\u00fdch svobod, pr\u00e1vn\u00edho st\u00e1tu a klesaj\u00edc\u00ed d\u016fv\u011bry (\u00fadajn\u011b ve star\u0161\u00ed m\u00e9dia a instituce) v d\u016fsledku tohoto \u201e\u0161\u00ed\u0159en\u00ed \u0161kod\u201c. \u201c<\/p>\n<p>Guterresovo prohl\u00e1\u0161en\u00ed za\u010d\u00edn\u00e1 docela rozumn\u011b: na Mezin\u00e1rodn\u00ed den demokracie je t\u0159eba tyto hodnoty, kter\u00e9 jsou dnes ohro\u017eeny, podporovat.<\/p>\n<p>Pak ale za\u010dne vysv\u011btlovat, pro\u010d tomu tak je, papou\u0161kuj\u00edc to, co nes\u010detn\u011bkr\u00e1t sly\u0161elo mnoho vl\u00e1d a glob\u00e1ln\u00edch politick\u00fdch a ekonomick\u00fdch elit.<\/p>\n<p>Co mimo jin\u00e9 \u010din\u00ed svobodu projevu v dne\u0161n\u00ed dob\u011b tak k\u0159ehkou? Cenzura? St\u00e1tn\u00ed cenzura? A je to tak\u00e9 to, co zat\u011b\u017euje ob\u010dansk\u00e1 pr\u00e1va obecn\u011b?<\/p>\n<p>Zd\u00e1 se, \u017ee si Guterres mysl\u00ed \u2013 ne. V\u0161e se tak n\u011bjak to\u010d\u00ed kolem \u201eAI\u201c a konkr\u00e9tn\u011b toho, jak ji ovl\u00e1dat \u2013 jako \u201en\u00e1stroje dobr\u00e9 spr\u00e1vy\u201c.<\/p>\n<p>OSN, zalo\u017een\u00e1 po devastaci druh\u00e9 sv\u011btov\u00e9 v\u00e1lky jako f\u00f3rum, kter\u00e9 m\u00e1 zajistit, aby se n\u011bco podobn\u00e9ho u\u017e nikdy neopakovalo, ztratila v posledn\u00edm desetilet\u00ed zvl\u00e1\u0161tn\u00ed vliv.<\/p>\n<p>Je znepokojiv\u00e9, \u017ee m\u00edsto toho, aby slou\u017eila sv\u00e9mu p\u016fvodn\u00edmu \u00fa\u010delu \u2013 zejm\u00e9na vzhledem k rostouc\u00edmu chaotick\u00e9mu chov\u00e1n\u00ed a ud\u00e1lostem po cel\u00e9m sv\u011bt\u011b \u2013 se tato organizace nyn\u00ed sna\u017e\u00ed naj\u00edt nov\u00fd raison d&#8217;\u00eatre kolem ot\u00e1zek \u00fazce souvisej\u00edc\u00edch s cenzurou a \u00fatlakem: pandemie (prost\u0159ednictv\u00edm sv\u00e9 agentury WHO) a nyn\u00ed \u201eDezinformace, dezinformace, AI\u2026\u201c<\/p>\n<p>V t\u00e9to souvislosti gener\u00e1ln\u00ed tajemn\u00edk OSN prohla\u0161uje toto: \u201eAbychom se chopili t\u011bchto p\u0159\u00edle\u017eitost\u00ed (AI na podporu \u00fa\u010dasti ve\u0159ejnosti, rovnosti, inkluzivity, \u201alidsk\u00e9ho rozvoje\u2018&#8230;), je z\u00e1sadn\u00ed zajistit efektivn\u00ed \u0159\u00edzen\u00ed um\u011bl\u00e9 inteligence na v\u0161ech \u00farovn\u00edch. , a to i mezin\u00e1rodn\u011b.&#8220;<\/p>\n<p>Je to nyn\u00ed skute\u010dn\u011b z\u00e1sadn\u00ed pro demokracii, pane?<\/p>\n<\/div>\n<\/div>\n<div class=\"elementor-element elementor-element-8c57238 quelle dc-has-condition dc-condition-empty elementor-widget elementor-widget-heading\" data-id=\"8c57238\" data-element_type=\"widget\" data-widget_type=\"heading.default\">\n<div class=\"elementor-widget-container\">\n<h3 class=\"elementor-heading-title elementor-size-default\"><span style=\"font-size: 10pt;\"><a href=\"https:\/\/reclaimthenet.org\/antonio-guterres-rails-against-misinformation-and-hate-speech\" target=\"_blank\" rel=\"nofollow noopener\">Zdroj<\/a><\/span><\/h3>\n<p>&nbsp;<\/p>\n<\/div>\n<\/div>\n","protected":false},"excerpt":{"rendered":"<p>Gener\u00e1ln\u00edmu tajemn\u00edkovi OSN Ant\u00f3niu Guterresovi se ve sv\u00e9m poselstv\u00ed u p\u0159\u00edle\u017eitosti nadch\u00e1zej\u00edc\u00edho Mezin\u00e1rodn\u00edho dne demokracie&#8230;<\/p>\n","protected":false},"author":2,"featured_media":13690,"comment_status":"closed","ping_status":"closed","sticky":false,"template":"","format":"standard","meta":[],"categories":[7],"tags":[1232,28,186,538],"_links":{"self":[{"href":"https:\/\/www.infokuryr.cz\/n\/wp-json\/wp\/v2\/posts\/61806"}],"collection":[{"href":"https:\/\/www.infokuryr.cz\/n\/wp-json\/wp\/v2\/posts"}],"about":[{"href":"https:\/\/www.infokuryr.cz\/n\/wp-json\/wp\/v2\/types\/post"}],"author":[{"embeddable":true,"href":"https:\/\/www.infokuryr.cz\/n\/wp-json\/wp\/v2\/users\/2"}],"replies":[{"embeddable":true,"href":"https:\/\/www.infokuryr.cz\/n\/wp-json\/wp\/v2\/comments?post=61806"}],"version-history":[{"count":0,"href":"https:\/\/www.infokuryr.cz\/n\/wp-json\/wp\/v2\/posts\/61806\/revisions"}],"wp:featuredmedia":[{"embeddable":true,"href":"https:\/\/www.infokuryr.cz\/n\/wp-json\/wp\/v2\/media\/13690"}],"wp:attachment":[{"href":"https:\/\/www.infokuryr.cz\/n\/wp-json\/wp\/v2\/media?parent=61806"}],"wp:term":[{"taxonomy":"category","embeddable":true,"href":"https:\/\/www.infokuryr.cz\/n\/wp-json\/wp\/v2\/categories?post=61806"},{"taxonomy":"post_tag","embeddable":true,"href":"https:\/\/www.infokuryr.cz\/n\/wp-json\/wp\/v2\/tags?post=61806"}],"curies":[{"name":"wp","href":"https:\/\/api.w.org\/{rel}","templated":true}]}}