{"id":6174,"date":"2021-11-15T04:02:01","date_gmt":"2021-11-15T03:02:01","guid":{"rendered":"http:\/\/www.infokuryr.cz\/n\/?p=6174"},"modified":"2021-11-15T04:02:01","modified_gmt":"2021-11-15T03:02:01","slug":"rakousti-eurohjeri-zneuzili-prokuraturu-k-statnimu-prevratu-a-odstraneni-nepohodlneho-kanclere","status":"publish","type":"post","link":"https:\/\/www.infokuryr.cz\/n\/2021\/11\/15\/rakousti-eurohjeri-zneuzili-prokuraturu-k-statnimu-prevratu-a-odstraneni-nepohodlneho-kanclere\/","title":{"rendered":"Rakou\u0161t\u00ed eurohje\u0159i zneu\u017eili prokuraturu k st\u00e1tn\u00edmu p\u0159evratu a odstran\u011bn\u00ed nepohodln\u00e9ho kancl\u00e9\u0159e"},"content":{"rendered":"<div id=\"fb-root\"><\/div>\n<div><strong>Obvin\u011bn\u00ed rakousk\u00e9ho kancl\u00e9\u0159e Kurze shled\u00e1no nev\u011brohodn\u00fdm.\u00a0Dne\u0161n\u00ed eXXpress.at uv\u00e1d\u00ed cel\u00fd text znaleck\u00e9ho posudku, kter\u00fd siln\u011b zpochybnil obvin\u011bn\u00ed Sebastiana Kurze ze zpronev\u011bry, upl\u00e1cen\u00ed a \u00faplatnosti. Kurz musel po dramatick\u00e9 medi\u00e1ln\u00ed a koali\u010dn\u00ed i opozi\u010dn\u00ed \u0161tvanici a za aktivn\u00ed \u00fa\u010dasti rakousk\u00e9ho prezidenta p\u0159ed v\u00edce ne\u017e m\u011bs\u00edcem odstoupit z funkce kancl\u00e9\u0159e. Profesor trestn\u00edho pr\u00e1va Dr. Peter Lewisch z V\u00edde\u0148sk\u00e9 univerzity analyzoval obvin\u011bn\u00ed speci\u00e1ln\u00ed rakousk\u00e9 protikorup\u010dn\u00ed prokuratury WKStA ve sv\u00e9m znaleck\u00e9m posudku. Jeho z\u00e1v\u011br: &#8222;O konkr\u00e9tn\u00edm podez\u0159en\u00ed ohledn\u011b osoby Sebastiana Kurze nem\u016f\u017ee b\u00fdt \u0159e\u010d.&#8220;<\/strong><\/div>\n<div><\/div>\n<div>Podle zpr\u00e1vy neexistuje \u017e\u00e1dn\u00e9 konkr\u00e9tn\u00ed podez\u0159en\u00ed v\u016f\u010di ex-kancl\u00e9\u0159i Sebastianu Kurzovi. Profesor Lewisch \u201ev \u017e\u00e1dn\u00e9m p\u0159\u00edpad\u011b nedok\u00e1\u017ee vysledovat\u201c \u00fadajn\u00e1 provin\u011bn\u00ed, kter\u00e1 b\u00fdval\u00e9mu spolkov\u00e9mu kancl\u00e9\u0159i vyt\u00fdkaj\u00ed protikorup\u010dn\u00ed vy\u0161et\u0159ovatel\u00e9. Stejn\u011b tak pr\u00fd nen\u00ed speci\u00e1ln\u00ed prokuratura WKStA schopna uv\u00e9st jedin\u00fd d\u016fkaz, \u201ekter\u00fd by osobu Sebastiana Kurze jakkoli d\u00e1val do souvislosti s mo\u017en\u00fdmi nesrovnalostmi ve financov\u00e1n\u00ed a \u00fa\u010dtov\u00e1n\u00ed uvnit\u0159 ministerstva financ\u00ed (BMF) ohledn\u011b \u00fadajn\u00e9ho korumpuj\u00edc\u00edho zad\u00e1v\u00e1n\u00ed inzer\u00e1t\u016f a fal\u0161ov\u00e1n\u00ed pr\u016fzkum\u016f ve\u0159ejn\u00e9ho m\u00edn\u011bn\u00ed\u201c.<\/div>\n<div><\/div>\n<div>Ze zpr\u00e1vy vypl\u00fdv\u00e1, \u017ee obvin\u011bn\u00ed WKStA je nejen \u201echybn\u00e9 v n\u011bkolika bodech hmotn\u011b &#8211; pr\u00e1vn\u00ed anal\u00fdzy\u201c, vykazuje i \u201ejednodu\u0161e nespr\u00e1vn\u00e9 textov\u00e9 anal\u00fdzy chatov\u00fdch zpr\u00e1v\u201c, ale je tak\u00e9 zalo\u017eeno na spekulac\u00edch, domn\u011bnk\u00e1ch a vadn\u00fdch z\u00e1v\u011brech.\u00a0 WKStA tak\u00e9 \u201eopomn\u011bla\u201c uv\u00e9st snadno zjistiteln\u00e9 kontroln\u00ed d\u016fkazy, kter\u00e9 by uk\u00e1zaly nespr\u00e1vnost jej\u00edch p\u0159edpoklad\u016f. Profesor Lewisch ve zpr\u00e1v\u011b, kter\u00e1 byla zpracov\u00e1na pro pr\u00e1vn\u00edka Wernera Suppana, kritizuje i to, \u017ee WKStA m\u00edsto toho, aby obvin\u011bn\u00ed v pot\u0159ebn\u00e9m rozsahu od\u016fvod\u0148ovala, p\u0159edv\u00e1d\u00ed \u201estory telling\u201c a \u201erom\u00e1nov\u00e9 vypr\u00e1v\u011bn\u00ed\u201c, ale nem\u00e1 v projedn\u00e1van\u00e9 v\u011bci \u017e\u00e1dnou procesn\u011b relevantn\u00ed kompetenci pro sv\u00e9 rozhodnut\u00ed.<\/div>\n<div><\/div>\n<div>Lewisch: \u201ePo anal\u00fdze obvin\u011bn\u00ed WKStA a d\u016fkaz\u016f a \u00favah p\u0159edlo\u017een\u00fdch st\u00e1tn\u00edm zastupitelstv\u00edm nelze podez\u0159en\u00ed v \u017e\u00e1dn\u00e9m p\u0159\u00edpad\u011b pochopit. Ani jedin\u00fd d\u016fkaz nespojuje Sebastiana Kurze pr\u00e1vn\u011b podlo\u017een\u00fdm zp\u016fsobem s mo\u017en\u00fdmi nesrovnalostmi uvnit\u0159 BMF,&#8220; p\u00ed\u0161e Lewisch. Obvin\u011bn\u00ed je pr\u00fd nav\u00edc v mnoha bodech sv\u00e9 hmotn\u011b pr\u00e1vn\u00ed anal\u00fdzy chybn\u00e9. \u201eV podstat\u011b sest\u00e1v\u00e1 z nespr\u00e1vn\u00fdch textov\u00fdch rozbor\u016f, domn\u011bnek a spekulac\u00ed, metodicky nespr\u00e1vn\u00fdch z\u00e1v\u011br\u016f, kdy zastupitelstv\u00ed vytvo\u0159\u00ed domn\u011bnku a pak ji potvrzuje, a tak\u00e9 celkov\u00e9ho pohledu na jednotliv\u00e9 okolnosti \u2013 na kter\u00e9 sice klade velk\u00fd d\u016fraz, ale obsahov\u011b jsou ve skute\u010dnosti nulitn\u00ed,\u201c \u0159\u00edk\u00e1 odborn\u00edk. Je nepochopiteln\u00e9, pro\u010d WKStA nepostupuje alespo\u0148 podle n\u00e1vodu na internetu, jak nejjednodu\u0161eji prozkoumat kontroln\u00ed d\u016fkazy, co\u017e by na prvn\u00ed pohled uk\u00e1zalo nespr\u00e1vnost jejich v\u00fdkladu. \u201eUveden\u00e9 okolnosti nepodporuj\u00ed obvin\u011bn\u00ed vznesen\u00e1 proti Sebastianu Kurzovi. P\u0159edpokladem pro obvin\u011bn\u00ed je konkr\u00e9tn\u00ed podez\u0159en\u00ed, co\u017e se o Sebastianu Kurzovi jako osob\u011b \u0159\u00edci ned\u00e1,\u201c zn\u00ed zdrcuj\u00edc\u00ed z\u00e1v\u011br posudku profesora Lewische, vyu\u010duj\u00edc\u00edho v Institutu trestn\u00edho pr\u00e1va a kriminologie v r\u00e1mci V\u00edde\u0148sk\u00e9 univerzity.<\/div>\n<div><\/div>\n<div>Rakousk\u00e1 ve\u0159ejnopr\u00e1vn\u00ed ORF ihned p\u0159isp\u011bchala s titulkem: \u201ePartajn\u00ed pr\u00e1vn\u00edk chce Kurze zbavit obvin\u011bn\u00ed!\u201c, ani\u017e se nam\u00e1hala prozradit, \u010d\u00edm\u017ee je \u201epartajn\u00ed\u201c. D\u016fvod je z\u0159ejm\u00fd \u2013 ORF mus\u00ed jaksi \u201ezbrzdit\u201c dopad Lewischova dobrozd\u00e1n\u00ed, kter\u00e9 je dal\u0161\u00ed ranou pro \u201enez\u00e1vislou justici\u201c, j\u00ed\u017e se neust\u00e1le dovol\u00e1v\u00e1 ministryn\u011b spravedlnosti Alma Zadicov\u00e1 (Zelen\u00ed) a prezident Van der Bellen (Zelen\u00ed). WKStA utrp\u011bla v posledn\u00ed dob\u011b \u0159adu por\u00e1\u017eek u soud\u016f, kdy byly osvobozeny osoby, l\u00e9ta vl\u00e1\u010den\u00e9 ve\u0159ejnou \u0161p\u00ednou. Ve zdrcuj\u00edc\u00ed zpr\u00e1v\u011b zkritizovala postupy speci\u00e1ln\u00ed prokuratury tak\u00e9 rakousk\u00e1 vysok\u00e1 \u00fa\u0159ednice pro nez\u00e1vislost justice Gabriele Aicherov\u00e1. Nez\u00e1visl\u00e1 justice tedy v Rakousku existuje, ale st\u00e1tn\u00ed zastupitelstv\u00ed, zjevn\u011b slou\u017e\u00edc\u00ed selektivn\u011b k diskreditaci nepohodln\u00fdch politik\u016f, to rozhodn\u011b nen\u00ed.<\/div>\n<div><\/div>\n<div>\u201eVe\u0159ejnopr\u00e1vn\u00ed\u201c ORF se tak\u00e9 velmi zaslou\u017eila o Kurz\u016fv p\u00e1d, a to okam\u017eit\u00fdm zve\u0159ej\u0148ov\u00e1n\u00edm soukrom\u00fdch chat\u016f jeho spolupracovn\u00edka, stejn\u011b jako mnoh\u00e1 dal\u0161\u00ed m\u00e9dia, kter\u00e1 m\u011bla chatovou konverzaci k dispozici dokonce d\u0159\u00edve ne\u017e pr\u00e1vn\u00edci obvin\u011bn\u00fdch! Je n\u011bco shnil\u00e9ho ve st\u00e1t\u011b rakousk\u00e9m. Protikorup\u010dn\u00ed st\u00e1tn\u00ed zastupitelstv\u00ed, kter\u00e9 obvinilo 39 000 lid\u00ed, ale dok\u00e1zalo sv\u00e9 p\u0159\u00edpady dot\u00e1hnout k odsouzen\u00ed v pouh\u00fdch necel\u00fdch 500 p\u0159\u00edpadech, je medi\u00e1ln\u00ed hv\u011bzdou, m\u00edsto aby se stalo kandid\u00e1tem na rozpu\u0161t\u011bn\u00ed. To by toti\u017e znamenalo odvahu \u0159\u00edznout hodn\u011b hluboko do struktur v\u00fdkonn\u00e9 a st\u00e1tn\u00ed moci, nejen na ministerstvu \u201espravedlnosti\u201c, tedy p\u0159\u00edmo ve vl\u00e1dn\u00ed koalici, ale i v \u00fa\u0159adu spolkov\u00e9ho prezidenta, kter\u00fd jasn\u011b ozna\u010dil \u00fadajn\u00e1 Kurzova provin\u011bn\u00ed za \u201eskvrnu na mravn\u00edm obraze politiky\u201c.<\/div>\n<div><\/div>\n<div>Po prozkoum\u00e1n\u00ed pln\u00e9ho zn\u011bn\u00ed chat\u016f, na nich\u017e prokur\u00e1to\u0159i stav\u00ed obvin\u011bn\u00ed b\u00fdval\u00e9ho kancl\u00e9\u0159e, bylo u\u017e d\u0159\u00edve prok\u00e1z\u00e1no, \u017ee z\u00e1znam komunikace byl do trestn\u00edho spisu vlo\u017een v \u201esest\u0159\u00edhan\u00e9\u201c a zmanipulovan\u00e9 podob\u011b. To u\u017e nen\u00ed jen projev \u0161lomp\u00e1ctv\u00ed. To je t\u011b\u017ek\u00fd zlo\u010din pad\u011bl\u00e1n\u00ed d\u016fkaz\u016f. \u017dalobci, kte\u0159\u00ed se jej dopustili, by se za n\u011bj m\u011bli sami zodpov\u00eddat u trestn\u00edho soudu.<\/div>\n<div><\/div>\n<div>MUDr. Ivan David, CSc.<\/div>\n<div><\/div>\n<div><img decoding=\"async\" loading=\"lazy\" class=\"alignnone  wp-image-922\" src=\"http:\/\/www.infokuryr.cz\/n\/wp-content\/uploads\/2021\/04\/Ivan-David-1-222x300.jpg\" alt=\"\" width=\"200\" height=\"270\" srcset=\"https:\/\/www.infokuryr.cz\/n\/wp-content\/uploads\/2021\/04\/Ivan-David-1-222x300.jpg 222w, https:\/\/www.infokuryr.cz\/n\/wp-content\/uploads\/2021\/04\/Ivan-David-1.jpg 466w\" sizes=\"(max-width: 200px) 100vw, 200px\" \/><\/div>\n<div><\/div>\n","protected":false},"excerpt":{"rendered":"<p>Obvin\u011bn\u00ed rakousk\u00e9ho kancl\u00e9\u0159e Kurze shled\u00e1no nev\u011brohodn\u00fdm.\u00a0Dne\u0161n\u00ed eXXpress.at uv\u00e1d\u00ed cel\u00fd text znaleck\u00e9ho posudku, kter\u00fd siln\u011b zpochybnil&#8230;<\/p>\n","protected":false},"author":2,"featured_media":462,"comment_status":"closed","ping_status":"closed","sticky":false,"template":"","format":"standard","meta":[],"categories":[6],"tags":[29,154,703,120],"_links":{"self":[{"href":"https:\/\/www.infokuryr.cz\/n\/wp-json\/wp\/v2\/posts\/6174"}],"collection":[{"href":"https:\/\/www.infokuryr.cz\/n\/wp-json\/wp\/v2\/posts"}],"about":[{"href":"https:\/\/www.infokuryr.cz\/n\/wp-json\/wp\/v2\/types\/post"}],"author":[{"embeddable":true,"href":"https:\/\/www.infokuryr.cz\/n\/wp-json\/wp\/v2\/users\/2"}],"replies":[{"embeddable":true,"href":"https:\/\/www.infokuryr.cz\/n\/wp-json\/wp\/v2\/comments?post=6174"}],"version-history":[{"count":0,"href":"https:\/\/www.infokuryr.cz\/n\/wp-json\/wp\/v2\/posts\/6174\/revisions"}],"wp:featuredmedia":[{"embeddable":true,"href":"https:\/\/www.infokuryr.cz\/n\/wp-json\/wp\/v2\/media\/462"}],"wp:attachment":[{"href":"https:\/\/www.infokuryr.cz\/n\/wp-json\/wp\/v2\/media?parent=6174"}],"wp:term":[{"taxonomy":"category","embeddable":true,"href":"https:\/\/www.infokuryr.cz\/n\/wp-json\/wp\/v2\/categories?post=6174"},{"taxonomy":"post_tag","embeddable":true,"href":"https:\/\/www.infokuryr.cz\/n\/wp-json\/wp\/v2\/tags?post=6174"}],"curies":[{"name":"wp","href":"https:\/\/api.w.org\/{rel}","templated":true}]}}