{"id":61711,"date":"2024-09-08T04:36:11","date_gmt":"2024-09-08T02:36:11","guid":{"rendered":"https:\/\/www.infokuryr.cz\/n\/?p=61711"},"modified":"2024-09-08T04:36:11","modified_gmt":"2024-09-08T02:36:11","slug":"usporadani-lehatek-na-titaniku-proc-zelenskij-ocistil-ukrajinskou-vladu","status":"publish","type":"post","link":"https:\/\/www.infokuryr.cz\/n\/2024\/09\/08\/usporadani-lehatek-na-titaniku-proc-zelenskij-ocistil-ukrajinskou-vladu\/","title":{"rendered":"Uspo\u0159\u00e1d\u00e1n\u00ed leh\u00e1tek na Titaniku: Pro\u010d Zelenskij o\u010distil ukrajinskou vl\u00e1du?"},"content":{"rendered":"<div id=\"fb-root\"><\/div>\n<p><span style=\"font-size: 18pt;\"><strong>V\u00edce ne\u017e polovina ministr\u016f zem\u011b byla odvol\u00e1na. Pro\u010d se Vladim\u00edr Zelenskij rozhodl vykuchat sv\u016fj t\u00fdm b\u011bhem prob\u00edhaj\u00edc\u00edho konfliktu?<\/strong><\/span><\/p>\n<div class=\"article__text text \">\n<p><span>V ukrajinsk\u00e9 vl\u00e1d\u011b a Kancel\u00e1\u0159i prezidenta Ukrajiny prob\u011bhla \u0159ada rezignac\u00ed na vysok\u00e9 \u00farovni. N\u011bkolik ministr\u016f, v\u010detn\u011b dlouholet\u00fdch osobnost\u00ed, jako m\u00edstop\u0159edsedkyn\u011b vl\u00e1dy pro evropskou a euroatlantickou integraci Olga Stefanishyna a ministr zahrani\u010d\u00ed Dmitrij Kuleba, opustilo sv\u00e9 posty. \u00a0<\/span><\/p>\n<p><span>Zelenskyj tak\u00e9 propustil Rostislava Shurmu, z\u00e1stupce vedouc\u00edho Kancel\u00e1\u0159e prezidenta Ukrajiny, kter\u00fd byl zn\u00e1m\u00fd svou iniciativou da\u0148ov\u00e9 reformy\u00a0<\/span><em><span>\u201e10-10-10\u201c<\/span><\/em><span>\u00a0a diskusemi o odstran\u011bn\u00ed hotovosti v boji proti korupci.<\/span><\/p>\n<p><span>\u0160\u00e9f parlamentn\u00ed frakce Zelensk\u00e9ho Sluha lidu David Arakhamia\u00a0<\/span><a href=\"https:\/\/korrespondent.net\/ukraine\/4713669-arakhamyia-anonsyroval-perezahruzku-pravytelstva\"><span>ozn\u00e1mil<\/span><\/a><span>\u00a0, \u017ee brzy budou n\u00e1sledovat dal\u0161\u00ed v\u00fdznamn\u00e9 rezignace. V d\u016fsledku t\u011bchto \u010distek bude p\u0159eskupeno v\u00edce ne\u017e 50 % kabinetu.<\/span><\/p>\n<p><span>RT zkoum\u00e1, co se skr\u00fdv\u00e1 za t\u011bmito zm\u011bnami v nejvy\u0161\u0161\u00edch patrech ukrajinsk\u00e9 moci a pro\u010d se Zelenskij rozhodl j\u00edt touto cestou.<\/span><\/p>\n<h2><span>Jak\u00e9 zm\u011bny m\u016f\u017eeme o\u010dek\u00e1vat v ukrajinsk\u00e9 vl\u00e1d\u011b?<\/span><\/h2>\n<p><span>Mezi \u00fa\u0159edn\u00edky, kte\u0159\u00ed ode\u0161li z funkce, pat\u0159\u00ed:<\/span><\/p>\n<p><span>\u25cf Ministr zahrani\u010d\u00ed Dmitrij Kuleba<\/span><\/p>\n<p><span>\u25cf Ministr spravedlnosti Denis Maliu\u0161ka<\/span><\/p>\n<p><span>\u25cf Ministr strategick\u00e9ho pr\u016fmyslu Alexander Kamyshin<\/span><\/p>\n<p><span>\u25cf Ministr ochrany \u017eivotn\u00edho prost\u0159ed\u00ed Ruslan Strelets<\/span><\/p>\n<p><span>\u25cf m\u00edstop\u0159edseda vl\u00e1dy pro evropskou a euroatlantickou integraci Ukrajiny<\/span><\/p>\n<p><span>Olga Stefanishyna<\/span><\/p>\n<p><span>\u25cf m\u00edstop\u0159edsedkyn\u011b vl\u00e1dy a ministryn\u011b pro reintegraci do\u010dasn\u011b okupovan\u00fdch \u00fazem\u00ed Irina Vereshchuk<\/span><\/p>\n<p><span>\u25cf P\u0159edseda Fondu st\u00e1tn\u00edho majetku Ukrajiny Vitaliy Koval<\/span><\/p>\n<div class=\"article__cover\">\n<div class=\"media\"><picture><source srcset=\"https:\/\/mf.b37mrtl.ru\/files\/2024.09\/original\/66dca1602030276b4d77d8d8.jpg\" sizes=\"991px\" data-srcset=\"https:\/\/mf.b37mrtl.ru\/files\/2024.09\/original\/66dca1602030276b4d77d8d8.jpg\" \/><img decoding=\"async\" loading=\"lazy\" class=\"read-more__cover lazyautosizes lazyloaded aligncenter\" src=\"https:\/\/mf.b37mrtl.ru\/files\/2024.09\/original\/66dca1602030276b4d77d8d8.jpg\" sizes=\"991px\" alt=\"RT\" width=\"716\" height=\"477\" data-sizes=\"auto\" data-src=\"https:\/\/mf.b37mrtl.ru\/files\/2024.09\/original\/66dca1602030276b4d77d8d8.jpg\" \/><\/picture>\n<div class=\"media__footer media__footer_bottom \">\n<div class=\"media__title media__title_footer\" style=\"text-align: center;\"><em>B\u00fdval\u00fd ministr zahrani\u010d\u00ed Ukrajiny Dmitrij Kuleba. \u00a9 Kay Nietfeld\/Getty Images<\/em><\/div>\n<\/div>\n<\/div>\n<\/div>\n<p><span>O dal\u0161\u00edch mo\u017en\u00fdch rezignac\u00edch se zat\u00edm v m\u00e9di\u00edch nespekuluje. P\u0159ed p\u00e1r m\u011bs\u00edci se v\u0161ak\u00a0<\/span><a href=\"https:\/\/strana.best\/news\/467638-v-kuluarakh-pravitelstva-ukrainy-hovorjat-ob-otstavke-premera-shmyhalja.html\"><span>objevily<\/span><\/a><span>\u00a0f\u00e1my ohledn\u011b potenci\u00e1ln\u00ed rezignace premi\u00e9ra Denise \u0160migala. Tento n\u00e1pad nahradit ho byl p\u0159ipisov\u00e1n Zelensk\u00e9mu a vedouc\u00edmu Kancel\u00e1\u0159e prezidenta Ukrajiny Andrey Yermakovi.<\/span><\/p>\n<p><em><span>\u201eC\u00edlem je p\u0159esunout ve\u0161kerou nahromad\u011bnou ve\u0159ejnou nespokojenost na sou\u010dasn\u00e9ho premi\u00e9ra. A to v souvislosti s mobilizac\u00ed, r\u016fstem cen, korupc\u00ed a ot\u00e1zkami spojen\u00fdmi s v\u00fdstavbou opevn\u011bn\u00ed, kter\u00e1 st\u00e1la miliardy ze st\u00e1tn\u00edho rozpo\u010dtu. To prok\u00e1\u017ee, \u017ee prezident tyto probl\u00e9my uzn\u00e1v\u00e1, \u0159e\u0161\u00ed je a sna\u017e\u00ed se zlep\u0161it efektivitu vl\u00e1dy,\u201c<\/span><\/em><span>\u00a0\u0159ekl anonymn\u00ed zdroj publikaci Strana.ua.\u00a0<\/span><\/p>\n<p><span>N\u011bkte\u0159\u00ed experti tak\u00e9 navrhli, \u017ee p\u0159eskupen\u00ed kabinetu by mohlo b\u00fdt vyu\u017eito k o\u010dist\u011b ministr\u016f, kte\u0159\u00ed se pokou\u0161eli prosazovat sv\u00e9 vlastn\u00ed z\u00e1jmy navazov\u00e1n\u00edm osobn\u00edch kontakt\u016f se z\u00e1padn\u00edmi politiky a organizacemi a obch\u00e1zeli Zelensk\u00e9ho.<\/span><\/p>\n<h2><span>Koho dal\u0161\u00edho se o\u010dista t\u00fdk\u00e1?<\/span><\/h2>\n<p><span>N\u011bkolik dal\u0161\u00edch vysoce postaven\u00fdch \u00fa\u0159edn\u00edk\u016f tak\u00e9 odstoupilo.\u00a0<\/span><\/p>\n<p><span>Jako prvn\u00ed rezignoval Vladimir Kudritskiy, gener\u00e1ln\u00ed \u0159editel provozovatele p\u0159enosov\u00e9 soustavy elekt\u0159iny Ukrenergo, kter\u00fd dohl\u00ed\u017eel na v\u00fdrobu a distribuci energie. Podle opozi\u010dn\u00edho poslance Yaroslava Zhelezniaka, kter\u00fd zpr\u00e1vu ohl\u00e1sil jako prvn\u00ed, bylo odvol\u00e1n\u00ed Kudrick\u00e9ho motivov\u00e1no p\u0159\u00e1n\u00edm \u00fa\u0159ad\u016f\u00a0<\/span><em><span>\u201ekontrolovat v\u0161echny finan\u010dn\u00ed toky\u201c.<\/span><\/em><span>\u00a0S\u00e1m mu\u017e \u0159ekl, \u017ee proti Ukrenergu prob\u011bhla\u00a0<\/span><em><span>\u201epomlouva\u010dn\u00e1 kampa\u0148\u201c<\/span><\/em><span>\u00a0a zd\u016fraznil, \u017ee je d\u016fle\u017eit\u00e9 transparentn\u011b vybrat jeho n\u00e1stupce, aby se spole\u010dnost nestala\u00a0<\/span><em><span>\u201egener\u00e1torem finan\u010dn\u00edch tok\u016f\u201c<\/span><\/em><span>\u00a0pro korup\u010dn\u00ed \u00fa\u010dely.<\/span><\/p>\n<div class=\"article__cover\">\n<div class=\"media\"><picture><source srcset=\"https:\/\/mf.b37mrtl.ru\/files\/2024.09\/original\/66dca1a52030276b4d77d8db.jpg\" sizes=\"991px\" data-srcset=\"https:\/\/mf.b37mrtl.ru\/files\/2024.09\/original\/66dca1a52030276b4d77d8db.jpg\" \/><img decoding=\"async\" loading=\"lazy\" class=\"read-more__cover lazyautosizes lazyloaded aligncenter\" src=\"https:\/\/mf.b37mrtl.ru\/files\/2024.09\/original\/66dca1a52030276b4d77d8db.jpg\" sizes=\"991px\" alt=\"RT\" width=\"745\" height=\"497\" data-sizes=\"auto\" data-src=\"https:\/\/mf.b37mrtl.ru\/files\/2024.09\/original\/66dca1a52030276b4d77d8db.jpg\" \/><\/picture>\n<div class=\"media__footer media__footer_bottom \">\n<div class=\"media__title media__title_footer\" style=\"text-align: center;\"><em>P\u0159edseda spr\u00e1vn\u00ed rady NPC Ukrenergo Vladimir Kudritskiy. \u00a9 Ed Ram\/Getty Images<\/em><\/div>\n<\/div>\n<\/div>\n<\/div>\n<p><span>Po jeho odchodu rezignovali i dva zahrani\u010dn\u00ed \u010dlenov\u00e9 p\u0159edstavenstva \u2013 Peder Andreasen a Daniel Dobbeni. Oba p\u0159edt\u00edm p\u016fsobili jako prezidenti Evropsk\u00e9 s\u00edt\u011b provozovatel\u016f p\u0159enosov\u00fdch soustav pro elekt\u0159inu (ENTSO-E).<\/span><\/p>\n<p><span>Form\u00e1ln\u011b byl Kudritskiy z funkce odvol\u00e1n dozor\u010d\u00ed radou spole\u010dnosti; nejvy\u0161\u0161\u00ed mana\u017ee\u0159i v\u0161ak\u00a0<\/span><a href=\"https:\/\/www.ft.com\/content\/1902d9ed-d6c6-42d8-b58c-be985dc11ce7\"><span>uvedli<\/span><\/a><span>\u00a0, \u017ee na n\u011b vyv\u00edjel n\u00e1tlak ze strany vl\u00e1dy. Ukrajinsk\u00e9 ministerstvo energetiky tvrd\u00ed, \u017ee rozhodnut\u00ed bylo u\u010din\u011bno nez\u00e1visle a obvin\u011bn\u00ed proti n\u011bmu jsou sou\u010d\u00e1st\u00ed pomlouva\u010dn\u00e9 kampan\u011b. Ofici\u00e1ln\u011b Kudritskiy ztratil svou pozici ve sv\u011btle rostouc\u00edho ve\u0159ejn\u00e9ho rozho\u0159\u010den\u00ed nad \u010dast\u00fdmi v\u00fdpadky elekt\u0159iny a obvin\u011bn\u00edmi z nedostate\u010dn\u00e9 ochrany ukrajinsk\u00e9 energetick\u00e9 infrastruktury.<\/span><\/p>\n<p><span>Ke zm\u011bn\u00e1m do\u0161lo i v Kancel\u00e1\u0159i prezidenta Ukrajiny. Shurma byl\u00a0<\/span><a href=\"https:\/\/censor.net\/ru\/news\/3508130\/shurmu_zvilneno_z_posady\"><span>odvol\u00e1n<\/span><\/a><span>\u00a0ze sv\u00e9 role z\u00e1stupce vedouc\u00edho Kancel\u00e1\u0159e prezidenta Ukrajiny. Na rozd\u00edl od mnoha jin\u00fdch odch\u00e1zej\u00edc\u00edch ministr\u016f nebyl pouze loutkou, ale byl zodpov\u011bdn\u00fd za energetiku a ekonomick\u00fd sektor. Jeho rezignace souvis\u00ed s rostouc\u00ed kritikou ze strany m\u00e9di\u00ed, z\u00e1konod\u00e1rc\u016f a aktivist\u016f spojen\u00fdch se z\u00e1padn\u00edmi organizacemi.\u00a0<\/span><\/p>\n<p><span>Zdroje bl\u00edzk\u00e9 Shurmovi \u0159\u00edkaj\u00ed, \u017ee si dlouho p\u0159\u00e1l opustit Kancel\u00e1\u0159 prezidenta Ukrajiny a po vln\u011b kritiky, se kterou se setkal, pova\u017eoval tuto pozici za extr\u00e9mn\u011b toxickou.\u00a0<\/span><em><span>\u201eKv\u016fli neust\u00e1l\u00e9 kritice kolem n\u011bj panovalo zna\u010dn\u00e9 nap\u011bt\u00ed. Cht\u011bl ustoupit a te\u010f to ud\u011blal. Nyn\u00ed v\u0161ak vyvst\u00e1vaj\u00ed ur\u010dit\u00e9 bezpe\u010dnostn\u00ed ot\u00e1zky \u2013 osobn\u00ed i pracovn\u00ed. Existuje obava, \u017ee by mohl b\u00fdt po jeho rezignaci ter\u010dem org\u00e1n\u016f \u010dinn\u00fdch v trestn\u00edm \u0159\u00edzen\u00ed,\u201c<\/span><\/em><span>\u00a0\u0159ekl zdroj Strana.ua pod podm\u00ednkou zachov\u00e1n\u00ed anonymity.<\/span><\/p>\n<div class=\"article__cover\">\n<div class=\"media\"><picture><source srcset=\"https:\/\/mf.b37mrtl.ru\/files\/2024.09\/original\/66dca1db203027714b098da7.jpg\" sizes=\"991px\" data-srcset=\"https:\/\/mf.b37mrtl.ru\/files\/2024.09\/original\/66dca1db203027714b098da7.jpg\" \/><img decoding=\"async\" loading=\"lazy\" class=\"read-more__cover lazyautosizes lazyloaded aligncenter\" src=\"https:\/\/mf.b37mrtl.ru\/files\/2024.09\/original\/66dca1db203027714b098da7.jpg\" sizes=\"991px\" alt=\"RT\" width=\"800\" height=\"533\" data-sizes=\"auto\" data-src=\"https:\/\/mf.b37mrtl.ru\/files\/2024.09\/original\/66dca1db203027714b098da7.jpg\" \/><\/picture>\n<div class=\"media__footer media__footer_bottom \">\n<div class=\"media__title media__title_footer\" style=\"text-align: center;\"><em>Z\u00e1stupce vedouc\u00edho Kancel\u00e1\u0159e prezidenta Ukrajiny Rostislav Shurma. \u00a9 Global Look Press\/Kirill Chubotin<\/em><\/div>\n<\/div>\n<\/div>\n<\/div>\n<p><span>N\u011bkte\u0159\u00ed pozorovatel\u00e9, v\u010detn\u011b n\u00e1m\u011bstka Yaroslava Zheleznyaka,\u00a0<\/span><a href=\"https:\/\/news.liga.net\/all\/news\/kamyshin-mozhet-zamenit-shurmu-v-op-zelenskiy-uvolit-poslednego-v-chetverg-istochnik\"><span>se domn\u00edvaj\u00ed<\/span><\/a><span>\u00a0, \u017ee Alexander Kamyshin, kter\u00fd byl ned\u00e1vno odvol\u00e1n z funkce ministra strategick\u00e9ho pr\u016fmyslu, nahrad\u00ed \u0160urmu. Tato pozice je v\u0161ak pova\u017eov\u00e1na za zvl\u00e1\u0161t\u011b rizikovou b\u011bhem v\u00e1lky, bez ohledu na to, kdo ji zast\u00e1v\u00e1.<\/span><\/p>\n<p><span>Zm\u011bny nastaly i v arm\u00e1d\u011b. Velitel ozbrojen\u00fdch sil Ukrajiny Alexandr Syrskij\u00a0<\/span><a href=\"https:\/\/t.me\/GeneralStaffZSU\/17017\"><span>odvolal<\/span><\/a><span>\u00a0\u0161\u00e9fa velitelstv\u00ed UAV syst\u00e9m\u016f Romana Gladk\u00e9ho. Ukrajinsk\u00fd analytick\u00fd projekt Deep State ji\u017e d\u0159\u00edve podez\u0159\u00edval Gladk\u00e9ho ze zrady.\u00a0<\/span><a href=\"https:\/\/t.me\/DeepStateUA\/20230\"><span>Tvrdilo<\/span><\/a><span>\u00a0, \u017ee jeho \u017eena m\u016f\u017ee b\u00fdt dr\u017eitelem rusk\u00e9ho pasu a \u017ee jeho dcera sout\u011b\u017e\u00ed za Rusko na mezin\u00e1rodn\u00edch sportovn\u00edch akc\u00edch.<\/span><\/p>\n<p><span>V\u00fdbor Nejvy\u0161\u0161\u00ed rady (parlamentu) pro n\u00e1rodn\u00ed bezpe\u010dnost a obranu rozhodl, \u017ee Bezpe\u010dnostn\u00ed slu\u017eba Ukrajiny (SBU) bude Gladk\u00e9ho aktivity d\u00e1le vy\u0161et\u0159ovat. Kdy\u017e byl Gladky p\u016fvodn\u011b jmenov\u00e1n do funkce, bezpe\u010dnostn\u00ed slu\u017eby\u00a0<\/span><a href=\"https:\/\/www.pravda.com.ua\/rus\/news\/2024\/09\/2\/7473094\/index.amp\"><span>provedly<\/span><\/a><span>\u00a0kontroly a neshledaly d\u016fvod k n\u00e1mitk\u00e1m \u2013 prov\u011brkou \u00fasp\u011b\u0161n\u011b pro\u0161el.<\/span><\/p>\n<h2><span>Pro\u010d na t\u011bchto zm\u011bn\u00e1ch v horn\u00edch patrech moci z\u00e1le\u017e\u00ed?\u00a0<\/span><\/h2>\n<p><span>V dob\u011b m\u00edru by se zpr\u00e1vy o propu\u0161t\u011bn\u00ed n\u011bkolika nejvy\u0161\u0161\u00edch p\u0159edstavitel\u016f dostaly na titulky na Ukrajin\u011b. Pr\u00e1v\u011b te\u010f se v\u0161ak pozornost oby\u010dejn\u00fdch Ukrajinc\u016f obrac\u00ed k jin\u00fdm v\u011bcem \u2013 jako jsou \u0161kody zp\u016fsoben\u00e9 raketov\u00fdmi \u00fatoky a probl\u00e9my, kter\u00fdm \u010del\u00ed ozbrojen\u00e9 s\u00edly v prvn\u00ed linii. Za druh\u00e9, jak ukrajinsk\u00e1 vl\u00e1da, tak Nejvy\u0161\u0161\u00ed rada, kter\u00e1 jmenuje a odvol\u00e1v\u00e1 ministry, ji\u017e d\u00e1vno nejsou skute\u010dn\u00fdmi\u00a0<\/span><em><span>\u201ecentry rozhodov\u00e1n\u00ed\u201c,<\/span><\/em><span>\u00a0na rozd\u00edl od Kancel\u00e1\u0159e prezidenta a z\u00e1padn\u00edch partner\u016f Ukrajiny.\u00a0<\/span><\/p>\n<p><span>Regula\u010dn\u00ed r\u00e1mce neodr\u00e1\u017eej\u00ed skute\u010dn\u00fd vliv, kter\u00fd maj\u00ed tito\u00a0<\/span><em><span>\u201etemn\u00ed hr\u00e1\u010di\u201c<\/span><\/em><span>\u00a0na ukrajinskou politiku. Vlastn\u00ed pravomoc Kancel\u00e1\u0159e prezidenta Ukrajiny sah\u00e1 daleko nad r\u00e1mec toho, co je p\u0159edeps\u00e1no v ukrajinsk\u00e9 \u00fastav\u011b, a dokonce p\u0159esahuje prezidentsk\u00e9 kompetence.<\/span><\/p>\n<p><span>V sou\u010dasn\u00e9 konfiguraci moci je \u201eperson\u00e1ln\u00ed politika\u201c kl\u00ed\u010dovou funkc\u00ed Kancel\u00e1\u0159e prezidenta Ukrajiny. Teoreticky by kandid\u00e1ti na nejvy\u0161\u0161\u00ed vl\u00e1dn\u00ed funkce m\u011bli b\u00fdt koordinov\u00e1ni a schv\u00e1leni ukrajinsk\u00fdm parlamentem. Jeliko\u017e v\u0161ak v\u011bt\u0161inu dr\u017e\u00ed prezidentova strana Slu\u017eebn\u00edk lidu, je tento proces ve skute\u010dnosti pouhou formalitou.<\/span><\/p>\n<div class=\"article__cover\">\n<div class=\"media\"><picture><source srcset=\"https:\/\/mf.b37mrtl.ru\/files\/2024.09\/original\/66dca20620302760913b9b58.jpg\" sizes=\"991px\" data-srcset=\"https:\/\/mf.b37mrtl.ru\/files\/2024.09\/original\/66dca20620302760913b9b58.jpg\" \/><img decoding=\"async\" loading=\"lazy\" class=\"read-more__cover lazyautosizes lazyloaded aligncenter\" src=\"https:\/\/mf.b37mrtl.ru\/files\/2024.09\/original\/66dca20620302760913b9b58.jpg\" sizes=\"991px\" alt=\"RT\" width=\"754\" height=\"550\" data-sizes=\"auto\" data-src=\"https:\/\/mf.b37mrtl.ru\/files\/2024.09\/original\/66dca20620302760913b9b58.jpg\" \/><\/picture>\n<div class=\"media__footer media__footer_bottom \">\n<div class=\"media__title media__title_footer\" style=\"text-align: center;\"><em>SOUBOR FOTOGRAFIE. \u00a9 STR\/Getty Images<\/em><\/div>\n<\/div>\n<\/div>\n<\/div>\n<p><span>Je proto nepravd\u011bpodobn\u00e9, \u017ee by takov\u00e1 rekonstrukce vl\u00e1dy p\u0159inesla v\u00fdrazn\u00e9 zm\u011bny. V souvislosti s t\u011bmito rezignacemi si v\u0161ak m\u016f\u017eeme v\u0161imnout n\u011bkolika kl\u00ed\u010dov\u00fdch bod\u016f.\u00a0<\/span><\/p>\n<p><span>N\u00e1pad na rekonstrukci vl\u00e1dy po dvou a p\u016fl letech ozbrojen\u00e9ho konfliktu pat\u0159\u00ed\u00a0<a href=\"https:\/\/www.ft.com\/content\/4a37ac46-d3ee-42ec-8694-dc88059d7f36\">podle<\/a>\u00a0Financial Times Zelensk\u00e9mu. Jej\u00ed report\u00e9\u0159i tvrd\u00ed, \u017ee Zelenskij si klade za c\u00edl udr\u017eet \u010d\u00e1st sv\u00e9ho t\u00fdmu, jmenovat tyto lidi do nov\u00fdch rol\u00ed nebo dokonce roz\u0161\u00ed\u0159it jejich autoritu.\u00a0<\/span><em><span>&#8222;U\u017e jsem mluvil o restartu na\u0161eho veden\u00ed a mnoha ministr\u016f.&#8220; Dnes pot\u0159ebujeme novou strukturu a tyto kroky jsou spojeny s pos\u00edlen\u00edm na\u0161eho st\u00e1tu na r\u016fzn\u00fdch \u00farovn\u00edch,\u201c<\/span><\/em><span>\u00a0\u0159ekl Zelenskyj\u00a0<\/span><a href=\"https:\/\/ru.interfax.com.ua\/news\/general\/1011680.html\"><span>.<\/span><\/a><\/p>\n<p><span>Zdroje FT \u2013 o nich\u017e tvrd\u00ed, \u017ee jsou vysoc\u00ed \u00fa\u0159edn\u00edci \u2013 v\u0161ak vyj\u00e1d\u0159ily obavy, \u017ee rekonstrukce vl\u00e1dy ukazuje, \u017ee Zelenskij chce uspo\u0159\u00e1dat PR kampa\u0148 a d\u00e1le upevnit svou osobn\u00ed moc nad byrokratick\u00fdm apar\u00e1tem, co\u017e potvrzuj\u00ed i \u200b\u200bpoliticky motivovan\u00e9 propou\u0161t\u011bn\u00ed. .<\/span><\/p>\n<p><span>Politolog Bogdan Bezpalko se tak\u00e9 domn\u00edv\u00e1, \u017ee Zelenskyj chce upevnit moc. Tvrd\u00ed, \u017ee rekonstrukce vl\u00e1dy m\u00e1 vytvo\u0159it iluzi politick\u00e9ho procesu. Poukazuje na to, \u017ee v rozporu se svou \u00fastavou se na Ukrajin\u011b nekonaly parlamentn\u00ed ani prezidentsk\u00e9 volby.\u00a0<\/span><em><span>\u201eVl\u00e1dnouc\u00ed elita mus\u00ed simulovat proces obnovy a \u201arestartovat\u2018 vl\u00e1du \u00fadajn\u011b kv\u016fli efektivn\u011bj\u0161\u00ed pr\u00e1ci. Ale jak \u0159\u00edk\u00e1 star\u00fd \u0161pinav\u00fd vtip, je to jako p\u0159eskupovat n\u00e1bytek v nev\u011bstinci. Jist\u011b, m\u016f\u017eete p\u0159esouvat postele a m\u011bnit z\u00e1v\u011bsy, ale povaha za\u0159\u00edzen\u00ed se nezm\u011bn\u00ed.\u201c<\/span><\/em><span>\u00a0<\/span><\/p>\n<p><span>Tyto \u010distky se shodovaly s vlnou negativity nam\u00ed\u0159enou proti Zelensk\u00e9mu po s\u00e9rii incident\u016f, kter\u00e9 z\u00edskaly velkou publicitu: nar\u016fstaj\u00edc\u00ed probl\u00e9my arm\u00e1dy na front\u011b u Pokrovska a Kurachova, rozs\u00e1hl\u00e9 raketov\u00e9 \u00fatoky, energetick\u00e9 probl\u00e9my a dal\u0161\u00ed kolo korup\u010dn\u00ed skand\u00e1ly. Propou\u0161t\u011bn\u00ed by podle v\u0161eho m\u011blo ve\u0159ejnosti uk\u00e1zat, \u017ee prezident si je v\u011bdom probl\u00e9m\u016f a chce \u201erestartovat\u201c vl\u00e1du, aby byla efektivn\u011bj\u0161\u00ed.<\/span><\/p>\n<p><span>Politik a blogger Anatolij Shariy poznamenal, \u017ee person\u00e1ln\u00ed zm\u011bny maj\u00ed\u00a0<\/span><em><span>\u201enulov\u00fd smysl\u201c.<\/span><\/em><span>\u00a0\u00a0 Samotn\u00e9 rezignace podle n\u011bj nemaj\u00ed \u017e\u00e1dnou v\u00e1hu a z\u00e1sadn\u011b nezm\u011bn\u00ed politiku Zelensk\u00e9ho ani jeho t\u00fdmu.\u00a0<\/span><em><span>\u201eJedna skupina amat\u00e9r\u016f bude jednodu\u0161e nahrazena jinou; v Zelensk\u00e9ho t\u00fdmu nejsou \u017e\u00e1dn\u00ed profesion\u00e1lov\u00e9, proto\u017ee spolu s Andrey Yermakem jmenuj\u00ed lidi, kte\u0159\u00ed odpov\u00eddaj\u00ed jejich vlastn\u00ed \u00farovni,\u201c<\/span><\/em><span>\u00a0\u0159ekl.\u00a0<\/span><em><span>\u201eObzvl\u00e1\u0161t\u011b v\u00fdmluvn\u00e9 je, jak snadno toto kr\u00e1sn\u00e9 duo odhod\u00ed ty, kte\u0159\u00ed si poslu\u0161n\u011b olizovali boty \u2013 bez sentimentu nebo dokonce z\u00e1kladn\u00ed vd\u011b\u010dnosti. Vykopnou je jako \u0161pinav\u00ed psi,\u201c<\/span><\/em><span>\u00a0napsal\u00a0<\/span><a href=\"https:\/\/t.me\/ASupersharij\/32068\"><span>.<\/span><\/a><\/p>\n<p><span>Bezpalko tak\u00e9 v\u011b\u0159\u00ed, \u017ee zm\u011bna ukrajinsk\u00e9 vl\u00e1dy nic nezm\u011bn\u00ed. Pouk\u00e1zal na to, \u017ee Ukrajina m\u016f\u017ee p\u0159e\u017e\u00edt pouze s vn\u011bj\u0161\u00ed ekonomickou a vojenskou podporou, p\u0159edev\u0161\u00edm ze strany USA a EU.\u00a0<\/span><em><span>\u201eProto v\u00fdm\u011bna \u00fa\u0159edn\u00edk\u016f nebude m\u00edt \u017e\u00e1dn\u00fd vliv. Nemaj\u00ed \u017e\u00e1dn\u00fd skute\u010dn\u00fd vliv. O v\u0161em rozhoduje Zelensk\u00e9ho t\u00fdm, kter\u00fd je z\u00e1visl\u00fd na z\u00e1padn\u00edch zem\u00edch,\u201c<\/span><\/em><span>\u00a0uzav\u0159el.<\/span><\/p>\n<\/div>\n<div class=\"article__author-text\">\n<p><em><strong>Petr\u00a0<span>Lavrenin,<\/span><\/strong><span>\u00a0politick\u00fd novin\u00e1\u0159 narozen\u00fd v Od\u011bse a odborn\u00edk na Ukrajinu a b\u00fdval\u00fd Sov\u011btsk\u00fd svaz<\/span><\/em><\/p>\n<p>&nbsp;<\/p>\n<\/div>\n","protected":false},"excerpt":{"rendered":"<p>V\u00edce ne\u017e polovina ministr\u016f zem\u011b byla odvol\u00e1na. Pro\u010d se Vladim\u00edr Zelenskij rozhodl vykuchat sv\u016fj t\u00fdm&#8230;<\/p>\n","protected":false},"author":2,"featured_media":58509,"comment_status":"closed","ping_status":"closed","sticky":false,"template":"","format":"standard","meta":[],"categories":[7],"tags":[1042,1426,26,99,7084],"_links":{"self":[{"href":"https:\/\/www.infokuryr.cz\/n\/wp-json\/wp\/v2\/posts\/61711"}],"collection":[{"href":"https:\/\/www.infokuryr.cz\/n\/wp-json\/wp\/v2\/posts"}],"about":[{"href":"https:\/\/www.infokuryr.cz\/n\/wp-json\/wp\/v2\/types\/post"}],"author":[{"embeddable":true,"href":"https:\/\/www.infokuryr.cz\/n\/wp-json\/wp\/v2\/users\/2"}],"replies":[{"embeddable":true,"href":"https:\/\/www.infokuryr.cz\/n\/wp-json\/wp\/v2\/comments?post=61711"}],"version-history":[{"count":0,"href":"https:\/\/www.infokuryr.cz\/n\/wp-json\/wp\/v2\/posts\/61711\/revisions"}],"wp:featuredmedia":[{"embeddable":true,"href":"https:\/\/www.infokuryr.cz\/n\/wp-json\/wp\/v2\/media\/58509"}],"wp:attachment":[{"href":"https:\/\/www.infokuryr.cz\/n\/wp-json\/wp\/v2\/media?parent=61711"}],"wp:term":[{"taxonomy":"category","embeddable":true,"href":"https:\/\/www.infokuryr.cz\/n\/wp-json\/wp\/v2\/categories?post=61711"},{"taxonomy":"post_tag","embeddable":true,"href":"https:\/\/www.infokuryr.cz\/n\/wp-json\/wp\/v2\/tags?post=61711"}],"curies":[{"name":"wp","href":"https:\/\/api.w.org\/{rel}","templated":true}]}}