{"id":61697,"date":"2024-09-08T00:36:30","date_gmt":"2024-09-07T22:36:30","guid":{"rendered":"https:\/\/www.infokuryr.cz\/n\/?p=61697"},"modified":"2024-09-07T16:24:44","modified_gmt":"2024-09-07T14:24:44","slug":"jiri-paroubek-bydleni-je-zakladni-lidske-pravo","status":"publish","type":"post","link":"https:\/\/www.infokuryr.cz\/n\/2024\/09\/08\/jiri-paroubek-bydleni-je-zakladni-lidske-pravo\/","title":{"rendered":"Ji\u0159\u00ed Paroubek: Bydlen\u00ed je z\u00e1kladn\u00ed lidsk\u00e9 pr\u00e1vo"},"content":{"rendered":"<div id=\"fb-root\"><\/div>\n<p><strong>Na soci\u00e1ln\u00edch s\u00edt\u00edch se objevil rozs\u00e1hl\u00fd pr\u016fzkum ve\u0159ejn\u00e9ho m\u00edn\u011bn\u00ed, kter\u00e9 zpracovala v\u00fdzkumn\u00e1 agentura PPM FACTUM RESEARCH, kter\u00e1 zji\u0161\u0165ovala n\u00e1zory \u010desk\u00e9 ve\u0159ejnosti, na problematiku bydlen\u00ed. Mne samotn\u00e9ho p\u0159ekvapilo, jak intenzivn\u011b vn\u00edmaj\u00ed \u010ce\u0161i tuto problematiku v jednotliv\u00fdch detailech, p\u0159edev\u0161\u00edm pak v detailech soci\u00e1ln\u00edho charakteru.<\/strong><\/p>\n<p>Podle m\u00e9ho n\u00e1zoru, tento pr\u016fzkum, na prvn\u00ed pohled velmi objektivn\u00ed, de facto potvrzuje z\u00e1kladn\u00ed principy politiky \u010cSSD v\u00a0minulosti, ale tak\u00e9 v\u00a0sou\u010dasnosti. Je z\u0159ejm\u00e9, \u017ee lid\u00e9 hodnot\u00ed v\u00fdznam bydlen\u00ed, resp. svou spokojenost \u010di nespokojenost s n\u00edm, p\u0159edev\u0161\u00edm podle sv\u00e9 osobn\u00ed bytov\u00e9 situace a podle toho, jak vn\u00edmaj\u00ed vlastn\u00ed \u017eivotn\u00ed \u00farove\u0148. Je nesporn\u00e9, \u017ee vysoce kvalitn\u00ed bydlen\u00ed je d\u016fle\u017eit\u00fdm faktorem vysok\u00e9 \u017eivotn\u00ed \u00farovn\u011b toho kter\u00e9ho ob\u010dana. Podle pr\u016fzkumu je 41% ob\u010dan\u016f nespokojeno se sou\u010dasn\u00fdm stavem v\u00a0oblasti bydlen\u00ed v\u00a0\u010cR, naopak 31% je spokojeno a 28% m\u00e1 neutr\u00e1ln\u00ed postoj k\u00a0dan\u00e9 problematice.<\/p>\n<p>Lid\u00e9 podle pr\u016fzkumu projevuj\u00ed vysokou soci\u00e1ln\u00ed empatii, proto\u017ee si dob\u0159e uv\u011bdomuj\u00ed, \u017ee bez bydlen\u00ed nen\u00ed rodiny, \u017ee rodina vlastn\u011b nem\u016f\u017ee plnit svou funkci, p\u0159edev\u0161\u00edm pak dob\u0159e vychov\u00e1vat sv\u00e9 d\u011bti.<\/p>\n<p>Tak nap\u0159. pro \u0161irokou ve\u0159ejnost (prakticky pro \u010dty\u0159i p\u011btiny ob\u010dan\u016f) je nep\u0159ijateln\u00e9, aby doch\u00e1zelo ke st\u011bhov\u00e1n\u00ed t\u011bch, kte\u0159\u00ed nemaj\u00ed na n\u00e1jem v byt\u011b, na ubytovny \u010di azylov\u00e9 domy. Lid\u00e9 se tak\u00e9 c\u00edt\u00ed solid\u00e1rn\u00ed ve vztahu k osam\u011bl\u00fdm senior\u016fm, kter\u00fdm z\u016fst\u00e1v\u00e1 minimum pen\u011bz na jejich \u017eivot, a to v\u00a0d\u016fsledku vysok\u00fdch cen energii anebo prost\u011b proto, \u017ee nev\u011bd\u00ed, jak a kde si za\u0159\u00eddit p\u0159\u00edslu\u0161n\u00e9 soci\u00e1ln\u00ed d\u00e1vky.<\/p>\n<p>Pro 87% lid\u00ed je neakceptovateln\u00e9, aby d\u011bti \u017eili v azylov\u00fdch domech nebo na ubytovn\u00e1ch, \u010di v\u00a0siln\u011b p\u0159elidn\u011bn\u00fdch bytech anebo v\u00a0jin\u00e9m nevyhovuj\u00edc\u00edm bydlen\u00ed. Tito lid\u00e9 by m\u011bli m\u00edt mo\u017enost z\u00edsk\u00e1vat soci\u00e1ln\u00ed bydlen\u00ed. Nejv\u00edce irituj\u00edc\u00ed (pro 88% respondent\u016f) je to, \u017ee ob\u011bti dom\u00e1c\u00edho n\u00e1sil\u00ed mus\u00ed z\u016fst\u00e1vat ve spole\u010dn\u00e9m byt\u011b s\u00a0n\u00e1siln\u00edkem. Tak\u00e9 ob\u011bti dom\u00e1c\u00edho n\u00e1sil\u00ed by podle v\u011bt\u0161iny lid\u00ed m\u011bli p\u0159ednostn\u011b dost\u00e1vat soci\u00e1ln\u00ed byty. D\u016fle\u017eitou ot\u00e1zkou pro \u010deskou ve\u0159ejnost (pro 95% dot\u00e1zan\u00fdch) je to, aby d\u011bti vyr\u016fstali v\u00a0rodin\u011b. 94% je proti obchodu s\u00a0chudobou a tak\u00e9 pro rychl\u00e9 vyst\u011bhov\u00e1n\u00ed neplati\u010d\u016f n\u00e1jm\u016f.<\/p>\n<p>Ve\u0159ejnost chce tak\u00e9 pos\u00edlit dostupnost bydlen\u00ed s\u00a0t\u00edm, aby v\u00a0ka\u017ed\u00e9m v\u011bt\u0161\u00edm m\u011bst\u011b bylo z\u0159\u00edzeno kontaktn\u00ed pracovi\u0161t\u011b, kam se lid\u00e9 v\u00a0bytov\u00e9 nouzi mohou obr\u00e1tit pro pomoc. Tedy, podle n\u00e1zor\u016f \u010cech\u016f, by m\u011bla ka\u017ed\u00e1 dom\u00e1cnost m\u00edt mo\u017enost bydlet v\u00a0odpov\u00eddaj\u00edc\u00edm byt\u011b.<\/p>\n<p>To ov\u0161em znamen\u00e1, zv\u00fd\u0161it dostupnost bydlen\u00ed, ale tak\u00e9 posilovat pr\u00e1va n\u00e1jemn\u00edk\u016f. A d\u00e1t mo\u017enost t\u011bm n\u00e1jemn\u00edk\u016fm, kte\u0159\u00ed pln\u00ed sv\u00e9 povinnosti, z\u00edsk\u00e1vat od majitele postupn\u011b dlouhodob\u011bj\u0161\u00ed n\u00e1jmy na byt, v n\u011bm\u017e roky bydl\u00ed.<\/p>\n<p>Lid\u00e9 tak\u00e9 cht\u011bj\u00ed ve velk\u00e9 v\u011bt\u0161in\u011b pos\u00edlit institut dru\u017estevn\u00ed bydlen\u00ed.<\/p>\n<p>T\u00e9m\u011b\u0159 dv\u011b t\u0159etiny (62 %) dot\u00e1zan\u00fdch si mysl\u00ed, \u017ee by Romov\u00e9 m\u011bli dostat \u0161anci na bydlen\u00ed tak, aby nebyli p\u0159edm\u011btem obchodu s\u00a0chudobou. Na druh\u00e9 stran\u011b si ov\u0161em ve\u0159ejnost nep\u0159eje p\u0159id\u011blovat soci\u00e1ln\u00ed byty nezam\u011bstnan\u00fdm, Ukrajinc\u016fm a Rom\u016fm\u2026<\/p>\n<p><a href=\"https:\/\/vasevec.info\/komentare\/jiri-paroubek-bydleni-je-zakladni-lidske-pravo\">Ji\u0159\u00ed Paroubek<\/a><\/p>\n<p><img decoding=\"async\" loading=\"lazy\" class=\"alignnone size-medium wp-image-2342\" src=\"http:\/\/www.infokuryr.cz\/n\/wp-content\/uploads\/2021\/06\/paroubek-300x208.jpg\" alt=\"\" width=\"300\" height=\"208\" srcset=\"https:\/\/www.infokuryr.cz\/n\/wp-content\/uploads\/2021\/06\/paroubek-300x208.jpg 300w, https:\/\/www.infokuryr.cz\/n\/wp-content\/uploads\/2021\/06\/paroubek.jpg 318w\" sizes=\"(max-width: 300px) 100vw, 300px\" \/><\/p>\n<p>&nbsp;<\/p>\n","protected":false},"excerpt":{"rendered":"<p>Na soci\u00e1ln\u00edch s\u00edt\u00edch se objevil rozs\u00e1hl\u00fd pr\u016fzkum ve\u0159ejn\u00e9ho m\u00edn\u011bn\u00ed, kter\u00e9 zpracovala v\u00fdzkumn\u00e1 agentura PPM FACTUM&#8230;<\/p>\n","protected":false},"author":2,"featured_media":23136,"comment_status":"closed","ping_status":"closed","sticky":false,"template":"","format":"standard","meta":[],"categories":[6],"tags":[632,2245,1503],"_links":{"self":[{"href":"https:\/\/www.infokuryr.cz\/n\/wp-json\/wp\/v2\/posts\/61697"}],"collection":[{"href":"https:\/\/www.infokuryr.cz\/n\/wp-json\/wp\/v2\/posts"}],"about":[{"href":"https:\/\/www.infokuryr.cz\/n\/wp-json\/wp\/v2\/types\/post"}],"author":[{"embeddable":true,"href":"https:\/\/www.infokuryr.cz\/n\/wp-json\/wp\/v2\/users\/2"}],"replies":[{"embeddable":true,"href":"https:\/\/www.infokuryr.cz\/n\/wp-json\/wp\/v2\/comments?post=61697"}],"version-history":[{"count":0,"href":"https:\/\/www.infokuryr.cz\/n\/wp-json\/wp\/v2\/posts\/61697\/revisions"}],"wp:featuredmedia":[{"embeddable":true,"href":"https:\/\/www.infokuryr.cz\/n\/wp-json\/wp\/v2\/media\/23136"}],"wp:attachment":[{"href":"https:\/\/www.infokuryr.cz\/n\/wp-json\/wp\/v2\/media?parent=61697"}],"wp:term":[{"taxonomy":"category","embeddable":true,"href":"https:\/\/www.infokuryr.cz\/n\/wp-json\/wp\/v2\/categories?post=61697"},{"taxonomy":"post_tag","embeddable":true,"href":"https:\/\/www.infokuryr.cz\/n\/wp-json\/wp\/v2\/tags?post=61697"}],"curies":[{"name":"wp","href":"https:\/\/api.w.org\/{rel}","templated":true}]}}