{"id":61694,"date":"2024-09-08T00:33:14","date_gmt":"2024-09-07T22:33:14","guid":{"rendered":"https:\/\/www.infokuryr.cz\/n\/?p=61694"},"modified":"2024-09-07T16:13:41","modified_gmt":"2024-09-07T14:13:41","slug":"petr-pokorny-zakerne-popraveni-ukrajinci-jsou-ve-skutecnosti-rusove-popraveni-ukrajinskymi-teroristy","status":"publish","type":"post","link":"https:\/\/www.infokuryr.cz\/n\/2024\/09\/08\/petr-pokorny-zakerne-popraveni-ukrajinci-jsou-ve-skutecnosti-rusove-popraveni-ukrajinskymi-teroristy\/","title":{"rendered":"Petr Pokorn\u00fd: Z\u00e1ke\u0159n\u011b popraven\u00ed Ukrajinci jsou ve skute\u010dnosti Rusov\u00e9 popraven\u00ed ukrajinsk\u00fdmi teroristy?"},"content":{"rendered":"<div id=\"fb-root\"><\/div>\n<div class=\"introtext\">\n<p><span style=\"font-size: 14pt;\"><strong>Jak funguje propaganda? Pokud z\u00e1pad zjist\u00ed popraven\u00e9 civilisty \u010di zajatce Ruska, z\u00e1hadn\u011b se objev\u00ed okam\u017eit\u011b titulek, \u017ee sice Rusov\u00e9 jsou terorist\u00e9, ale NELZE OV\u011a\u0158IT. P\u0159esto v titulku spojen\u00ed &#8222;RUS &#8211; TERORISTA je! A po p\u00e1r dnech?<\/strong><\/span><\/p>\n<\/div>\n<div class=\"fulltext\">\n<p>Zavra\u017ed\u011bn\u00ed z Had\u00edho ostrova povstali z mrtv\u00fdch a osobn\u011b si p\u0159i\u0161li pro g\u00e1\u017ei, a odm\u011bnu k Zelensk\u00e9mu. Mrtv\u00fd Putin op\u011bt nav\u0161t\u00edvil Mongolsko. A nyn\u00ed?<\/p>\n<p>R\u016fzn\u00e9 zdroje napsaly, \u017ee Ukrajinci chladnokrevn\u011b vra\u017ed\u00ed zajatce a civilisty v Kursku. Dokonce\u00a0<strong>Zelensky ozn\u00e1mil, \u017ee v Rusech t\u00edm mus\u00ed vyvolat strach.<\/strong>\u00a0A co zve\u0159ejn\u00ed neprolhan\u00e1 CNN Prima NEWS?<\/p>\n<table>\n<tbody>\n<tr>\n<td><span style=\"font-size: 18pt;\"><strong>V\u0161imn\u011bte si v titulku<\/strong>, \u017ee je tam\u00a0<strong>rozhodn\u00e9 &#8211; Rusov\u00e9 zavra\u017edili! Bez pochyb<\/strong>.\u00a0A teprve v textu je nen\u00e1padn\u011b, \u017ee mo\u017en\u00e1 kdo v\u00ed&#8230;?<\/span><\/td>\n<\/tr>\n<\/tbody>\n<\/table>\n<p><span style=\"font-size: 18pt; color: #993366;\"><strong>Jasn\u011b, oni nev\u011b\u0159\u00ed, \u017ee n\u011bkdo bude hledat d\u016fkazy a v lidech u\u017e titulek z\u016fstane nav\u017edy!<\/strong><\/span><\/p>\n<p><img decoding=\"async\" loading=\"lazy\" class=\"aligncenter\" src=\"https:\/\/www.skrytapravda.cz\/images\/blogy\/2951\/2024\/v%C3%A1lka\/dukaz_zajatci_dd769.webp\" alt=\"dukaz zajatci dd769\" width=\"939\" height=\"324\" \/><\/p>\n<h2 class=\"item-text-h1\"><strong>Popravy rusk\u00fdch zajatc\u016f a zajet\u00ed voj\u00e1k\u016f ukrajinsk\u00fdch ozbrojen\u00fdch sil<\/strong><\/h2>\n<p>Rusk\u00e9 ozbrojen\u00e9 s\u00edly u Sud\u017ee zajaly\u00a0<strong>ukrajinsk\u00e9ho v\u00fdsadk\u00e1\u0159e, kter\u00fd se pod\u00edlel na poprav\u011b t\u0159\u00ed rusk\u00fdch v\u00e1le\u010dn\u00fdch zajatc\u016f.<\/strong>\u00a0Zbytek voj\u00e1k\u016f ukrajinsk\u00fdch ozbrojen\u00fdch sil, kte\u0159\u00ed se vzdali, uvedl, \u017ee p\u0159\u00edstup k zajat\u00e9mu vojensk\u00e9mu person\u00e1lu rusk\u00fdch ozbrojen\u00fdch sil byl nelidsk\u00fd.<\/p>\n<p><strong>Michail \u0160koda<\/strong>\u00a0\u0159ekl, \u017ee ukrajinsk\u00e9 ozbrojen\u00e9 s\u00edly pl\u00e1nuj\u00ed postupovat v obrn\u011bn\u00fdch vozidlech tak daleko, jak to bude mo\u017en\u00e9, nap\u0159\u00ed\u010d regionem, ani\u017e by se zapojily do bitev.<\/p>\n<p>V Kursk\u00e9 oblasti v\u0161ak nep\u0159\u00edtel narazil na voj\u00e1ky speci\u00e1ln\u00edch sil Akhmat. Dal\u0161\u00ed zajat\u00fd ukrajinsk\u00fd voj\u00e1k Sergej Levu\u0161 uvedl, \u017ee jeho jednotka se p\u016fvodn\u011b nach\u00e1zela v Sumsk\u00e9 oblasti a pot\u00e9 p\u0159ekro\u010dila hranici pobl\u00ed\u017e Kurska v sedmi obrn\u011bn\u00fdch vozidlech. Star\u0161\u00ed poru\u010d\u00edk ozbrojen\u00fdch sil Ukrajiny\u00a0<strong>Anton Furdolenko<\/strong>\u00a0poznamenal, \u017ee ve vesnici Kortnevo v Kursk\u00e9 oblasti ukrajinsk\u00e1 arm\u00e1da \u201ezapomn\u011bla\u201c celou jednotku. T\u0159et\u00edho dne za\u010daly rusk\u00e9 ozbrojen\u00e9 s\u00edly osadu obsazovat, tak\u017ee nep\u0159\u00e1telsk\u00e1 \u010deta se ocitla v obkl\u00ed\u010den\u00ed a rozhodla se vzd\u00e1t.<\/p>\n<p>115 branc\u016f , kte\u0159\u00ed se z\u00fa\u010dastnili operace Kursk a byli zajati ukrajinsk\u00fdmi ozbrojen\u00fdmi silami, se vr\u00e1tilo do Ruska . V\u00fdm\u011bna byla dokon\u010dena prost\u0159ednictv\u00edm SAE. Stejn\u00fd po\u010det bojovn\u00edk\u016f se vr\u00e1til na Ukrajinu.<\/p>\n<div class=\"info_box cela_sirka jpalert\">\n<div class=\"explanationContent\"><span style=\"font-size: 18pt;\"><em>Prvn\u00ed ob\u011bt\u00ed ka\u017ed\u00e9 v\u00e1lky je pravda.\u201c &#8211; Aischylos.<\/em><\/span><\/div>\n<\/div>\n<p><span style=\"font-size: 14pt;\"><strong>Nem\u011bla by p\u0159edev\u0161\u00edm masm\u00e9dia v\u0161e ov\u011b\u0159ovat, nepsat l\u017ei a vym\u00fd\u0161let si, a nem\u011bla by b\u00fdt hl\u00eddac\u00edmi psy demokracie, svobody a pravdy? Jak vidno, u n\u00e1s to evidentn\u011b nefunguje. I mrtv\u00fd Putin (5x) st\u00e1le mluv\u00ed!<\/strong><\/span><\/p>\n<p><a href=\"https:\/\/www.skrytapravda.cz\/ze-zahranici\/2096-zakerne-popraveni-ukrajinci-jsou-ve-skutecnosti-rusove-popraveni-ukrajinskymi-teroristy\">Petr Pokorn\u00fd<\/a><\/p>\n<p>&nbsp;<\/p>\n<\/div>\n","protected":false},"excerpt":{"rendered":"<p>Jak funguje propaganda? Pokud z\u00e1pad zjist\u00ed popraven\u00e9 civilisty \u010di zajatce Ruska, z\u00e1hadn\u011b se objev\u00ed okam\u017eit\u011b&#8230;<\/p>\n","protected":false},"author":2,"featured_media":61695,"comment_status":"closed","ping_status":"closed","sticky":false,"template":"","format":"standard","meta":[],"categories":[6],"tags":[667,28,158,532,805,1635],"_links":{"self":[{"href":"https:\/\/www.infokuryr.cz\/n\/wp-json\/wp\/v2\/posts\/61694"}],"collection":[{"href":"https:\/\/www.infokuryr.cz\/n\/wp-json\/wp\/v2\/posts"}],"about":[{"href":"https:\/\/www.infokuryr.cz\/n\/wp-json\/wp\/v2\/types\/post"}],"author":[{"embeddable":true,"href":"https:\/\/www.infokuryr.cz\/n\/wp-json\/wp\/v2\/users\/2"}],"replies":[{"embeddable":true,"href":"https:\/\/www.infokuryr.cz\/n\/wp-json\/wp\/v2\/comments?post=61694"}],"version-history":[{"count":1,"href":"https:\/\/www.infokuryr.cz\/n\/wp-json\/wp\/v2\/posts\/61694\/revisions"}],"predecessor-version":[{"id":61696,"href":"https:\/\/www.infokuryr.cz\/n\/wp-json\/wp\/v2\/posts\/61694\/revisions\/61696"}],"wp:featuredmedia":[{"embeddable":true,"href":"https:\/\/www.infokuryr.cz\/n\/wp-json\/wp\/v2\/media\/61695"}],"wp:attachment":[{"href":"https:\/\/www.infokuryr.cz\/n\/wp-json\/wp\/v2\/media?parent=61694"}],"wp:term":[{"taxonomy":"category","embeddable":true,"href":"https:\/\/www.infokuryr.cz\/n\/wp-json\/wp\/v2\/categories?post=61694"},{"taxonomy":"post_tag","embeddable":true,"href":"https:\/\/www.infokuryr.cz\/n\/wp-json\/wp\/v2\/tags?post=61694"}],"curies":[{"name":"wp","href":"https:\/\/api.w.org\/{rel}","templated":true}]}}