{"id":61635,"date":"2024-09-07T00:36:56","date_gmt":"2024-09-06T22:36:56","guid":{"rendered":"https:\/\/www.infokuryr.cz\/n\/?p=61635"},"modified":"2024-09-06T12:53:57","modified_gmt":"2024-09-06T10:53:57","slug":"znate-kvalitnejsi-dvojici-do-krajskych-voleb-nez-turkova-a-foldyna","status":"publish","type":"post","link":"https:\/\/www.infokuryr.cz\/n\/2024\/09\/07\/znate-kvalitnejsi-dvojici-do-krajskych-voleb-nez-turkova-a-foldyna\/","title":{"rendered":"Zn\u00e1te kvalitn\u011bj\u0161\u00ed dvojici do krajsk\u00fdch voleb ne\u017e Turkov\u00e1 a Foldyna?"},"content":{"rendered":"<div id=\"fb-root\"><\/div>\n<div class=\"introtext\">\n<p><span style=\"font-size: 14pt;\"><strong>A v\u0161imli jste si, jak je ur\u00e1\u017e\u00ed krajsk\u00e1 \u010d\u00e1st P\u011btidestrukce, o kter\u00e9 nesly\u0161\u00edte nic jin\u00e9ho, ne\u017e slova &#8222;v\u00edtejme migranty a chceme dluhy elektrik\u00e1\u0159e Stanjury&#8220;? Ne! My nechceme &#8222;migranty a dluhy&#8220;, Fialo a Raku\u0161ane!<\/strong><\/span><\/p>\n<\/div>\n<div class=\"fulltext\">\n<ol>\n<li>Na prvn\u00edm m\u00edst\u011b kandiduje \u00fa\u017easn\u00fd pan\u00a0<strong>Foldyna.<\/strong><\/li>\n<li>Na \u0161edes\u00e1t\u00e9m m\u00edst\u011b kandiduje skv\u011bl\u00e1\u00a0<strong>ekonomka Ivana Turkov\u00e1<\/strong>, kter\u00e9 parta vl\u00e1dn\u00ed P\u011btidestrukce zak\u00e1zala vstup do masm\u00e9di\u00ed ovl\u00e1dan\u00fdch BIS Koudelkou a Raku\u0161anem, aby nemohla obh\u00e1jit ekonomick\u00e9 n\u00e1zory! (<em>Kdyby ale kandidovala pod Fialou, byla by ministryn\u00ed financ\u00ed, skute\u010dnou odbornost narozd\u00edl od elektrik\u00e1\u0159e Stanjury m\u00e1!<\/em>)<\/li>\n<\/ol>\n<table>\n<tbody>\n<tr>\n<td><strong>Jardu Foldynu (SPD<\/strong>)\u00a0snad ani p\u0159edstavovat nemus\u00edme: srdca\u0159, skv\u011bl\u00fd chlap, kter\u00fd se neboj\u00ed bojovat za lidi, zat\u00edmco\u00a0<strong>v\u016fdci P\u011btidestrukce se dmou p\u00fdchou, jak p\u0159ij\u00edmaj\u00ed migranty a dal\u0161\u00ed dluhy<\/strong>!<\/td>\n<\/tr>\n<\/tbody>\n<\/table>\n<p><strong>Strana PRO pan\u00ed\u00a0<\/strong><span class=\"x193iq5w xeuugli x13faqbe x1vvkbs x1xmvt09 x1lliihq x1s928wv xhkezso x1gmr53x x1cpjm7i x1fgarty x1943h6x xudqn12 x3x7a5m x6prxxf xvq8zen xo1l8bm xzsf02u x1yc453h\" dir=\"auto\"><span class=\"x1lliihq x6ikm8r x10wlt62 x1n2onr6\"><strong>Ing. Ivany Turkov\u00e9, Ph.D., MBA,\u00a0z<\/strong>astupitelkyn\u011b m\u011bsta Litv\u00ednova, p\u0159edsedkyn\u011b kontroln\u00ed komise, \u010dlenky p\u0159edsednictva a krajsk\u00e9 rady strany PRO,\u00a0<strong>u kter\u00e9 je pokus zlikvidovat ji<\/strong> jako JUDr .Jind\u0159icha Rajchla stranou ODS a dal\u0161\u00edmi Dozimetry a kampeli\u010dkami\u00a0<strong>si dala tuto kandid\u00e1tku na posledn\u00ed, \u0161edes\u00e1t\u00e9 m\u00edsto,\u00a0proto\u017ee je f\u00e9rov\u00e9, aby voli\u010di SPD jako parlamentn\u00ed strana m\u011bli p\u0159ednost.<\/strong><\/span><\/span><\/p>\n<h2><strong>A vid\u00edte, (uprost\u0159ed) \u017ee si strana PRO ani prvn\u00ed \u010dty\u0159i m\u00edsta nen\u00e1rokovala, proto\u017ee takto se hraje mezi p\u0159\u00e1teli f\u00e9r!<\/strong><\/h2>\n<p><img decoding=\"async\" class=\"aligncenter\" src=\"https:\/\/www.skrytapravda.cz\/images\/blogy\/805\/2024\/volby\/Sn%C3%ADmek_obrazovky_12519-1_f6eb4.webp\" alt=\"Sn\u00edmek obrazovky 12519 1 f6eb4\" \/><\/p>\n<p>Tak\u017ee chcete-li m\u00edt v \u010dele kraje skv\u011blou dvojici <strong>Foldyna &#8211; Turkov\u00e1<\/strong>, mus\u00edte vhodit do urny l\u00edstek \u010d\u00edslo\u00a0<strong>&#8222;7&#8220;<\/strong>, kde Jarda Foldyna je automaticky na prvn\u00edm m\u00edst\u011b a k n\u011bmu zakrou\u017ekovat pan\u00ed Ivanu Turkovou. Nebo rad\u011bji zakrou\u017ekovat oba a k nim dal\u0161\u00ed dva.<\/p>\n<p>(Pokud vhazujete l\u00edstek &#8222;7&#8220;, automaticky se na\u010d\u00edtaj\u00ed prvn\u00ed \u010dty\u0159i kandid\u00e1ti napsan\u00ed na l\u00edstku. Tak\u017ee ekonomku Ivanu Turkovou, kter\u00e9 je vl\u00e1dn\u00edmi stranami \u0161ikanov\u00e1na, perzekuov\u00e1na a likvidov\u00e1na, mus\u00ed b\u00fdt krou\u017ekov\u00e1n\u00edm k Jardovi Foldynovi p\u0159i\u0159azena. )<\/p>\n<p><span style=\"font-size: 18pt;\"><strong>Zn\u00e1te v n\u011bkter\u00e9m kraji lep\u0161\u00ed kandid\u00e1ty pro lidi, ne\u017e je v \u00dasteck\u00e9m Jarda Foldyna a Ivana Turkov\u00e1?<\/strong><\/span><\/p>\n<p><strong>V\u00e1\u017een\u00ed voli\u010di, nevolte dle instrukc\u00ed \u010cesk\u00e9 televize, CNN Prima NEWS a Seznamu, \u010di dle zmanipulovan\u00fdch pr\u016fzkum\u016f,\u00a0 ale volte skute\u010dn\u011b ty, kte\u0159\u00ed pro v\u00e1s pracuj\u00ed, nekradou va\u0161e pen\u00edze , nevyhro\u017euj\u00ed v\u00e1m, a m\u00e1te je r\u00e1di. Jinak se nikam nepohneme!<\/strong><\/p>\n<p><img decoding=\"async\" class=\"aligncenter\" src=\"https:\/\/www.skrytapravda.cz\/images\/blogy\/805\/2024\/volby\/Sn%C3%ADmek_obrazovky_12518_83619.webp\" alt=\"Sn\u00edmek obrazovky 12518 83619\" \/><\/p>\n<p>&nbsp;<\/p>\n<div class=\"clauthor\">\n<div id=\"article_author\"><a href=\"https:\/\/www.skrytapravda.cz\/z-domova\/2094-znate-kvalitnejsi-dvojici-do-krajskych-voleb-nez-turkova-a-foldyna\">Petr Pokorn\u00fd<\/a><\/div>\n<div>\n<a href=\"https:\/\/stranapro.cz\/\"><img decoding=\"async\" loading=\"lazy\" class=\"wp-image-40286 aligncenter\" src=\"http:\/\/www.infokuryr.cz\/n\/wp-content\/uploads\/2023\/11\/12pro-300x87.png\" alt=\"\" width=\"845\" height=\"245\" srcset=\"https:\/\/www.infokuryr.cz\/n\/wp-content\/uploads\/2023\/11\/12pro-300x87.png 300w, https:\/\/www.infokuryr.cz\/n\/wp-content\/uploads\/2023\/11\/12pro.png 366w\" sizes=\"(max-width: 845px) 100vw, 845px\" \/><\/a><\/p>\n<\/div>\n<\/div>\n<\/div>\n","protected":false},"excerpt":{"rendered":"<p>A v\u0161imli jste si, jak je ur\u00e1\u017e\u00ed krajsk\u00e1 \u010d\u00e1st P\u011btidestrukce, o kter\u00e9 nesly\u0161\u00edte nic jin\u00e9ho,&#8230;<\/p>\n","protected":false},"author":2,"featured_media":61636,"comment_status":"closed","ping_status":"closed","sticky":false,"template":"","format":"standard","meta":[],"categories":[6],"tags":[6965,1125,27],"_links":{"self":[{"href":"https:\/\/www.infokuryr.cz\/n\/wp-json\/wp\/v2\/posts\/61635"}],"collection":[{"href":"https:\/\/www.infokuryr.cz\/n\/wp-json\/wp\/v2\/posts"}],"about":[{"href":"https:\/\/www.infokuryr.cz\/n\/wp-json\/wp\/v2\/types\/post"}],"author":[{"embeddable":true,"href":"https:\/\/www.infokuryr.cz\/n\/wp-json\/wp\/v2\/users\/2"}],"replies":[{"embeddable":true,"href":"https:\/\/www.infokuryr.cz\/n\/wp-json\/wp\/v2\/comments?post=61635"}],"version-history":[{"count":1,"href":"https:\/\/www.infokuryr.cz\/n\/wp-json\/wp\/v2\/posts\/61635\/revisions"}],"predecessor-version":[{"id":61637,"href":"https:\/\/www.infokuryr.cz\/n\/wp-json\/wp\/v2\/posts\/61635\/revisions\/61637"}],"wp:featuredmedia":[{"embeddable":true,"href":"https:\/\/www.infokuryr.cz\/n\/wp-json\/wp\/v2\/media\/61636"}],"wp:attachment":[{"href":"https:\/\/www.infokuryr.cz\/n\/wp-json\/wp\/v2\/media?parent=61635"}],"wp:term":[{"taxonomy":"category","embeddable":true,"href":"https:\/\/www.infokuryr.cz\/n\/wp-json\/wp\/v2\/categories?post=61635"},{"taxonomy":"post_tag","embeddable":true,"href":"https:\/\/www.infokuryr.cz\/n\/wp-json\/wp\/v2\/tags?post=61635"}],"curies":[{"name":"wp","href":"https:\/\/api.w.org\/{rel}","templated":true}]}}