{"id":61625,"date":"2024-09-07T00:41:41","date_gmt":"2024-09-06T22:41:41","guid":{"rendered":"https:\/\/www.infokuryr.cz\/n\/?p=61625"},"modified":"2024-09-06T12:10:07","modified_gmt":"2024-09-06T10:10:07","slug":"kansas-zaluje-spolecnost-pfizer-za-lhani-o-vakcine-covid-19","status":"publish","type":"post","link":"https:\/\/www.infokuryr.cz\/n\/2024\/09\/07\/kansas-zaluje-spolecnost-pfizer-za-lhani-o-vakcine-covid-19\/","title":{"rendered":"Kansas \u017ealuje spole\u010dnost Pfizer za lhan\u00ed o vakc\u00edn\u011b COVID-19"},"content":{"rendered":"<div id=\"fb-root\"><\/div>\n<p><strong>Americk\u00fd st\u00e1t Kansas za\u017ealoval spole\u010dnost Pfizer. Spole\u010dnost je obvin\u011bna z klam\u00e1n\u00ed ve\u0159ejnosti ohledn\u011b sv\u00e9 vakc\u00edny COVID-19 t\u00edm, \u017ee zatajuje rizika a uv\u00e1d\u00ed nepravdiv\u00e1 tvrzen\u00ed o jej\u00ed \u00fa\u010dinnosti. Podle st\u00e1tu je to nez\u00e1konn\u00e9.<\/strong><\/p>\n<p><span>\u201eSpole\u010dnost Pfizer u\u010dinila n\u011bkolik zav\u00e1d\u011bj\u00edc\u00edch tvrzen\u00ed, jejich\u017e c\u00edlem bylo uv\u00e9st ve\u0159ejnost v omyl ohledn\u011b sv\u00e9 vakc\u00edny,\u201c uvedl v prohl\u00e1\u0161en\u00ed gener\u00e1ln\u00ed prokur\u00e1tor Kansasu Kris Kobach.<\/span><\/p>\n<p><span>Dodal, \u017ee kr\u00e1tce po uveden\u00ed vakc\u00edny v roce 2021 spole\u010dnost Pfizer zatajila d\u016fkazy, \u017ee vakc\u00edna souvis\u00ed s t\u011bhotensk\u00fdmi komplikacemi, v\u010detn\u011b potratu a z\u00e1n\u011btu srdce a jeho okol\u00ed, zn\u00e1m\u00e9ho jako myokarditida a perikarditida.<\/span><\/p>\n<figure class=\"wp-block-embed is-type-video is-provider-youtube wp-block-embed-youtube wp-embed-aspect-16-9 wp-has-aspect-ratio\">\n<div class=\"wp-block-embed__wrapper\"><iframe loading=\"lazy\" title=\"Kansas \u017dALUJE PFIZERA za lhan\u00ed o \u00fa\u010dinnosti vakc\u00edny C19\" src=\"https:\/\/www.youtube.com\/embed\/wCGR9n184uI?feature=oembed\" width=\"800\" height=\"450\" frameborder=\"0\" allowfullscreen=\"allowfullscreen\" data-mce-fragment=\"1\"><\/iframe><\/div>\n<\/figure>\n<p><span>V roce 2021 americk\u00fd \u00da\u0159ad pro kontrolu potravin a l\u00e9\u010div (FDA) p\u0159idal myokarditidu a perikarditidu jako vedlej\u0161\u00ed \u00fa\u010dinky do p\u0159\u00edbalov\u00fdch let\u00e1k\u016f k vakc\u00edn\u00e1m Pfizer a Moderna.<\/span><\/p>\n<p><span>Spole\u010dnost Pfizer tvrd\u00ed, \u017ee jej\u00ed tvrzen\u00ed o vakc\u00edn\u00e1ch jsou \u201ezalo\u017een\u00e1 na v\u011bdeck\u00fdch d\u016fkazech\u201c.<\/span><\/p>\n<p><span>Kansas tak\u00e9 uvedl, \u017ee spole\u010dnost Pfizer nepravdiv\u011b tvrdila, \u017ee jej\u00ed vakc\u00edna je \u00fa\u010dinn\u00e1 proti mutovan\u00fdm variant\u00e1m a chr\u00e1n\u00ed p\u0159ed nemocemi a p\u0159enosem.<\/span><\/p>\n<div class=\"twitter-tweet twitter-tweet-rendered\"><iframe id=\"twitter-widget-0\" class=\"\" title=\"X Post\" src=\"https:\/\/platform.twitter.com\/embed\/Tweet.html?dnt=false&amp;embedId=twitter-widget-0&amp;features=eyJ0ZndfdGltZWxpbmVfbGlzdCI6eyJidWNrZXQiOltdLCJ2ZXJzaW9uIjpudWxsfSwidGZ3X2ZvbGxvd2VyX2NvdW50X3N1bnNldCI6eyJidWNrZXQiOnRydWUsInZlcnNpb24iOm51bGx9LCJ0ZndfdHdlZXRfZWRpdF9iYWNrZW5kIjp7ImJ1Y2tldCI6Im9uIiwidmVyc2lvbiI6bnVsbH0sInRmd19yZWZzcmNfc2Vzc2lvbiI6eyJidWNrZXQiOiJvbiIsInZlcnNpb24iOm51bGx9LCJ0ZndfZm9zbnJfc29mdF9pbnRlcnZlbnRpb25zX2VuYWJsZWQiOnsiYnVja2V0Ijoib24iLCJ2ZXJzaW9uIjpudWxsfSwidGZ3X21peGVkX21lZGlhXzE1ODk3Ijp7ImJ1Y2tldCI6InRyZWF0bWVudCIsInZlcnNpb24iOm51bGx9LCJ0ZndfZXhwZXJpbWVudHNfY29va2llX2V4cGlyYXRpb24iOnsiYnVja2V0IjoxMjA5NjAwLCJ2ZXJzaW9uIjpudWxsfSwidGZ3X3Nob3dfYmlyZHdhdGNoX3Bpdm90c19lbmFibGVkIjp7ImJ1Y2tldCI6Im9uIiwidmVyc2lvbiI6bnVsbH0sInRmd19kdXBsaWNhdGVfc2NyaWJlc190b19zZXR0aW5ncyI6eyJidWNrZXQiOiJvbiIsInZlcnNpb24iOm51bGx9LCJ0ZndfdXNlX3Byb2ZpbGVfaW1hZ2Vfc2hhcGVfZW5hYmxlZCI6eyJidWNrZXQiOiJvbiIsInZlcnNpb24iOm51bGx9LCJ0ZndfdmlkZW9faGxzX2R5bmFtaWNfbWFuaWZlc3RzXzE1MDgyIjp7ImJ1Y2tldCI6InRydWVfYml0cmF0ZSIsInZlcnNpb24iOm51bGx9LCJ0ZndfbGVnYWN5X3RpbWVsaW5lX3N1bnNldCI6eyJidWNrZXQiOnRydWUsInZlcnNpb24iOm51bGx9LCJ0ZndfdHdlZXRfZWRpdF9mcm9udGVuZCI6eyJidWNrZXQiOiJvbiIsInZlcnNpb24iOm51bGx9fQ%3D%3D&amp;frame=false&amp;hideCard=false&amp;hideThread=false&amp;id=1830484536381120794&amp;lang=cs&amp;origin=https%3A%2F%2Funcutnews.ch%2Fkansas-verklagt-pfizer-wegen-luegen-ueber-covid-19-impfstoff%2F&amp;sessionId=646cc93549e5480c8df59ffdbbccec533926e28a&amp;theme=light&amp;widgetsVersion=2615f7e52b7e0%3A1702314776716&amp;width=550px\" frameborder=\"0\" scrolling=\"no\" allowfullscreen=\"allowfullscreen\" data-tweet-id=\"1830484536381120794\" data-mce-fragment=\"1\"><\/iframe><\/div>\n<p><span>Celkem p\u011bt st\u00e1t\u016f \u2013 Texas, Utah, Kansas, Mississippi a Louisiana \u2013 za\u017ealovalo Pfizer. To je deset procent st\u00e1t\u016f USA. P\u0159\u00edliv se obrac\u00ed,\u201c \u0159ekl Robert F. Kennedy Jr., \u010dlen p\u0159echodov\u00e9ho t\u00fdmu Donalda Trumpa.<\/span><\/p>\n<p><span>P\u0159\u00edpad Kansasu by mohl m\u00edt dominov\u00fd efekt, pokud by se uk\u00e1zalo, \u017ee Pfizer byl skute\u010dn\u011b klamn\u00fd.<\/span><\/p>\n<p><iframe loading=\"lazy\" class=\"scribd_iframe_embed\" tabindex=\"0\" title=\"2024-06-15-pfizer-complaint-(002)\" src=\"https:\/\/www.scribd.com\/embeds\/742938457\/content?start_page=1&amp;view_mode=scroll&amp;access_key=key-47UtZe7gq2wqkgODsSsp\" width=\"100%\" height=\"600\" frameborder=\"0\" scrolling=\"no\" data-auto-height=\"true\" data-aspect-ratio=\"0.7729220222793488\" data-mce-fragment=\"1\"><\/iframe><\/p>\n<p><a title=\"Zobrazit 2024-06-15-pfizer-complaint-(002) na Scribd\" href=\"https:\/\/www.scribd.com\/document\/742938457\/2024-06-15-pfizer-complaint-002#from_embed\"><span>2024-06-15-pfizer-complaint\u2026<\/span><\/a><span>\u00a0od\u00a0<\/span><a title=\"Zobrazit profil u\u017eivatele Jamie White na Scribd\" href=\"https:\/\/www.scribd.com\/user\/441970656\/Jamie-White#from_embed\"><span>Jamieho Whitea<\/span><\/a><\/p>\n<p>&nbsp;<\/p>\n","protected":false},"excerpt":{"rendered":"<p>Americk\u00fd st\u00e1t Kansas za\u017ealoval spole\u010dnost Pfizer. Spole\u010dnost je obvin\u011bna z klam\u00e1n\u00ed ve\u0159ejnosti ohledn\u011b sv\u00e9 vakc\u00edny&#8230;<\/p>\n","protected":false},"author":2,"featured_media":8800,"comment_status":"closed","ping_status":"closed","sticky":false,"template":"","format":"standard","meta":[],"categories":[7],"tags":[315,37,651,422],"_links":{"self":[{"href":"https:\/\/www.infokuryr.cz\/n\/wp-json\/wp\/v2\/posts\/61625"}],"collection":[{"href":"https:\/\/www.infokuryr.cz\/n\/wp-json\/wp\/v2\/posts"}],"about":[{"href":"https:\/\/www.infokuryr.cz\/n\/wp-json\/wp\/v2\/types\/post"}],"author":[{"embeddable":true,"href":"https:\/\/www.infokuryr.cz\/n\/wp-json\/wp\/v2\/users\/2"}],"replies":[{"embeddable":true,"href":"https:\/\/www.infokuryr.cz\/n\/wp-json\/wp\/v2\/comments?post=61625"}],"version-history":[{"count":0,"href":"https:\/\/www.infokuryr.cz\/n\/wp-json\/wp\/v2\/posts\/61625\/revisions"}],"wp:featuredmedia":[{"embeddable":true,"href":"https:\/\/www.infokuryr.cz\/n\/wp-json\/wp\/v2\/media\/8800"}],"wp:attachment":[{"href":"https:\/\/www.infokuryr.cz\/n\/wp-json\/wp\/v2\/media?parent=61625"}],"wp:term":[{"taxonomy":"category","embeddable":true,"href":"https:\/\/www.infokuryr.cz\/n\/wp-json\/wp\/v2\/categories?post=61625"},{"taxonomy":"post_tag","embeddable":true,"href":"https:\/\/www.infokuryr.cz\/n\/wp-json\/wp\/v2\/tags?post=61625"}],"curies":[{"name":"wp","href":"https:\/\/api.w.org\/{rel}","templated":true}]}}