{"id":61624,"date":"2024-09-07T00:40:47","date_gmt":"2024-09-06T22:40:47","guid":{"rendered":"https:\/\/www.infokuryr.cz\/n\/?p=61624"},"modified":"2024-09-06T11:37:25","modified_gmt":"2024-09-06T09:37:25","slug":"frank-bergman-velka-studie-objevila-vypinac-pro-vakciny-covid-mrna","status":"publish","type":"post","link":"https:\/\/www.infokuryr.cz\/n\/2024\/09\/07\/frank-bergman-velka-studie-objevila-vypinac-pro-vakciny-covid-mrna\/","title":{"rendered":"Frank Bergman: Velk\u00e1 studie objevila \u201evyp\u00edna\u010d\u201c pro vakc\u00edny Covid mRNA"},"content":{"rendered":"<div id=\"fb-root\"><\/div>\n<div class=\"elementor-element elementor-element-1fb4c2c elementor-widget elementor-widget-theme-post-content\" data-id=\"1fb4c2c\" data-element_type=\"widget\" data-widget_type=\"theme-post-content.default\">\n<div class=\"elementor-widget-container\">\n<p><strong>Skupina p\u0159edn\u00edch l\u00e9ka\u0159sk\u00fdch expert\u016f a p\u0159edn\u00edch v\u011bdeck\u00fdch v\u00fdzkumn\u00edk\u016f ozn\u00e1mila v\u00fdznamn\u00fd pr\u016flom pot\u00e9, co pr\u016flomov\u00e1 studie objevila \u201evyp\u00edna\u010d\u201c pro Covid mRNA injekce.<\/strong><\/p>\n<p><span>Historick\u00fd objev, kter\u00fd d\u00e1v\u00e1 nad\u011bji miliard\u00e1m\u00a0<\/span><a href=\"https:\/\/www.nytimes.com\/interactive\/2021\/world\/covid-vaccinations-tracker.html\" target=\"_blank\" rel=\"noreferrer noopener\"><span>lid\u00ed<\/span><\/a><span>\u00a0na cel\u00e9m sv\u011bt\u011b, kte\u0159\u00ed byli nao\u010dkov\u00e1ni \u201evakc\u00ednami\u201c, byl odhalen v ned\u00e1vno\u00a0<\/span><a href=\"https:\/\/osf.io\/preprints\/osf\/qxbgu\" target=\"_blank\" rel=\"noreferrer noopener\"><span>zve\u0159ejn\u011bn\u00e9 p\u0159edtiskov\u00e9 studii<\/span><\/a><span>\u00a0.<\/span><\/p>\n<p><span>Na rozd\u00edl od p\u016fvodn\u00edho tvrzen\u00ed, \u017ee \u201evakc\u00edna\u201c z\u016fst\u00e1v\u00e1 v pa\u017ei, \u0161\u00ed\u0159\u00ed se po cel\u00e9m t\u011ble.<\/span><\/p>\n<p><span>\u0160\u00ed\u0159en\u00ed mRNA z v\u00fdst\u0159el\u016f vyvol\u00e1v\u00e1 v\u00e1\u017en\u00e9 obavy o bezpe\u010dnost mezi p\u0159edn\u00edmi odborn\u00edky.<\/span><\/p>\n<p><span>\u0160pi\u010dkov\u00fd protein spou\u0161t\u011bn\u00fd mRNA z v\u00fdst\u0159el\u016f byl\u00a0spojen s n\u011bkolika\u00a0<\/span><a href=\"https:\/\/slaynews.com\/news\/top-oncologist-raises-alarm-every-new-cancer-patient-under-45\/\" target=\"_blank\" rel=\"noreferrer noopener\"><span>smrteln\u00fdmi nemocemi<\/span><\/a><span>\u00a0a\u00a0<\/span><a href=\"https:\/\/slaynews.com\/news\/harvard-study-covid-shots-cause-sudden-deaths-strokes\/\" target=\"_blank\" rel=\"noreferrer noopener\"><span>n\u00e1hlou smrt\u00ed .<\/span><\/a><\/p>\n<p><span>P\u0159edpokl\u00e1d\u00e1 se, \u017ee z\u00e1b\u011bry mRNA jsou zodpov\u011bdn\u00e9 za zvy\u0161uj\u00edc\u00ed se p\u0159\u00edpady\u00a0<\/span><a href=\"https:\/\/slaynews.com\/news\/renowned-pathologist-raises-alarm-runaway-turbo-cancers-among-vaxxed\/\" target=\"_blank\" rel=\"noreferrer noopener\"><span>rakoviny turba<\/span><\/a><span>\u00a0,\u00a0<\/span><a href=\"https:\/\/slaynews.com\/news\/covid-shots-are-sole-cause-of-soaring-child-heart-failure-top-study-confirms\/\" target=\"_blank\" rel=\"noreferrer noopener\"><span>srde\u010dn\u00edho selh\u00e1n\u00ed<\/span><\/a><span>\u00a0,\u00a0<\/span><a href=\"https:\/\/slaynews.com\/news\/harvard-study-covid-shots-cause-sudden-deaths-strokes\/\" target=\"_blank\" rel=\"noreferrer noopener\"><span>mrtvice<\/span><\/a><span>\u00a0,\u00a0<\/span><a href=\"https:\/\/slaynews.com\/news\/top-cardiologist-drops-bombshell-covid-shots-caused-112000-spike-brain-clots\/\" target=\"_blank\" rel=\"noreferrer noopener\"><span>krevn\u00edch sra\u017eenin<\/span><\/a><span>\u00a0a\u00a0<\/span><a href=\"https:\/\/slaynews.com\/news\/25-vaxxed-have-vaids-top-scientists-warn\/\" target=\"_blank\" rel=\"noreferrer noopener\"><span>po\u0161kozen\u00ed imunitn\u00edho syst\u00e9mu<\/span><\/a><span>\u00a0.<\/span><\/p>\n<p><span>Tento p\u0159evratn\u00fd objev v\u0161ak d\u00e1v\u00e1 nad\u011bji asi\u00a0<\/span><a href=\"https:\/\/ourworldindata.org\/grapher\/people-vaccinated-covid\" target=\"_blank\" rel=\"noreferrer noopener\"><span>5,5 miliard\u00e1m lid\u00ed<\/span><\/a><span>\u00a0\u201einaktivovat\u201c to, co vkl\u00e1daj\u00ed do sv\u00e9ho t\u011bla.<\/span><\/p>\n<p><span>Novou\u00a0<\/span><a href=\"https:\/\/osf.io\/preprints\/osf\/qxbgu\" target=\"_blank\" rel=\"noreferrer noopener\"><span>studii<\/span><\/a><span>\u00a0provedl renomovan\u00fd americk\u00fd kardiolog Dr. Re\u017e\u00edroval Peter McCullough.<\/span><\/p>\n<p><span>McCullough a jeho t\u00fdm p\u0159edstavili nov\u00fd p\u0159\u00edstup, kter\u00fd vyu\u017e\u00edv\u00e1 malou interferuj\u00edc\u00ed messenger RNA (siRNA) a ribonukle\u00e1zu c\u00edl\u00edc\u00ed chim\u00e9ry (RIBOTAC) k nav\u00e1z\u00e1n\u00ed a inaktivaci mRNA t\u011bchto vakc\u00edn.<\/span><\/p>\n<p><span>Tento proces umo\u017e\u0148uje t\u011blu odstranit mRNA z injekc\u00ed.<\/span><\/p>\n<p><span>\u201eTyto mal\u00e9 interferuj\u00edc\u00ed RNA ji\u017e v praxi pou\u017e\u00edv\u00e1me,\u201c vysv\u011btluje McCullough.<\/span><\/p>\n<p><span>&#8222;Jeden se jmenuje Patisiran, druh\u00fd je Inclisiran.&#8220;<\/span><\/p>\n<p><span>\u201ePou\u017e\u00edv\u00e1m je ve sv\u00e9 praxi.<\/span><\/p>\n<p><span>\u201eV t\u011ble vydr\u017e\u00ed jen p\u00e1r dn\u00ed.<\/span><\/p>\n<p><span>&#8222;V\u00e1\u017eou messenger RNA a inaktivuj\u00ed ji.&#8220;<\/span><\/p>\n<p><span>&#8222;Dlouhov\u011bkost zapouzd\u0159en\u00e9 mRNA a neomezen\u00e1 produkce \u0161kodliv\u00e9ho a potenci\u00e1ln\u011b smrteln\u00e9ho Spike (S) proteinu vy\u017eaduje strategie ke zm\u00edrn\u011bn\u00ed mo\u017en\u00fdch negativn\u00edch \u00fa\u010dink\u016f,&#8220; uv\u00e1d\u00ed shrnut\u00ed studie.<\/span><\/p>\n<p><span>\u0158e\u0161en\u00ed, kter\u00e9 Dr. McCullough navrhuje c\u00edlenou degradaci zb\u00fdvaj\u00edc\u00ed mRNA vakc\u00edny.<\/span><\/p>\n<p><span>To by mohlo zabr\u00e1nit nekontrolovan\u00e9 produkci spike protein\u016f a sn\u00ed\u017eit toxicitu.<\/span><\/p>\n<p><span>Nal\u00e9havost \u201evypnout\u201c je je\u0161t\u011b v\u011bt\u0161\u00ed vzhledem k ned\u00e1vn\u00e9mu schv\u00e1len\u00ed mRNA vakc\u00edn spole\u010dnosti Moderna proti respira\u010dn\u00edmu syncyci\u00e1ln\u00edmu viru a ch\u0159ipce.<\/span><\/p>\n<p><span>McCullough varuje:<\/span><\/p>\n<p><span>&#8222;Bez zp\u016fsobu, jak vypnout messenger RNA, o\u010dek\u00e1v\u00e1me, \u017ee ka\u017ed\u00e1 jednotliv\u00e1 injekce messenger RNA, proto\u017ee je vyrobena synteticky a nem\u016f\u017ee b\u00fdt rozlo\u017eena v lidsk\u00e9m t\u011ble, bude postupn\u011b zp\u016fsobovat nemoci.<\/span><\/p>\n<p><span>&#8222;Mus\u00edme naj\u00edt zp\u016fsob, jak je odstranit z t\u011bla.&#8220;<\/span><\/p>\n<p><span>\u201eDouf\u00e1me, \u017ee to n\u011bkter\u00e9 spole\u010dnosti zab\u00fdvaj\u00edc\u00ed se molekul\u00e1rn\u00edmi technologiemi zachyt\u00ed a zv\u00e1\u017e\u00ed to.<\/span><\/p>\n<p><span>&#8222;K tomu pot\u0159ebujeme vyp\u00edna\u010d.&#8220;<\/span><\/p>\n<p><span>Pr\u016flom p\u0159ich\u00e1z\u00ed, kdy\u017e se mno\u017e\u00ed d\u016fkazy, \u017ee injekce Covid zp\u016fsobuj\u00ed smrteln\u00e9 nemoci.<\/span><\/p>\n<p><span>Jak uvedl Slay News, McCullough ned\u00e1vno zazn\u011bl na poplach pot\u00e9, co odhalil p\u0159evratn\u00e1 data ukazuj\u00edc\u00ed, \u017ee injekce mRNA Covid zp\u016fsobily ohromuj\u00edc\u00ed 112 000 procent n\u00e1r\u016fst mozkov\u00fdch sra\u017eenin.<\/span><\/p>\n<p><span>V ned\u00e1vno zve\u0159ejn\u011bn\u00e9 studii analyzoval t\u00fdm odborn\u00edk\u016f pod veden\u00edm McCullougha v\u0161echny zpr\u00e1vy o mozkov\u00e9 tromboembolii za posledn\u00edch 34 let.<\/span><\/p>\n<p><span>Podle Johns Hopkins Medicine doch\u00e1z\u00ed k mozkov\u00e9 tromboembolii, kdy\u017e se v \u017eil\u00e1ch mozku vytvo\u0159\u00ed krevn\u00ed sra\u017eenina.<\/span><\/p>\n<p><span>To znamen\u00e1, \u017ee krev ji\u017e nem\u016f\u017ee odt\u00e9kat z mozku.<\/span><\/p>\n<p><span>Tento \u0159et\u011bzec ud\u00e1lost\u00ed je sou\u010d\u00e1st\u00ed mrtvice, kter\u00e1 m\u016f\u017ee po\u0161kodit mozek a centr\u00e1ln\u00ed nervov\u00fd syst\u00e9m a v\u00e9st k n\u00e1hl\u00e9 smrti.<\/span><\/p>\n<p><span>Toto je zn\u00e1m\u00fd vedlej\u0161\u00ed \u00fa\u010dinek injekc\u00ed mRNA Covid.<\/span><\/p>\n<p><span>Studie identifikovala 5 137 p\u0159\u00edpad\u016f cerebr\u00e1ln\u00edho tromboembolismu hl\u00e1\u0161en\u00fdch b\u011bhem t\u0159\u00ed let, kdy byly k dispozici injekce mRNA Covid.<\/span><\/p>\n<p><span>Za cel\u00fdch 34 let, pro kter\u00e9 jsou k dispozici \u00fadaje, v\u0161ak bylo hl\u00e1\u0161eno pouze 52 cerebr\u00e1ln\u00edch tromboembolick\u00fdch onemocn\u011bn\u00ed souvisej\u00edc\u00edch s vakc\u00ednami proti ch\u0159ipce.<\/span><\/p>\n<p><span>Podle t\u011bchto \u00fadaj\u016f je po\u010det mozkov\u00fdch tromboemboli\u00ed u injekc\u00ed Covid 1120kr\u00e1t vy\u0161\u0161\u00ed ne\u017e u o\u010dkov\u00e1n\u00ed proti ch\u0159ipce.<\/span><\/p>\n<p><span>To p\u0159edstavuje n\u00e1r\u016fst o 111 795 %.<\/span><\/p>\n<\/div>\n<\/div>\n<div class=\"elementor-element elementor-element-8c57238 quelle dc-has-condition dc-condition-empty elementor-widget elementor-widget-heading\" data-id=\"8c57238\" data-element_type=\"widget\" data-widget_type=\"heading.default\">\n<div class=\"elementor-widget-container\">\n<h3 class=\"elementor-heading-title elementor-size-default\"><span style=\"font-size: 10pt;\"><a href=\"https:\/\/slaynews.com\/news\/major-study-discovers-off-switch-covid-mrna-shots\/\" target=\"_blank\" rel=\"nofollow noopener\">Zdroj<\/a><\/span><\/h3>\n<p>&nbsp;<\/p>\n<\/div>\n<\/div>\n","protected":false},"excerpt":{"rendered":"<p>Skupina p\u0159edn\u00edch l\u00e9ka\u0159sk\u00fdch expert\u016f a p\u0159edn\u00edch v\u011bdeck\u00fdch v\u00fdzkumn\u00edk\u016f ozn\u00e1mila v\u00fdznamn\u00fd pr\u016flom pot\u00e9, co pr\u016flomov\u00e1 studie&#8230;<\/p>\n","protected":false},"author":2,"featured_media":5619,"comment_status":"closed","ping_status":"closed","sticky":false,"template":"","format":"standard","meta":[],"categories":[7],"tags":[23,694,839,651],"_links":{"self":[{"href":"https:\/\/www.infokuryr.cz\/n\/wp-json\/wp\/v2\/posts\/61624"}],"collection":[{"href":"https:\/\/www.infokuryr.cz\/n\/wp-json\/wp\/v2\/posts"}],"about":[{"href":"https:\/\/www.infokuryr.cz\/n\/wp-json\/wp\/v2\/types\/post"}],"author":[{"embeddable":true,"href":"https:\/\/www.infokuryr.cz\/n\/wp-json\/wp\/v2\/users\/2"}],"replies":[{"embeddable":true,"href":"https:\/\/www.infokuryr.cz\/n\/wp-json\/wp\/v2\/comments?post=61624"}],"version-history":[{"count":0,"href":"https:\/\/www.infokuryr.cz\/n\/wp-json\/wp\/v2\/posts\/61624\/revisions"}],"wp:featuredmedia":[{"embeddable":true,"href":"https:\/\/www.infokuryr.cz\/n\/wp-json\/wp\/v2\/media\/5619"}],"wp:attachment":[{"href":"https:\/\/www.infokuryr.cz\/n\/wp-json\/wp\/v2\/media?parent=61624"}],"wp:term":[{"taxonomy":"category","embeddable":true,"href":"https:\/\/www.infokuryr.cz\/n\/wp-json\/wp\/v2\/categories?post=61624"},{"taxonomy":"post_tag","embeddable":true,"href":"https:\/\/www.infokuryr.cz\/n\/wp-json\/wp\/v2\/tags?post=61624"}],"curies":[{"name":"wp","href":"https:\/\/api.w.org\/{rel}","templated":true}]}}