{"id":61623,"date":"2024-09-07T00:38:03","date_gmt":"2024-09-06T22:38:03","guid":{"rendered":"https:\/\/www.infokuryr.cz\/n\/?p=61623"},"modified":"2024-09-06T11:33:52","modified_gmt":"2024-09-06T09:33:52","slug":"medvedev-pokud-usa-dodaji-kyjevu-zbrane-dlouheho-doletu-muze-okupovana-naraznikova-zona-sahat-az-do-polska","status":"publish","type":"post","link":"https:\/\/www.infokuryr.cz\/n\/2024\/09\/07\/medvedev-pokud-usa-dodaji-kyjevu-zbrane-dlouheho-doletu-muze-okupovana-naraznikova-zona-sahat-az-do-polska\/","title":{"rendered":"Medved\u011bv: Pokud USA dodaj\u00ed Kyjevu zbran\u011b dlouh\u00e9ho doletu, m\u016f\u017ee okupovan\u00e1 n\u00e1razn\u00edkov\u00e1 z\u00f3na sahat a\u017e do Polska"},"content":{"rendered":"<div id=\"fb-root\"><\/div>\n<div class=\"elementor-element elementor-element-1fb4c2c elementor-widget elementor-widget-theme-post-content\" data-id=\"1fb4c2c\" data-element_type=\"widget\" data-widget_type=\"theme-post-content.default\">\n<div class=\"elementor-widget-container\">\n<p><strong>Kreml pr\u00e1v\u011b pohrozil dobyt\u00edm a p\u0159\u00edmou okupac\u00ed prakticky cel\u00e9 Ukrajiny, \u010d\u00edm\u017e roz\u0161\u00ed\u0159\u00ed hlavn\u00ed d\u011bji\u0161t\u011b v\u00e1lky daleko za Donbas na v\u00fdchod\u011b. Toto varov\u00e1n\u00ed je nam\u00ed\u0159eno na Washington a NATO, proto\u017ee prezident Biden zva\u017euje povolen\u00ed americk\u00fdch zbran\u00ed pro \u00fadery na dlouh\u00e9 vzd\u00e1lenosti hluboko na rusk\u00e9 \u00fazem\u00ed.<\/strong><\/p>\n<p><span>Obnoven\u00e9 varov\u00e1n\u00ed p\u0159i\u0161lo od m\u00edstop\u0159edsedy rusk\u00e9 Rady bezpe\u010dnosti Dmitrije Medved\u011bva, kter\u00e9mu nen\u00ed ciz\u00ed d\u011blat p\u0159ekotn\u00e1 a extr\u00e9mn\u011b v\u00fdhru\u017en\u00e1 prohl\u00e1\u0161en\u00ed. Na tiskov\u00e9 konferenci s korespondenty TASS vysv\u011btlil, \u017ee budouc\u00ed trval\u00e9 n\u00e1razn\u00edkov\u00e9 p\u00e1smo pod\u00e9l ji\u017en\u00ed hranice Ruska s Ukrajinou je z\u00e1sadn\u00ed pro odrazen\u00ed od p\u0159eshrani\u010dn\u00edho ost\u0159elov\u00e1n\u00ed a \u00fatok\u016f.<\/span><\/p>\n<p><span>Pokud v\u0161ak Z\u00e1pad dod\u00e1 Kyjevu rakety del\u0161\u00edho doletu a umo\u017en\u00ed jejich pou\u017eit\u00ed na rusk\u00e9 p\u016fd\u011b, rusk\u00e1 arm\u00e1da by roz\u0161\u00ed\u0159ila navrhovanou n\u00e1razn\u00edkovou z\u00f3nu do Polska, \u0159ekl. Agentura Reuters tento t\u00fdden uvedla, \u017ee se Bidenova administrativa p\u0159ibli\u017euje k povolov\u00e1n\u00ed raket dlouh\u00e9ho doletu, kter\u00e9 prosazuje Zelensk\u00e9ho administrativa.<\/span><\/p>\n<p><span>\u201eSamoz\u0159ejm\u011b, do budoucna mus\u00edme vytvo\u0159it n\u00e1razn\u00edkovou z\u00f3nu, abychom zajistili, \u017ee nic nenapadne. Jak velk\u00e9 to bude, nen\u00ed jist\u00e9, ale m\u011blo by to sta\u010dit,\u201c za\u010dal sv\u00e9 st\u0159ede\u010dn\u00ed pozn\u00e1mky.<\/span><\/p>\n<p><span>Medved\u011bv s odkazem na Ukrajince dodal: \u201ePokud cht\u011bj\u00ed z\u00edskat prost\u0159edky pro \u00fatoky dlouh\u00e9ho doletu, jako jsou \u0159\u00edzen\u00e9 st\u0159ely a balistick\u00e9 st\u0159ely, pak by se tato n\u00e1razn\u00edkov\u00e1 z\u00f3na m\u011bla roz\u0161\u00ed\u0159it a\u017e do Polska.<\/span><\/p>\n<p><strong>TASS v t\u00e9to souvislosti vysv\u011btluje:<\/strong><\/p>\n<p><em><span>Rusk\u00fd prezident Vladimir Putin 13. \u010dervna na setk\u00e1n\u00ed s frontov\u00fdmi korespondenty \u0159ekl, \u017ee Rusko by mohlo zv\u00e1\u017eit vytvo\u0159en\u00ed n\u00e1razn\u00edkov\u00e9 z\u00f3ny na \u00fazem\u00ed Ukrajiny, pokud by bombardov\u00e1n\u00ed jej\u00edch region\u016f pokra\u010dovalo.<\/span><\/em><\/p>\n<p><em><span>Na plen\u00e1rn\u00edm zased\u00e1n\u00ed Petrohradsk\u00e9ho mezin\u00e1rodn\u00edho ekonomick\u00e9ho f\u00f3ra (SPIEF) 16. \u010dervna se Putin touto ot\u00e1zkou znovu zab\u00fdval. \u0158ekl, \u017ee Rusko zv\u00e1\u017e\u00ed vytvo\u0159en\u00ed \u201en\u00e1razn\u00edkov\u00e9 z\u00f3ny\u201c na ukrajinsk\u00e9m \u00fazem\u00ed, pokud budou \u00fatoky z rusk\u00e9 strany pokra\u010dovat.<\/span><\/em><\/p>\n<p><span>Medved\u011bv v podstat\u011b popisoval mo\u017enost vytvo\u0159it Ukrajinu jako n\u00e1razn\u00edkovou z\u00f3nu proti cel\u00e9mu NATO, zejm\u00e9na proti zemi na v\u00fdchodn\u00edm k\u0159\u00eddle, Polsku, kter\u00e9 ned\u00e1vno zv\u00fd\u0161ilo sv\u00e9 v\u00fddaje na obranu.<\/span><\/p>\n<p><span>V prvn\u00edch m\u011bs\u00edc\u00edch invaze, kter\u00e1 za\u010dala v \u00fanoru 2022, postoupily rusk\u00e9 jednotky v demonstraci s\u00edly a\u017e ke Kyjevu, ale podle mnoha zpr\u00e1v se to uk\u00e1zalo jako masivn\u00ed logistick\u00e1 v\u00fdzva \u2013 a Rusko se st\u00e1hlo p\u0159edev\u0161\u00edm proto, aby chr\u00e1nilo oblasti v Donbasu, aby zajistit tam, kde nyn\u00ed le\u017e\u00ed p\u0159edn\u00ed linie.<\/span><\/p>\n<p><span>Zda by se Rusku skute\u010dn\u011b poda\u0159ilo okupovat celou Ukrajinu, je jin\u00e1 v\u011bc, ale Medved\u011bv\u016fv z\u00e1m\u011br je jasn\u00fd vyslat zpr\u00e1vu o masivn\u00ed eskalaci, pokud B\u00edl\u00fd d\u016fm povol\u00ed zbran\u011b dlouh\u00e9ho doletu.<\/span><\/p>\n<p><span>Rusk\u00fd ministr zahrani\u010d\u00ed Sergej Lavrov je\u0161t\u011b t\u00e9ho\u017e dne varoval: \u201eUSA ji\u017e p\u0159ekro\u010dily pr\u00e1h, kter\u00fd si stanovily. Jsou podn\u011bcov\u00e1ni a [ukrajinsk\u00fd prezident] Zelenskyj to samoz\u0159ejm\u011b vid\u00ed a vyu\u017e\u00edv\u00e1 toho. Ti, kte\u0159\u00ed si d\u011blaj\u00ed legraci z na\u0161ich \u010derven\u00fdch \u010dar, by si s na\u0161imi \u010derven\u00fdmi \u010darami nem\u011bli zahr\u00e1vat. P\u0159esn\u011b v\u011bd\u00ed, co maj\u00ed na mysli,\u201c citoval ho Sputnik.<\/span><\/p>\n<\/div>\n<\/div>\n<div class=\"elementor-element elementor-element-8c57238 quelle dc-has-condition dc-condition-empty elementor-widget elementor-widget-heading\" data-id=\"8c57238\" data-element_type=\"widget\" data-widget_type=\"heading.default\">\n<div class=\"elementor-widget-container\">\n<h3 class=\"elementor-heading-title elementor-size-default\"><span style=\"font-size: 10pt;\"><a href=\"https:\/\/www.zerohedge.com\/geopolitical\/if-us-gives-long-range-weapons-kiev-occupied-buffer-zone-may-reach-poland-medvedev\" target=\"_blank\" rel=\"nofollow noopener\">Zdroj<\/a><\/span><\/h3>\n<p>&nbsp;<\/p>\n<\/div>\n<\/div>\n","protected":false},"excerpt":{"rendered":"<p>Kreml pr\u00e1v\u011b pohrozil dobyt\u00edm a p\u0159\u00edmou okupac\u00ed prakticky cel\u00e9 Ukrajiny, \u010d\u00edm\u017e roz\u0161\u00ed\u0159\u00ed hlavn\u00ed d\u011bji\u0161t\u011b v\u00e1lky&#8230;<\/p>\n","protected":false},"author":2,"featured_media":11938,"comment_status":"closed","ping_status":"closed","sticky":false,"template":"","format":"standard","meta":[],"categories":[7],"tags":[214,31,349,1402],"_links":{"self":[{"href":"https:\/\/www.infokuryr.cz\/n\/wp-json\/wp\/v2\/posts\/61623"}],"collection":[{"href":"https:\/\/www.infokuryr.cz\/n\/wp-json\/wp\/v2\/posts"}],"about":[{"href":"https:\/\/www.infokuryr.cz\/n\/wp-json\/wp\/v2\/types\/post"}],"author":[{"embeddable":true,"href":"https:\/\/www.infokuryr.cz\/n\/wp-json\/wp\/v2\/users\/2"}],"replies":[{"embeddable":true,"href":"https:\/\/www.infokuryr.cz\/n\/wp-json\/wp\/v2\/comments?post=61623"}],"version-history":[{"count":0,"href":"https:\/\/www.infokuryr.cz\/n\/wp-json\/wp\/v2\/posts\/61623\/revisions"}],"wp:featuredmedia":[{"embeddable":true,"href":"https:\/\/www.infokuryr.cz\/n\/wp-json\/wp\/v2\/media\/11938"}],"wp:attachment":[{"href":"https:\/\/www.infokuryr.cz\/n\/wp-json\/wp\/v2\/media?parent=61623"}],"wp:term":[{"taxonomy":"category","embeddable":true,"href":"https:\/\/www.infokuryr.cz\/n\/wp-json\/wp\/v2\/categories?post=61623"},{"taxonomy":"post_tag","embeddable":true,"href":"https:\/\/www.infokuryr.cz\/n\/wp-json\/wp\/v2\/tags?post=61623"}],"curies":[{"name":"wp","href":"https:\/\/api.w.org\/{rel}","templated":true}]}}