{"id":61621,"date":"2024-09-07T00:39:05","date_gmt":"2024-09-06T22:39:05","guid":{"rendered":"https:\/\/www.infokuryr.cz\/n\/?p=61621"},"modified":"2024-09-06T11:34:23","modified_gmt":"2024-09-06T09:34:23","slug":"nepritel-uvnitr-netanjahu-celi-dosud-nejvetsi-hrozbe-ze-strany-rozzurene-izraelske-verejnosti","status":"publish","type":"post","link":"https:\/\/www.infokuryr.cz\/n\/2024\/09\/07\/nepritel-uvnitr-netanjahu-celi-dosud-nejvetsi-hrozbe-ze-strany-rozzurene-izraelske-verejnosti\/","title":{"rendered":"Nep\u0159\u00edtel uvnit\u0159&#8230; Netanjahu \u010del\u00ed dosud nejv\u011bt\u0161\u00ed hrozb\u011b ze strany rozzu\u0159en\u00e9 izraelsk\u00e9 ve\u0159ejnosti"},"content":{"rendered":"<div id=\"fb-root\"><\/div>\n<p><span style=\"font-size: 18pt;\"><strong>N\u00e1lada izraelsk\u00e9 ve\u0159ejnosti se po nalezen\u00ed \u0161esti mrtv\u00fdch rukojm\u00edch rozhodn\u011b obrac\u00ed proti vl\u00e1d\u011b Benjamina Netanjahua.<\/strong><\/span><\/p>\n<p>N\u00e1lada izraelsk\u00e9 ve\u0159ejnosti se po nalezen\u00ed \u0161esti mrtv\u00fdch rukojm\u00edch rozhodn\u011b obrac\u00ed proti vl\u00e1d\u011b Benjamina Netanjahua.<\/p>\n<p>Izrael tvrd\u00ed, \u017ee rukojm\u00ed byli zast\u0159eleni ve stylu popravy bojovn\u00edky Hamasu, kdy\u017e se jejich jednotky uzav\u0159ely, aby je zachr\u00e1nily. Hamas tvrd\u00ed, \u017ee byli zabiti izraelsk\u00fdm bombardov\u00e1n\u00edm. Izraelsk\u00e1 m\u00e9dia uv\u00e1d\u011bj\u00ed, \u017ee pitvy ukazuj\u00ed kulky. Ale vzhledem k p\u0159\u00edvalu l\u017e\u00ed vynesen\u00fdch izraelsk\u00fdmi \u00fa\u0159ady o n\u00e1sil\u00ed v Gaze se \u010dlov\u011bk mo\u017en\u00e1 nikdy nedozv\u00ed.<\/p>\n<p>Pro izraelskou ve\u0159ejnost se zd\u00e1, \u017ee na t\u011bchto ponur\u00fdch detailech nyn\u00ed nez\u00e1le\u017e\u00ed. Hn\u011bv je zp\u016fsoben t\u00edm, \u017ee rukojm\u00ed mohli b\u00fdt u\u0161et\u0159eni, kdyby se Netanjahu zapojil do jedn\u00e1n\u00ed o p\u0159\u00edm\u011b\u0159\u00ed s c\u00edlem up\u0159ednostnit z\u00e1chranu zajatc\u016f.<\/p>\n<p>Po 11 m\u011bs\u00edc\u00edch genocidn\u00ed v\u00e1lky v Gaze a na Z\u00e1padn\u00edm b\u0159ehu Jord\u00e1nu dos\u00e1hlo izraelsk\u00e9 rozho\u0159\u010den\u00ed nad t\u00edm, \u017ee se Netanjahuovi nepoda\u0159ilo dostat rukojm\u00ed dom\u016f, bodu varu.<\/p>\n<p>O v\u00edkendu Tel Aviv a dal\u0161\u00ed m\u011bsta za\u017eily nejv\u011bt\u0161\u00ed protesty proti Netanjahuov\u011b nekompromisn\u00ed politice \u201epora\u017een\u00ed Ham\u00e1su\u201c. Nejv\u011bt\u0161\u00ed odborov\u00fd svaz v zemi vyzval ke gener\u00e1ln\u00ed st\u00e1vce s c\u00edlem vynutit si okam\u017eit\u00e9 p\u0159\u00edm\u011b\u0159\u00ed s c\u00edlem zajistit propu\u0161t\u011bn\u00ed t\u00e9m\u011b\u0159 100 rukojm\u00edch.<\/p>\n<p>&#8222;Nam\u00edsto dohody o p\u0159\u00edm\u011b\u0159\u00ed dost\u00e1v\u00e1me pytle na t\u011bla,&#8220; \u0159ekl Arnon Bar-David, \u0161\u00e9f izraelsk\u00e9ho odborov\u00e9ho svazu Histadrut, kdy\u017e v ned\u011bli a\u017e 500 000 demonstrant\u016f uzav\u0159elo dopravn\u00ed trasy do Tel Avivu a dal\u0161\u00edch m\u011bst.<\/p>\n<p>Soukrom\u00e9 podniky a ve\u0159ejn\u00e9 slu\u017eby tak\u00e9 vyjad\u0159uj\u00ed podporu celost\u00e1tn\u00edmu odchodu. Izraelsk\u00e1 ekonomika je na pokraji kolapsu z t\u00e9m\u011b\u0159 rok trvaj\u00edc\u00ed v\u00e1lky v Gaze a sousedn\u00edch zem\u00edch.<\/p>\n<p>Rozzloben\u00e9 rodiny rukojm\u00edch a velk\u00e9 hnut\u00ed ve\u0159ejn\u00e9 podpory obvinily Netanjahua, \u017ee \u201ehraje ruskou ruletu\u201c se \u017eivoty t\u011bch, kter\u00e9 v Gaze dr\u017e\u00ed v zajet\u00ed palestinsk\u00fd odpor Ham\u00e1s.<\/p>\n<p>Ve\u0159ejnou zu\u0159ivost zvy\u0161uj\u00ed zpr\u00e1vy, \u017ee \u0161est posledn\u00edch rukojm\u00edch mohlo b\u00fdt propu\u0161t\u011bno p\u0159ed t\u00fddny, pokud by Netanjahu p\u0159ijal dohodu o p\u0159\u00edm\u011b\u0159\u00ed, se kterou Hamas souhlasil. Izraelsk\u00fd premi\u00e9r je obvin\u011bn ze sabot\u00e1\u017ee p\u0159\u00edm\u011b\u0159\u00ed zprost\u0159edkovan\u00e9ho Egyptem a Katarem, proto\u017ee trval na zachov\u00e1n\u00ed vojensk\u00e9 kontroly nad egyptsko-gazskou hrani\u010dn\u00ed oblast\u00ed zn\u00e1mou jako Filadelfsk\u00fd koridor.<\/p>\n<p>Kdy\u017e Ham\u00e1s zah\u00e1jil 7. \u0159\u00edjna svou ofenz\u00edvu a zajal asi 250 izraelsk\u00fdch rukojm\u00edch, projevila se \u0161irok\u00e1 ve\u0159ejn\u00e1 podpora pro Netanjahuovu zni\u010duj\u00edc\u00ed odvetu proti Gaze. Izraelsk\u00e1 ve\u0159ejnost je v\u0161ak \u010d\u00edm d\u00e1l v\u00edce roz\u010darovan\u00e1 t\u00edm, \u017ee se Netanjahuovi nepoda\u0159ilo zachr\u00e1nit zajatce, kte\u0159\u00ed jsou dr\u017eeni hluboko v bludi\u0161ti tunel\u016f Ham\u00e1su.<\/p>\n<p>Netanjahuova vyhl\u00e1\u0161en\u00e1 \u201ev\u00e1lka Hamasu\u201c byla katastrofou. T\u00e9m\u011b\u0159 rok neust\u00e1l\u00e9ho bombardov\u00e1n\u00ed, pozemn\u00ed invaze a barbarsk\u00e9ho obl\u00e9h\u00e1n\u00ed 2,3 milion\u016f Gazan\u016f nep\u0159ineslo ani por\u00e1\u017eku Hamasu, ani propu\u0161t\u011bn\u00ed rukojm\u00edch.<\/p>\n<p>Z p\u016fvodn\u011b zajat\u00fdch 250 zajatc\u016f se izraelsk\u00e9 arm\u00e1d\u011b poda\u0159ilo zachr\u00e1nit jen osm sv\u00fdch ob\u010dan\u016f na\u017eivu. P\u0159edpokl\u00e1d\u00e1 se, \u017ee asi 40 bylo zabito nevyb\u00edrav\u00fdmi izraelsk\u00fdmi n\u00e1lety. To je srovnateln\u00e9 s v\u00edce ne\u017e 40 000 zabit\u00fdmi Palestinci \u2013 odhaduje se, \u017ee 70 procent z nich jsou \u017eeny a d\u011bti.<\/p>\n<p>P\u0159edt\u00edm byli t\u0159i izrael\u0161t\u00ed rukojm\u00ed zast\u0159eleni izraelsk\u00fdmi voj\u00e1ky z\u0159ejm\u011b omylem.<\/p>\n<p>P\u0159ibli\u017en\u011b 105 rukojm\u00edch propustil Ham\u00e1s v listopadu v r\u00e1mci vyjednan\u00e9 v\u00fdm\u011bny v\u011bz\u0148\u016f.<\/p>\n<p>V Gaze tak z\u016fst\u00e1v\u00e1 97 Izraelc\u016f st\u00e1le nezv\u011bstn\u00fdch.<\/p>\n<p>Pro izraelskou ve\u0159ejnost je z\u00e1v\u011br: \u017ee jedn\u00e1n\u00ed funguj\u00ed, pokud je prioritou zaji\u0161t\u011bn\u00ed \u017eivot\u016f rukojm\u00edch.<\/p>\n<p>Ham\u00e1s \u0159\u00edk\u00e1, \u017ee v\u0161ichni zajatci budou propu\u0161t\u011bni pod podm\u00ednkou \u00fapln\u00e9ho p\u0159\u00edm\u011b\u0159\u00ed a \u00fapln\u00e9ho sta\u017een\u00ed izraelsk\u00fdch sil z Gazy. Netanjahu se odm\u00edt\u00e1 zav\u00e1zat k definitivn\u00edmu ukon\u010den\u00ed nep\u0159\u00e1telstv\u00ed a chce zachovat bezpe\u010dnostn\u00ed kontrolu nad egyptsko-gazskou hranic\u00ed. Jeho ne\u00fastupnost je evidentn\u011b t\u00edm, kdo poru\u0161uje dohodu.<\/p>\n<p>Americk\u00e1 administrativa prezidenta Joea Bidena tvrd\u00ed, \u017ee prosazuje vyjednan\u00e9 p\u0159\u00edm\u011b\u0159\u00ed. Ale nep\u0159etr\u017eit\u00e9 dod\u00e1vky americk\u00fdch zbran\u00ed do Izraele (50 000 tun od 7. \u0159\u00edjna) a opakovan\u00e9 sliby \u201eneochv\u011bjn\u00e9 podpory\u201c pro \u201esebeobranu Izraele\u201c Bidenem a demokratickou prezidentskou kandid\u00e1tkou Kamalou Harrisovou a tak\u00e9 republik\u00e1nsk\u00fdm rivalem Donaldem Trumpem v\u0161echny znamenaj\u00ed, \u017ee Netanjahu m\u00e1 pocit, \u017ee m\u016f\u017ee v\u00e9st v\u00e1lku beztrestn\u011b. Stru\u010dn\u011b \u0159e\u010deno, Washington je spoluvin\u00edkem p\u0159i vytv\u00e1\u0159en\u00ed a prodlu\u017eov\u00e1n\u00ed krveprolit\u00ed.<\/p>\n<p>Bojovan\u00e9mu Netanjahuovi se v\u0161ak kr\u00e1t\u00ed \u010das. Dokonce i \u010dlenov\u00e9 jeho bezpe\u010dnostn\u00edho kabinetu s tvrdou lini\u00ed jsou znepokojeni nedostatkem \u00fasp\u011bchu p\u0159i v\u00edt\u011bzstv\u00ed v takzvan\u00e9 v\u00e1lce a osvobozen\u00ed rukojm\u00edch. St\u00e1le v\u00edce si uv\u011bdomujeme, \u017ee Netanjahuova posedlost zni\u010dit Ham\u00e1s je marn\u00e1 a ohro\u017euje zb\u00fdvaj\u00edc\u00ed rukojm\u00ed.<\/p>\n<p>Yoav Gallant, tvrd\u00fd ministr obrany, kter\u00fd nechvaln\u011b naz\u00fdval Palestince \u201ezv\u00ed\u0159aty\u201c, se \u00fadajn\u011b st\u0159etl s Netanjahuem v pok\u0159ikov\u00e1n\u00ed.<\/p>\n<p>Gallant obvinil sv\u00e9ho \u0161\u00e9fa, \u017ee sabotov\u00e1n\u00edm jak\u00e9koli dohody o p\u0159\u00edm\u011b\u0159\u00ed ohro\u017euje \u017eivoty zajat\u00fdch Izraelc\u016f. V ned\u011bli \u0159ekl, \u017ee \u201eup\u0159ednost\u0148ov\u00e1n\u00ed koridoru Philadelphi za cenu \u017eivot\u016f rukojm\u00edch je v\u00e1\u017enou mor\u00e1ln\u00ed ostudou\u201c.<\/p>\n<p>Je to zn\u00e1mka toho, jak nev\u00e1zan\u00fd Netanjahu se stal, kdykoli mu samozvan\u00fd genocidn\u00ed Gallant \u0159ekne, \u017ee je \u201emor\u00e1ln\u00ed ostudou\u201c.<\/p>\n<p>Izraelsk\u00e1 ve\u0159ejnost je na\u0161tvan\u00e1 a znechucen\u00e1 p\u0159edstavou, \u017ee Netanjahu vede tuto katastrof\u00e1ln\u00ed v\u00e1lku, ani\u017e by se o \u017eivoty sv\u00fdch ob\u010dan\u016f v\u016fbec staral. Stal se vnit\u0159n\u00edm nep\u0159\u00edtelem.<\/p>\n<p>Masivn\u00ed protesty z tohoto t\u00fddne jsou pova\u017eov\u00e1ny za bod obratu. Zd\u00e1 se, \u017ee dos\u00e1hli kritick\u00e9ho mno\u017estv\u00ed v odhodl\u00e1n\u00ed svrhnout Netanjahu\u016fv re\u017eim. Zp\u011bvy \u201evrah\u201c a \u201ete\u010f p\u0159\u00edm\u011b\u0159\u00ed\u201c narostly na zvu\u010dnou \u00farove\u0148, kter\u00e1 ohro\u017euje jeho sev\u0159en\u00ed moci.<\/p>\n<p>St\u00e1v\u00e1 se nestydat\u011b zjevn\u00fdm, \u017ee Netanjahu prodlu\u017euje genocidu v Gaze a eskaluje ji proti Z\u00e1padn\u00edmu b\u0159ehu za hol\u00fdm \u00fa\u010delem pokusit se z\u016fstat v \u00fa\u0159adu a vyhnout se dlouhotrvaj\u00edc\u00edm p\u0159\u00edpad\u016fm st\u00edh\u00e1n\u00ed za korupci. Za stejn\u00fdm \u00fa\u010delem usiluje o region\u00e1ln\u00ed v\u00e1lku.<\/p>\n<p>Ob\u011btov\u00e1n\u00ed \u017eivot\u016f druh\u00fdch je jedin\u00fd zp\u016fsob, jak si Netanjahu kupuje sv\u00e9 politick\u00e9 p\u0159e\u017eit\u00ed.<\/p>\n<p>Izraelsk\u00e1 ve\u0159ejnost m\u00e1 kone\u010dn\u011b dost \u010f\u00e1belsk\u00e9ho ritu\u00e1lu, ve kter\u00e9m jsou bezcitn\u011b ob\u011btov\u00e1ni jejich vlastn\u00ed lid\u00e9.<\/p>\n<p>Tento t\u00fdden byl Tel Aviv a mezin\u00e1rodn\u00ed leti\u0161t\u011b v Izraeli v oble\u017een\u00ed zu\u0159iv\u00e9ho obyvatelstva. Izraelsk\u00e1 ekonomika ji\u017e byla v\u00e1\u017en\u011b po\u0161kozena obrovsk\u00fdmi n\u00e1klady na vojenskou mobilizaci. Protesty maj\u00ed za c\u00edl zastavit cel\u00fd st\u00e1t, co\u017e by vzhledem k \u017ealostn\u00e9mu stavu ekonomiky nebylo t\u011b\u017ek\u00e9.<\/p>\n<p>Ironi\u00ed je, \u017ee zat\u00edmco Netanjahu a jeho ameri\u010dt\u00ed patroni byli znepokojeni bezprost\u0159edn\u00edm \u00fatokem \u00cdr\u00e1nu nebo Hizball\u00e1hu na Izrael, posledn\u00ed r\u00e1nu pro Netanjahua mohl klidn\u011b zasadit jeho vlastn\u00ed lid.<\/p>\n<div class=\"dk-topic dk-topic_size_m dk-article__topic i-bem dk-topic_js_inited\" data-bem=\"{&quot;dk-topic&quot;:{}}\">\n<div class=\"dk-topic__body\">\n<div class=\"dk-image dk-image_type_cover dk-topic__image i-bem dk-image_js_inited\" data-bem=\"{&quot;dk-image&quot;:{}}\">\n<div class=\"dk-image__wrap\"><\/div>\n<\/div>\n<\/div>\n<\/div>\n<div class=\"dk-article__bar\">\n<div class=\"dk-article__bar-left\">\n<div class=\"dk-article__bar-author-text\"><a href=\"https:\/\/strategic-culture.su\/news\/2024\/09\/03\/the-enemy-within-netanyahu-faces-his-biggest-threat-yet-from-furious-israeli-public\/\"><strong><em>Finian Cunningham<\/em><\/strong><\/a><\/div>\n<\/div>\n<\/div>\n<div><\/div>\n","protected":false},"excerpt":{"rendered":"<p>N\u00e1lada izraelsk\u00e9 ve\u0159ejnosti se po nalezen\u00ed \u0161esti mrtv\u00fdch rukojm\u00edch rozhodn\u011b obrac\u00ed proti vl\u00e1d\u011b Benjamina Netanjahua&#8230;.<\/p>\n","protected":false},"author":2,"featured_media":61622,"comment_status":"closed","ping_status":"closed","sticky":false,"template":"","format":"standard","meta":[],"categories":[7],"tags":[4537,107,1975,95],"_links":{"self":[{"href":"https:\/\/www.infokuryr.cz\/n\/wp-json\/wp\/v2\/posts\/61621"}],"collection":[{"href":"https:\/\/www.infokuryr.cz\/n\/wp-json\/wp\/v2\/posts"}],"about":[{"href":"https:\/\/www.infokuryr.cz\/n\/wp-json\/wp\/v2\/types\/post"}],"author":[{"embeddable":true,"href":"https:\/\/www.infokuryr.cz\/n\/wp-json\/wp\/v2\/users\/2"}],"replies":[{"embeddable":true,"href":"https:\/\/www.infokuryr.cz\/n\/wp-json\/wp\/v2\/comments?post=61621"}],"version-history":[{"count":0,"href":"https:\/\/www.infokuryr.cz\/n\/wp-json\/wp\/v2\/posts\/61621\/revisions"}],"wp:featuredmedia":[{"embeddable":true,"href":"https:\/\/www.infokuryr.cz\/n\/wp-json\/wp\/v2\/media\/61622"}],"wp:attachment":[{"href":"https:\/\/www.infokuryr.cz\/n\/wp-json\/wp\/v2\/media?parent=61621"}],"wp:term":[{"taxonomy":"category","embeddable":true,"href":"https:\/\/www.infokuryr.cz\/n\/wp-json\/wp\/v2\/categories?post=61621"},{"taxonomy":"post_tag","embeddable":true,"href":"https:\/\/www.infokuryr.cz\/n\/wp-json\/wp\/v2\/tags?post=61621"}],"curies":[{"name":"wp","href":"https:\/\/api.w.org\/{rel}","templated":true}]}}