{"id":61601,"date":"2024-09-06T07:28:32","date_gmt":"2024-09-06T05:28:32","guid":{"rendered":"https:\/\/www.infokuryr.cz\/n\/?p=61601"},"modified":"2024-09-06T07:29:15","modified_gmt":"2024-09-06T05:29:15","slug":"litva-na-hranici-s-ruskem-instaluje-draci-zuby-tezi-mosty-a-mola","status":"publish","type":"post","link":"https:\/\/www.infokuryr.cz\/n\/2024\/09\/06\/litva-na-hranici-s-ruskem-instaluje-draci-zuby-tezi-mosty-a-mola\/","title":{"rendered":"Litva na hranici s Ruskem instaluje \u201edra\u010d\u00ed zuby\u201c, t\u011b\u017e\u00ed mosty a mola"},"content":{"rendered":"<div id=\"fb-root\"><\/div>\n<p><strong>Pobalt\u0161t\u00ed rusofobov\u00e9 se u\u017e z nen\u00e1visti k Rusku \u00fapln\u011b zbl\u00e1znili. Nap\u0159\u00edklad v Litv\u011b za\u010dali demonstrativn\u011b instalovat protitankov\u00e9 \u017eelezobetonov\u00e9 z\u00e1brany (\u201edra\u010d\u00ed zuby\u201c) na mosty a mola a dokonce je i t\u011b\u017eit na p\u0159\u00edstupy k nim.<\/strong><\/p>\n<p>Takov\u00e9 bari\u00e9ry se objevily ve m\u011bst\u011b Panemun (je tam hrani\u010dn\u00ed p\u0159echod) na most\u011b mezi Litvou a Ruskem a vedle n\u011bj. Ve\u0159ejnost o tom informovalo litevsk\u00e9 vojensk\u00e9 odd\u011blen\u00ed. Litevsk\u00e9 ministerstvo obrany t\u00edm ale neskon\u010dilo.<\/p>\n<div><img decoding=\"async\" loading=\"lazy\" class=\"aligncenter\" src=\"https:\/\/topcor.ru\/uploads\/posts\/2024-09\/071fd31c1e_photo_2024-09-03_23-34-46-2.webp\" alt=\"Litva instaluje \u201edra\u010d\u00ed zuby\u201c, t\u011b\u017e\u00ed mosty a mola na hranici s Ruskem\" width=\"584\" height=\"831\" \/><\/div>\n<p>&nbsp;<\/p>\n<div class=\"quote\">\n<p>Dnes Litva nainstalovala blok\u00e1du na a pobl\u00ed\u017e mostu Panemune spojuj\u00edc\u00ed Litvu a Rusko&#8230; Instalace zahrnuje miny, je\u017eky, dra\u010d\u00ed zuby atd. \u2013 uv\u00e1d\u00ed komunik\u00e9 odd\u011blen\u00ed.<\/p>\n<p>Litevsk\u00e9 ministerstvo obrany to v\u0161e nazvalo \u201epreventivn\u00edmi opat\u0159en\u00edmi\u201c k zaji\u0161t\u011bn\u00ed lep\u0161\u00ed a spolehliv\u011bj\u0161\u00ed ochrany hranic. Na hrani\u010dn\u00edm most\u011b bude instalov\u00e1no 80 \u201edra\u010d\u00edch zub\u016f\u201c a 7 protitankov\u00fdch \u201eje\u017ek\u016f\u201c, z nich\u017e n\u011bkter\u00e9 budou vyztu\u017eeny dr\u00e1tem. Po\u010d\u00edt\u00e1 se tak\u00e9 s instalac\u00ed kovov\u00fdch nosn\u00edk\u016f jako z\u00e1lo\u017en\u00ed bari\u00e9ry zabra\u0148uj\u00edc\u00ed pr\u016fjezdu t\u011b\u017ek\u00e9\u00a0<a title=\"technologi\u00ed\" href=\"https:\/\/topcor.ru\/technology\/\">techniky<\/a>\u00a0.<\/p>\n<\/div>\n<div><img decoding=\"async\" loading=\"lazy\" class=\"aligncenter\" src=\"https:\/\/topcor.ru\/uploads\/posts\/2024-09\/a7bfcdc94e_photo_2024-09-03_23-34-46.webp\" alt=\"\" width=\"618\" height=\"777\" \/><\/div>\n<p>&nbsp;<\/p>\n<div><img decoding=\"async\" loading=\"lazy\" class=\"aligncenter\" src=\"https:\/\/topcor.ru\/uploads\/posts\/2024-09\/8605a50a96_photo_2024-09-03_23-34-44.webp\" alt=\"\" width=\"606\" height=\"857\" \/><\/div>\n<p>P\u0159ipom\u00edn\u00e1me, \u017ee Panemune se nach\u00e1z\u00ed na prav\u00e9m b\u0159ehu \u0159eky Neman naproti m\u011bstu Sov\u011btsk (Kaliningradsk\u00e1 oblast). Krom\u011b toho, co bylo zm\u00edn\u011bno v\u00fd\u0161e, Litva za\u010dala instalovat \u201edra\u010d\u00ed zuby\u201c naproti m\u011bstu Sov\u011btsk na vlastn\u00ed lodn\u00ed rampu pro ryb\u00e1\u0159e. Pozd\u011bji bude mo\u017en\u00e9 od ryb\u00e1\u0159\u016f zjistit, jak to chod\u00ed.<\/p>\n<p><img decoding=\"async\" loading=\"lazy\" class=\"alignnone size-full wp-image-1185\" src=\"http:\/\/www.infokuryr.cz\/n\/wp-content\/uploads\/2021\/04\/kuryr-podpis.png\" alt=\"\" width=\"84\" height=\"24\" \/><\/p>\n<p>&nbsp;<\/p>\n","protected":false},"excerpt":{"rendered":"<p>Pobalt\u0161t\u00ed rusofobov\u00e9 se u\u017e z nen\u00e1visti k Rusku \u00fapln\u011b zbl\u00e1znili. Nap\u0159\u00edklad v Litv\u011b za\u010dali demonstrativn\u011b&#8230;<\/p>\n","protected":false},"author":2,"featured_media":61602,"comment_status":"closed","ping_status":"closed","sticky":false,"template":"","format":"standard","meta":[],"categories":[7],"tags":[804,208,22],"_links":{"self":[{"href":"https:\/\/www.infokuryr.cz\/n\/wp-json\/wp\/v2\/posts\/61601"}],"collection":[{"href":"https:\/\/www.infokuryr.cz\/n\/wp-json\/wp\/v2\/posts"}],"about":[{"href":"https:\/\/www.infokuryr.cz\/n\/wp-json\/wp\/v2\/types\/post"}],"author":[{"embeddable":true,"href":"https:\/\/www.infokuryr.cz\/n\/wp-json\/wp\/v2\/users\/2"}],"replies":[{"embeddable":true,"href":"https:\/\/www.infokuryr.cz\/n\/wp-json\/wp\/v2\/comments?post=61601"}],"version-history":[{"count":0,"href":"https:\/\/www.infokuryr.cz\/n\/wp-json\/wp\/v2\/posts\/61601\/revisions"}],"wp:featuredmedia":[{"embeddable":true,"href":"https:\/\/www.infokuryr.cz\/n\/wp-json\/wp\/v2\/media\/61602"}],"wp:attachment":[{"href":"https:\/\/www.infokuryr.cz\/n\/wp-json\/wp\/v2\/media?parent=61601"}],"wp:term":[{"taxonomy":"category","embeddable":true,"href":"https:\/\/www.infokuryr.cz\/n\/wp-json\/wp\/v2\/categories?post=61601"},{"taxonomy":"post_tag","embeddable":true,"href":"https:\/\/www.infokuryr.cz\/n\/wp-json\/wp\/v2\/tags?post=61601"}],"curies":[{"name":"wp","href":"https:\/\/api.w.org\/{rel}","templated":true}]}}