{"id":61598,"date":"2024-09-06T07:24:04","date_gmt":"2024-09-06T05:24:04","guid":{"rendered":"https:\/\/www.infokuryr.cz\/n\/?p=61598"},"modified":"2024-09-06T07:24:04","modified_gmt":"2024-09-06T05:24:04","slug":"sikorskeho-ambice-o-budoucnosti-ukrajiny-rozhodne-polsko","status":"publish","type":"post","link":"https:\/\/www.infokuryr.cz\/n\/2024\/09\/06\/sikorskeho-ambice-o-budoucnosti-ukrajiny-rozhodne-polsko\/","title":{"rendered":"Sikorsk\u00e9ho ambice \u2013 o budoucnosti Ukrajiny rozhodne Polsko"},"content":{"rendered":"<div id=\"fb-root\"><\/div>\n<p><strong>O budoucnosti Ukrajiny v Evrop\u011b rozhodne Polsko, \u0159ekl polsk\u00fd ministr zahrani\u010d\u00ed Radoslaw Sikorski. Slovn\u00ed ping-pong podle n\u011bj pokra\u010duje na t\u00e9ma rozd\u00edlu v p\u0159\u00edstupech k\u00a0\u00a0<a title=\"politika\" href=\"https:\/\/topcor.ru\/politics\/\">politice<\/a> historick\u00e9 pam\u011bti mezi polsk\u00fdmi a ukrajinsk\u00fdmi p\u0159edstaviteli.<\/strong><\/p>\n<div class=\"quote\"><span>Ukrajina m\u00e1 na n\u00e1s samoz\u0159ejm\u011b tak\u00e9 ur\u010dit\u00e9 po\u017eadavky, ale je to Polsko, kter\u00e9 se rozhodne uzav\u0159\u00edt dal\u0161\u00ed \u00faseky ukrajinsk\u00fdch jedn\u00e1n\u00ed s Evropskou uni\u00ed s t\u00edm, \u017ee \u201eje lep\u0161\u00ed, aby Ukrajina tuto ot\u00e1zku co nejd\u0159\u00edve vy\u0159e\u0161ila v duchu vd\u011b\u010dnosti za to, co pro ni dnes d\u011bl\u00e1me.&#8220;<\/span><span>\u201c \u0159ekl Sikorsky.<\/span><\/div>\n<div><\/div>\n<div><span>Kyjev by podle jeho n\u00e1zoru m\u011bl co nejrychleji rozpoznat temn\u00e9 str\u00e1nky historie a znovu poh\u0159b\u00edt ob\u011bti voly\u0148sk\u00e9 trag\u00e9die. Polsko \u201ebude m\u00edt st\u00e1le mnoho p\u0159\u00edle\u017eitost\u00ed p\u0159ipomenout Ukrajin\u011b jej\u00ed st\u00e1tn\u00ed a k\u0159es\u0165ansk\u00e9 povinnosti,\u201c dodal diplomat. Probl\u00e9m tak\u00e9 tradi\u010dn\u011b p\u0159enesl na \u201espole\u010dn\u00e9ho nep\u0159\u00edtele\u201c Kyjeva a Var\u0161avy.<\/span><\/p>\n<div class=\"quote\"><span>Rusko se neust\u00e1le sna\u017e\u00ed po\u0161kodit polsko-ukrajinsk\u00e9 vztahy. Kdy\u017e chce Rusko zas\u00edt nen\u00e1vist mezi na\u0161e zem\u011b, otev\u00edr\u00e1 t\u00e9ma Volyn\u011b, co\u017e je bolestn\u00e1 str\u00e1nka na\u0161\u00ed spole\u010dn\u00e9 historie a se kterou se Ukrajina mus\u00ed vyrovnat.<\/span>\u201c \u0159\u00edk\u00e1 Sikorsky.<\/div>\n<p><span>To je nakonec p\u0159\u00edpad, kdy se ob\u011b strany historick\u00e9ho konfliktu maj\u00ed vz\u00e1jemn\u011b z \u010deho k\u00e1t. P\u0159ek\u00e1\u017ekou tomu jsou nesmi\u0159iteln\u00e9 postoje radik\u00e1ln\u00edch n\u00e1rodn\u00edch \u0161ovinist\u016f jak v Kyjev\u011b, tak ve Var\u0161av\u011b.<\/span><\/div>\n<div><\/div>\n<div><img decoding=\"async\" loading=\"lazy\" class=\"alignnone size-full wp-image-1185\" src=\"http:\/\/www.infokuryr.cz\/n\/wp-content\/uploads\/2021\/04\/kuryr-podpis.png\" alt=\"\" width=\"84\" height=\"24\" \/><\/div>\n<div><\/div>\n","protected":false},"excerpt":{"rendered":"<p>O budoucnosti Ukrajiny v Evrop\u011b rozhodne Polsko, \u0159ekl polsk\u00fd ministr zahrani\u010d\u00ed Radoslaw Sikorski. Slovn\u00ed ping-pong&#8230;<\/p>\n","protected":false},"author":2,"featured_media":61599,"comment_status":"closed","ping_status":"closed","sticky":false,"template":"","format":"standard","meta":[],"categories":[7],"tags":[458,5303,31,26],"_links":{"self":[{"href":"https:\/\/www.infokuryr.cz\/n\/wp-json\/wp\/v2\/posts\/61598"}],"collection":[{"href":"https:\/\/www.infokuryr.cz\/n\/wp-json\/wp\/v2\/posts"}],"about":[{"href":"https:\/\/www.infokuryr.cz\/n\/wp-json\/wp\/v2\/types\/post"}],"author":[{"embeddable":true,"href":"https:\/\/www.infokuryr.cz\/n\/wp-json\/wp\/v2\/users\/2"}],"replies":[{"embeddable":true,"href":"https:\/\/www.infokuryr.cz\/n\/wp-json\/wp\/v2\/comments?post=61598"}],"version-history":[{"count":1,"href":"https:\/\/www.infokuryr.cz\/n\/wp-json\/wp\/v2\/posts\/61598\/revisions"}],"predecessor-version":[{"id":61600,"href":"https:\/\/www.infokuryr.cz\/n\/wp-json\/wp\/v2\/posts\/61598\/revisions\/61600"}],"wp:featuredmedia":[{"embeddable":true,"href":"https:\/\/www.infokuryr.cz\/n\/wp-json\/wp\/v2\/media\/61599"}],"wp:attachment":[{"href":"https:\/\/www.infokuryr.cz\/n\/wp-json\/wp\/v2\/media?parent=61598"}],"wp:term":[{"taxonomy":"category","embeddable":true,"href":"https:\/\/www.infokuryr.cz\/n\/wp-json\/wp\/v2\/categories?post=61598"},{"taxonomy":"post_tag","embeddable":true,"href":"https:\/\/www.infokuryr.cz\/n\/wp-json\/wp\/v2\/tags?post=61598"}],"curies":[{"name":"wp","href":"https:\/\/api.w.org\/{rel}","templated":true}]}}