{"id":61591,"date":"2024-09-06T06:58:43","date_gmt":"2024-09-06T04:58:43","guid":{"rendered":"https:\/\/www.infokuryr.cz\/n\/?p=61591"},"modified":"2024-09-06T06:58:43","modified_gmt":"2024-09-06T04:58:43","slug":"vyhovet-vsem-je-cesta-do-pekel-lidr-musi-byt-tahoun-proc-je-senat-dulezity","status":"publish","type":"post","link":"https:\/\/www.infokuryr.cz\/n\/2024\/09\/06\/vyhovet-vsem-je-cesta-do-pekel-lidr-musi-byt-tahoun-proc-je-senat-dulezity\/","title":{"rendered":"Vyhov\u011bt v\u0161em je cesta do pekel. L\u00eddr mus\u00ed b\u00fdt tahoun. Pro\u010d je Sen\u00e1t d\u016fle\u017eit\u00fd?"},"content":{"rendered":"<div id=\"fb-root\"><\/div>\n<p><strong>Vyhov\u011bt v\u0161em je cesta do pekel. L\u00eddr mus\u00ed b\u00fdt tahoun. Okam\u017eit\u00fd m\u00edr nen\u00ed realistick\u00fd, klid zbran\u00ed ale ano. Jak\u00e9 to je b\u00fdt dvoj\u010detem Cyrila Svobody? A pro\u010d je Sen\u00e1t d\u016fle\u017eit\u00fd?\u00a0<\/strong><\/p>\n<p>O tom i o dal\u0161\u00edch t\u00e9matech jsme se bavili v nov\u00e9m podcastu, kde v\u00e1m budu pr\u016fb\u011b\u017en\u011b p\u0159edstavovat zaj\u00edmav\u00e9 hosty a osobnosti. Budu moc r\u00e1d, kdy\u017e si dne\u0161n\u00ed d\u00edl pust\u00edte a nap\u00ed\u0161ete n\u00e1m v\u00e1\u0161 n\u00e1zor nebo post\u0159eh do koment\u00e1\u0159\u016f. Pros\u00edm tak\u00e9 o sd\u00edlen\u00ed. P\u0159edem moc d\u011bkuji!<\/p>\n<p><strong>Ing. Josef Svoboda, Ph.D.\u00a0<\/strong>zasv\u011btil sv\u016fj \u017eivot vzd\u011bl\u00e1v\u00e1n\u00ed a ve\u0159ejn\u00e9 slu\u017eb\u011b. Zastupitel, m\u00edstostarosta a v sou\u010dasnosti kandid\u00e1t do Sen\u00e1tu za hnut\u00ed ANO.<\/p>\n<p><iframe loading=\"lazy\" title=\"Vyhov\u011bt v\u0161em je cesta do pekel. L\u00eddr mus\u00ed b\u00fdt tahoun. Pro\u010d je Sen\u00e1t d\u016fle\u017eit\u00fd? | Josef Svoboda\" width=\"640\" height=\"360\" src=\"https:\/\/www.youtube.com\/embed\/Y9kIotINfiA?feature=oembed\" frameborder=\"0\" allow=\"accelerometer; autoplay; clipboard-write; encrypted-media; gyroscope; picture-in-picture; web-share\" referrerpolicy=\"strict-origin-when-cross-origin\" allowfullscreen><\/iframe><\/p>\n<p><span style=\"font-size: 14pt;\"><em><strong>Ing. Ond\u0159ej Prokop, p\u0159edseda hnut\u00ed ANO v Praze<\/strong><\/em><\/span><\/p>\n<p>&nbsp;<\/p>\n","protected":false},"excerpt":{"rendered":"<p>Vyhov\u011bt v\u0161em je cesta do pekel. L\u00eddr mus\u00ed b\u00fdt tahoun. Okam\u017eit\u00fd m\u00edr nen\u00ed realistick\u00fd, klid&#8230;<\/p>\n","protected":false},"author":2,"featured_media":47151,"comment_status":"closed","ping_status":"closed","sticky":false,"template":"","format":"standard","meta":[],"categories":[6],"tags":[159,6313,889],"_links":{"self":[{"href":"https:\/\/www.infokuryr.cz\/n\/wp-json\/wp\/v2\/posts\/61591"}],"collection":[{"href":"https:\/\/www.infokuryr.cz\/n\/wp-json\/wp\/v2\/posts"}],"about":[{"href":"https:\/\/www.infokuryr.cz\/n\/wp-json\/wp\/v2\/types\/post"}],"author":[{"embeddable":true,"href":"https:\/\/www.infokuryr.cz\/n\/wp-json\/wp\/v2\/users\/2"}],"replies":[{"embeddable":true,"href":"https:\/\/www.infokuryr.cz\/n\/wp-json\/wp\/v2\/comments?post=61591"}],"version-history":[{"count":0,"href":"https:\/\/www.infokuryr.cz\/n\/wp-json\/wp\/v2\/posts\/61591\/revisions"}],"wp:featuredmedia":[{"embeddable":true,"href":"https:\/\/www.infokuryr.cz\/n\/wp-json\/wp\/v2\/media\/47151"}],"wp:attachment":[{"href":"https:\/\/www.infokuryr.cz\/n\/wp-json\/wp\/v2\/media?parent=61591"}],"wp:term":[{"taxonomy":"category","embeddable":true,"href":"https:\/\/www.infokuryr.cz\/n\/wp-json\/wp\/v2\/categories?post=61591"},{"taxonomy":"post_tag","embeddable":true,"href":"https:\/\/www.infokuryr.cz\/n\/wp-json\/wp\/v2\/tags?post=61591"}],"curies":[{"name":"wp","href":"https:\/\/api.w.org\/{rel}","templated":true}]}}