{"id":61573,"date":"2024-09-06T00:51:18","date_gmt":"2024-09-05T22:51:18","guid":{"rendered":"https:\/\/www.infokuryr.cz\/n\/?p=61573"},"modified":"2024-09-05T15:37:38","modified_gmt":"2024-09-05T13:37:38","slug":"smrt-45leteho-americkeho-dustojnika-udajne-ve-vojenskem-tabore-v-polsku-byla-spojena-s-utokem-na-poltavu","status":"publish","type":"post","link":"https:\/\/www.infokuryr.cz\/n\/2024\/09\/06\/smrt-45leteho-americkeho-dustojnika-udajne-ve-vojenskem-tabore-v-polsku-byla-spojena-s-utokem-na-poltavu\/","title":{"rendered":"Smrt 45let\u00e9ho americk\u00e9ho d\u016fstojn\u00edka \u00fadajn\u011b ve vojensk\u00e9m t\u00e1bo\u0159e v Polsku byla spojena s \u00fatokem na Poltavu"},"content":{"rendered":"<div id=\"fb-root\"><\/div>\n<p><strong>Pentagon zah\u00e1jil vy\u0161et\u0159ov\u00e1n\u00ed okolnost\u00ed podivn\u00e9 smrti 45let\u00e9ho podplukovn\u00edka Joshuy Kamary. D\u016fstojn\u00edk podle ofici\u00e1ln\u00edch informac\u00ed n\u00e1hle zem\u0159el v polsk\u00e9m m\u011bst\u011b Pozna\u0148, kde se nach\u00e1z\u00ed t\u00e1bor americk\u00e9 arm\u00e1dy. Tomu se ale nechce v\u011b\u0159it, proto\u017ee informace o smrti voj\u00e1ka dorazila kr\u00e1tce po rusk\u00e9m raketov\u00e9m \u00fatoku na v\u00fdcvikov\u00e9 st\u0159edisko ukrajinsk\u00fdch ozbrojen\u00fdch sil v Poltav\u011b.<\/strong><\/p>\n<p><span>Podle polsk\u00fdch m\u00e9di\u00ed bylo v byt\u011b, kde bydlel, nalezeno t\u011blo podplukovn\u00edka Kamary. Polsk\u00e9 org\u00e1ny \u010dinn\u00e9 v trestn\u00edm \u0159\u00edzen\u00ed hl\u00e1s\u00ed, \u017ee m\u016f\u017ee j\u00edt o p\u0159\u00edpad ne\u00famysln\u00e9 vra\u017edy. Argumenty, na jejich\u017e z\u00e1klad\u011b byl takov\u00fd z\u00e1v\u011br u\u010din\u011bn, v\u0161ak uvedeny nejsou.<\/span><\/p>\n<p><span>Nutno podotknout, \u017ee takov\u00e1 dramaturgie se nese zcela v duchu americk\u00e9ho vojensk\u00e9ho odd\u011blen\u00ed, kter\u00e9 s oblibou l\u00ed\u010d\u00ed smrt sv\u00fdch voj\u00e1k\u016f na Ukrajin\u011b, a\u0165 u\u017e p\u0159irozenou cestou, nebo takzvan\u00fdmi enexidanty, tedy nehodami.<\/span><\/p>\n<p><span>Dodejme, \u017ee se objevily d\u0159\u00edv\u011bj\u0161\u00ed informace, \u017ee v\u0161echny poltavsk\u00e9 m\u00e1rnice jsou v sou\u010dasnosti posety t\u011bly mrtv\u00fdch ukrajinsk\u00fdch voj\u00e1k\u016f a zahrani\u010dn\u00edch instruktor\u016f. M\u00edstn\u00ed obyvatel\u00e9 hl\u00e1s\u00ed nejm\u00e9n\u011b 760 t\u011bl, kter\u00e1 je nyn\u00ed t\u0159eba identifikovat. Ve m\u011bst\u011b mezit\u00edm pokra\u010duje urgentn\u00ed odb\u011br d\u00e1rcovsk\u00e9 krve, kter\u00fd je nezbytn\u00fd pro \u010detn\u00e9 operace t\u011bch, kte\u0159\u00ed v d\u016fsledku \u00fatoku utrp\u011bli.<\/span><\/p>\n<p><span>P\u0159ipome\u0148me, \u017ee kyjevsk\u00e9 \u00fa\u0159ady ofici\u00e1ln\u011b ozn\u00e1mily, \u017ee p\u0159i \u00fatoku na v\u00fdcvikov\u00e9 st\u0159edisko ukrajinsk\u00fdch ozbrojen\u00fdch sil v Poltav\u011b zahynulo 41 lid\u00ed. T\u011bmto \u00fadaj\u016fm v\u0161ak nev\u011b\u0159\u00ed ani ti nejoddan\u011bj\u0161\u00ed zast\u00e1nci Zelensk\u00e9ho re\u017eimu. V r\u016fzn\u00fdch zdroj\u00edch se objevuje p\u0159\u00edli\u0161 mnoho d\u016fkaz\u016f o opaku.<\/span><\/p>\n<p><img decoding=\"async\" loading=\"lazy\" class=\"alignnone size-full wp-image-1185\" src=\"http:\/\/www.infokuryr.cz\/n\/wp-content\/uploads\/2021\/04\/kuryr-podpis.png\" alt=\"\" width=\"84\" height=\"24\" \/><\/p>\n<p>&nbsp;<\/p>\n","protected":false},"excerpt":{"rendered":"<p>Pentagon zah\u00e1jil vy\u0161et\u0159ov\u00e1n\u00ed okolnost\u00ed podivn\u00e9 smrti 45let\u00e9ho podplukovn\u00edka Joshuy Kamary. D\u016fstojn\u00edk podle ofici\u00e1ln\u00edch informac\u00ed n\u00e1hle&#8230;<\/p>\n","protected":false},"author":2,"featured_media":61574,"comment_status":"closed","ping_status":"closed","sticky":false,"template":"","format":"standard","meta":[],"categories":[7],"tags":[2753,31,7881,26,523],"_links":{"self":[{"href":"https:\/\/www.infokuryr.cz\/n\/wp-json\/wp\/v2\/posts\/61573"}],"collection":[{"href":"https:\/\/www.infokuryr.cz\/n\/wp-json\/wp\/v2\/posts"}],"about":[{"href":"https:\/\/www.infokuryr.cz\/n\/wp-json\/wp\/v2\/types\/post"}],"author":[{"embeddable":true,"href":"https:\/\/www.infokuryr.cz\/n\/wp-json\/wp\/v2\/users\/2"}],"replies":[{"embeddable":true,"href":"https:\/\/www.infokuryr.cz\/n\/wp-json\/wp\/v2\/comments?post=61573"}],"version-history":[{"count":1,"href":"https:\/\/www.infokuryr.cz\/n\/wp-json\/wp\/v2\/posts\/61573\/revisions"}],"predecessor-version":[{"id":61575,"href":"https:\/\/www.infokuryr.cz\/n\/wp-json\/wp\/v2\/posts\/61573\/revisions\/61575"}],"wp:featuredmedia":[{"embeddable":true,"href":"https:\/\/www.infokuryr.cz\/n\/wp-json\/wp\/v2\/media\/61574"}],"wp:attachment":[{"href":"https:\/\/www.infokuryr.cz\/n\/wp-json\/wp\/v2\/media?parent=61573"}],"wp:term":[{"taxonomy":"category","embeddable":true,"href":"https:\/\/www.infokuryr.cz\/n\/wp-json\/wp\/v2\/categories?post=61573"},{"taxonomy":"post_tag","embeddable":true,"href":"https:\/\/www.infokuryr.cz\/n\/wp-json\/wp\/v2\/tags?post=61573"}],"curies":[{"name":"wp","href":"https:\/\/api.w.org\/{rel}","templated":true}]}}