{"id":6157,"date":"2021-11-14T05:35:14","date_gmt":"2021-11-14T04:35:14","guid":{"rendered":"http:\/\/www.infokuryr.cz\/n\/?p=6157"},"modified":"2021-11-14T05:35:14","modified_gmt":"2021-11-14T04:35:14","slug":"total-control-lotyssky-parlament-v-patek-zakazal-neockovanym-poslancum-vykon-funkce","status":"publish","type":"post","link":"https:\/\/www.infokuryr.cz\/n\/2021\/11\/14\/total-control-lotyssky-parlament-v-patek-zakazal-neockovanym-poslancum-vykon-funkce\/","title":{"rendered":"Total Control: Loty\u0161sk\u00fd parlament v p\u00e1tek zak\u00e1zal neo\u010dkovan\u00fdm poslanc\u016fm v\u00fdkon funkce&#8230;"},"content":{"rendered":"<div id=\"fb-root\"><\/div>\n<h4>Total Control: Loty\u0161sk\u00fd parlament v p\u00e1tek zak\u00e1zal neo\u010dkovan\u00fdm poslanc\u016fm v\u00fdkon funkce a z\u00e1kon byl roz\u0161\u00ed\u0159en dokonce i na zastupitele loty\u0161sk\u00e9 samospr\u00e1vy, okres\u016f a komun\u00e1ln\u00edch radnic! Neo\u010dkovan\u00fd zastupitel bude nahrazen o\u010dkovan\u00fdm n\u00e1hradn\u00edkem z volebn\u00ed kandid\u00e1tky z posledn\u00edch voleb! Loty\u0161sk\u00e1 vl\u00e1da tak zavedla fa\u0161istick\u00e9 odeb\u00edr\u00e1n\u00ed v\u00fdkonu mand\u00e1tu poslanc\u016f a zastupitel\u016f \u010dist\u011b na z\u00e1klad\u011b odm\u00edtnut\u00ed z\u00e1sahu do t\u011bla poslance experiment\u00e1ln\u00ed l\u00e1tkou! Poslanci ji\u017e o n\u011bkolik dn\u00ed d\u0159\u00edve novelizovali z\u00e1kon\u00edk pr\u00e1ce umo\u017e\u0148uj\u00edc\u00ed firm\u00e1m v Loty\u0161sku vyhazovat neo\u010dkovan\u00e9 zam\u011bstnance!<\/h4>\n<p>Loty\u0161sko je zem\u011b, kter\u00e1 za II. sv. v\u00e1lky aktivn\u011b spolupracovala s nacistick\u00fdm N\u011bmeckem a bojovala na stran\u011b Wehrmachtu a jednotek SS. Odkaz nacist\u016f je v t\u00e9to zemi mezi tamn\u00edm obyvatelstvem siln\u011b zako\u0159en\u011bn\u00fd a d\u016fkaz o tom podali loty\u0161\u0161t\u00ed poslanci v p\u00e1tek ve sv\u00e9m parlamentu. Ve 100-\u010dlenn\u00e9m parlamentu toti\u017e poslanci v p\u00e1tek 12. listopadu na n\u00e1vrh vl\u00e1dy schv\u00e1lili\u00a0<strong>[<a href=\"https:\/\/www.saeima.lv\/lv\/aktualitates\/saeimas-zinas\/30337-saeimas-un-pasvaldibu-domju-deputatiem-darba-pienakumu-veiksanai-bus-nepieciesams-vakcinacijas-pret-covid-19-vai-parslimosanas-sertifikats\">1<\/a>]<\/strong>\u00a0novelu z\u00e1kona o pravidlech a jednac\u00edm \u0159\u00e1du loty\u0161sk\u00e9 sn\u011bmovny takov\u00fdm zp\u016fsobem, \u017ee\u00a0<strong>od t\u00e9to chv\u00edle se ji\u017e nesm\u00ed jedn\u00e1n\u00ed sn\u011bmovny \u00fa\u010dastnit poslanci, kte\u0159\u00ed nejsou o\u010dkovan\u00ed a jejich mand\u00e1t bude pozastaven a suspendov\u00e1n, a to a\u017e do doby, ne\u017e se bu\u010f nechaj\u00ed o\u010dkovat a p\u0159edlo\u017e\u00ed o tom doklad<\/strong>, anebo dokud tato \u010dasov\u011b omezen\u00e1 zm\u011bna z\u00e1kona nevypr\u0161\u00ed. Novela z\u00e1kona je \u010dasov\u011b zat\u00edm omezena do 01. 07. 2022.<\/p>\n<figure id=\"attachment_49170\" class=\"wp-caption aligncenter\" style=\"width: 656px;\"><a href=\"https:\/\/aeronet.cz\/news\/wp-content\/uploads\/VaxVial_Latvia.jpg\"><img decoding=\"async\" loading=\"lazy\" class=\"wp-image-49170 \" src=\"https:\/\/aeronet.cz\/news\/wp-content\/uploads\/VaxVial_Latvia-1024x576.jpg\" sizes=\"(max-width: 700px) 100vw, 700px\" srcset=\"https:\/\/aeronet.cz\/news\/wp-content\/uploads\/VaxVial_Latvia-1024x576.jpg 1024w, https:\/\/aeronet.cz\/news\/wp-content\/uploads\/VaxVial_Latvia-300x169.jpg 300w, https:\/\/aeronet.cz\/news\/wp-content\/uploads\/VaxVial_Latvia-768x432.jpg 768w, https:\/\/aeronet.cz\/news\/wp-content\/uploads\/VaxVial_Latvia-700x394.jpg 700w, https:\/\/aeronet.cz\/news\/wp-content\/uploads\/VaxVial_Latvia-635x357.jpg 635w, https:\/\/aeronet.cz\/news\/wp-content\/uploads\/VaxVial_Latvia-859x483.jpg 859w, https:\/\/aeronet.cz\/news\/wp-content\/uploads\/VaxVial_Latvia.jpg 1280w\" alt=\"\" width=\"656\" height=\"369\" \/><\/a><figcaption class=\"wp-caption-text\">Vakc\u00edna se st\u00e1v\u00e1 novou nezbytnost\u00ed pro cestu do pr\u00e1ce nejen d\u011bln\u00edka, ale u\u017e i poslance<\/figcaption><\/figure>\n<p>V\u00fdjimku budou m\u00edt pouze poslanci s potvrzen\u00edm, \u017ee prod\u011blali nemoc. V\u00fdjimku bude m\u00edt i poslanec, kter\u00fd z\u00edsk\u00e1 l\u00e9ka\u0159sk\u00fdm odborn\u00edkem z\u00edskan\u00e9 potvrzen\u00ed, \u017ee ze zdravotn\u00edch d\u016fvod\u016f poslance je nutn\u00e9 o\u010dkov\u00e1n\u00ed odlo\u017eit na dobu ur\u010ditou, tedy nap\u0159. b\u011bhem n\u011bjak\u00e9 nemoci, kdy o\u010dkov\u00e1n\u00ed je ne\u017e\u00e1douc\u00ed, a sou\u010dasn\u011b mus\u00ed poslanec pravideln\u011b p\u0159edkl\u00e1dat test b\u011bhem t\u00e9to doby odkladu. Z\u00e1kon nep\u0159ipou\u0161t\u00ed mo\u017enost trval\u00e9 kontraindikace \u010dlov\u011bka proti o\u010dkov\u00e1n\u00ed, pouze \u010dasov\u011b omezen\u00e9\u00a0<em>od \u2013 do<\/em>\u00a0v d\u016fsledku n\u011bjak\u00e9 do\u010dasn\u00e9 nemoci.<\/p>\n<h6><span style=\"font-size: 14pt;\">Do loty\u0161sk\u00e9ho parlamentu se neo\u010dkovan\u00ed poslanci nedostanou a trval\u00e1 kontraindikace proti o\u010dkov\u00e1n\u00ed v\u00e1m nebude uzn\u00e1na<\/span><\/h6>\n<p>Z\u00e1kon nep\u0159ipou\u0161t\u00ed mo\u017enost svobodn\u00e9 volby, \u017ee se poslanec rozhodne neo\u010dkovat se. Tato varianta nen\u00ed v\u016fbec p\u0159ipu\u0161t\u011bna a z\u00e1kon tak de facto podmi\u0148uje v\u00fdkon mand\u00e1tu o\u010dkov\u00e1n\u00edm, anebo l\u00e9ka\u0159sky uznanou a jen do\u010dasnou nemoc\u00ed, kter\u00e1 je v kontraindikaci s o\u010dkov\u00e1n\u00edm.\u00a0<strong>Vakc\u00edna se tak nov\u011b stane podm\u00ednkou pro v\u00fdkon jak\u00e9koliv ve\u0159ejn\u00e9 funkce, neo\u010dkovan\u00ed tak nebudou moci v\u016fbec kandidovat.<\/strong>\u00a0Takov\u00fd fa\u0161ismus a n\u00e1tlak na l\u00e9ka\u0159e je naprosto bezprecedentn\u00ed a nev\u00eddan\u00fd, komentovala opat\u0159en\u00ed dnes rusk\u00e1 televize. Poslanci si tak p\u0159ivlastnili pr\u00e1vo zasahovat l\u00e9ka\u0159\u016fm do ur\u010dov\u00e1n\u00ed doby l\u00e9\u010dby pacient\u016f a zkracovat ji na\u00a0<em>od \u2013 do<\/em>.\u00a0 A to nen\u00ed v\u0161echno.<\/p>\n<figure id=\"attachment_49168\" class=\"wp-caption aligncenter\" style=\"width: 510px;\"><a href=\"https:\/\/aeronet.cz\/news\/wp-content\/uploads\/LatviaSS_Division.jpg\"><img decoding=\"async\" loading=\"lazy\" class=\"wp-image-49168 \" src=\"https:\/\/aeronet.cz\/news\/wp-content\/uploads\/LatviaSS_Division.jpg\" sizes=\"(max-width: 780px) 100vw, 780px\" srcset=\"https:\/\/aeronet.cz\/news\/wp-content\/uploads\/LatviaSS_Division.jpg 780w, https:\/\/aeronet.cz\/news\/wp-content\/uploads\/LatviaSS_Division-272x300.jpg 272w, https:\/\/aeronet.cz\/news\/wp-content\/uploads\/LatviaSS_Division-768x847.jpg 768w, https:\/\/aeronet.cz\/news\/wp-content\/uploads\/LatviaSS_Division-700x772.jpg 700w, https:\/\/aeronet.cz\/news\/wp-content\/uploads\/LatviaSS_Division-324x357.jpg 324w, https:\/\/aeronet.cz\/news\/wp-content\/uploads\/LatviaSS_Division-438x483.jpg 438w\" alt=\"\" width=\"510\" height=\"562\" \/><\/a><figcaption class=\"wp-caption-text\">Dobov\u00e1 fotografie, Loty\u0161sk\u00e1 legie SS<\/figcaption><\/figure>\n<p><strong>Loty\u0161sk\u00fd parlament byl p\u0159i chuti a roz\u0161\u00ed\u0159il platnost opat\u0159en\u00ed i na ni\u017e\u0161\u00ed samospr\u00e1vn\u00e9 celky a na komun\u00e1ln\u00ed zastupitele.<\/strong>\u00a0U nich to v\u0161ak bude fungovat trochu jinak. Neo\u010dkovan\u00fd zastupitel na radnici bude suspendov\u00e1n, nebude moci vykon\u00e1vat mand\u00e1t stejn\u011b jako neo\u010dkovan\u00ed poslanci, ale v jeho p\u0159\u00edpad\u011b nedojde k suspendaci jeho m\u00edsta, resp. mand\u00e1tu, ale v\u00fdkon mand\u00e1tu bude p\u0159esunut na bedra o\u010dkovan\u00e9ho n\u00e1hradn\u00edka z volebn\u00ed kandid\u00e1tky v posledn\u00edch komun\u00e1ln\u00edch volb\u00e1ch, kter\u00fd v po\u0159ad\u00ed kandid\u00e1tky n\u00e1sleduje za suspendovan\u00fdm zastupitelem a sou\u010dasn\u011b je o\u010dkovan\u00fd. Pokud nen\u00ed, je p\u0159esko\u010den a n\u00e1sleduje dal\u0161\u00ed n\u00e1hradn\u00edk, kter\u00fd spl\u0148uje podm\u00ednku o\u010dkov\u00e1n\u00ed.<\/p>\n<h6><span style=\"font-size: 14pt;\">Za neo\u010dkovan\u00e9ho zastupitele zasko\u010d\u00ed o\u010dkovan\u00fd n\u00e1hradn\u00edk do doby, ne\u017e zastupitel dostane rozum a pod tlakem pozastaven\u00e9ho platu se nech\u00e1 nao\u010dkovat\u2026 anebo p\u0159eo\u010dkovat!<\/span><\/h6>\n<p>N\u00e1hradn\u00edk bude vykon\u00e1vat funkci zastupitele do t\u00e9 doby, dokud se suspendovan\u00fd zastupitel nenao\u010dkuje, anebo dokud z\u00e1konn\u00e9mu opat\u0159en\u00ed neskon\u010d\u00ed platnost. I kdy\u017e je z\u00e1kon omezen do \u010dervence p\u0159\u00ed\u0161t\u00edho roku, dop\u0159edu u\u017e je avizov\u00e1no, \u017ee sn\u011bmovna m\u016f\u017ee z\u00e1kon v p\u0159\u00edpad\u011b krize prodlou\u017eit o dal\u0161\u00ed p\u016flrok. A tak postupn\u011b bude ub\u00edhat \u010das, a\u017e p\u0159ijdou nov\u00e9 volby a suspendovan\u00fdm poslanc\u016fm a zastupitel\u016fm skon\u010d\u00ed mand\u00e1ty. Ano, takov\u00fdto teror a fa\u0161ismus je naprosto nev\u00eddan\u00fd a zn\u011bl by p\u0159ed lety jako sci-fi, ale dnes je to u\u017e v Loty\u0161sku realita. Poj\u010fme si d\u016fkladn\u011b ocitovat, co se uv\u00e1d\u00ed na str\u00e1nk\u00e1ch loty\u0161sk\u00e9ho parlamentu.<\/p>\n<h6><span style=\"font-size: 14pt;\">Rozhodnut\u00ed loty\u0161sk\u00e9ho parlamentu<\/span><\/h6>\n<p>V p\u00e1tek 12. listopadu schv\u00e1lila Saeima (pozn. loty\u0161sk\u00fd parlament) ve druh\u00e9m \u2013 z\u00e1v\u011bre\u010dn\u00e9m \u2013 \u010dten\u00ed nov\u00fd z\u00e1kon\u00a0<strong>\u201c<em>O do\u010dasn\u00fdch dodate\u010dn\u00fdch po\u017eadavc\u00edch pro pr\u00e1ci poslanc\u016f Saeimy a \u010dlen\u016f rad m\u00edstn\u00edch samospr\u00e1v<\/em>\u201c<\/strong>, kter\u00fd byl uzn\u00e1n jako nal\u00e9hav\u00fd.<\/p>\n<p>Od 15. listopadu se\u00a0<strong>poslanec bude moci \u00fa\u010dastnit pr\u00e1ce Saeimy pouze tehdy, pokud p\u0159edlo\u017e\u00ed interoperabiln\u00ed potvrzen\u00ed Covid-19, kter\u00e9 potvrzuje, \u017ee byl o\u010dkov\u00e1n\u00ed, nebo \u017ee prod\u011blal nemoc.<\/strong>\u00a0Sou\u010dasn\u011b bude moci pokra\u010dovat v pr\u00e1ci i poslanec, kter\u00fd obdr\u017eel stanovisko odborn\u00e9ho l\u00e9ka\u0159e nebo komise v klinick\u00e9 univerzitn\u00ed nemocnici k odlo\u017een\u00ed o\u010dkov\u00e1n\u00ed na ur\u010ditou dobu a kter\u00fd p\u0159edlo\u017e\u00ed interoperabiln\u00ed osv\u011bd\u010den\u00ed prokazuj\u00edc\u00ed negativn\u00ed v\u00fdsledek testu.<\/p>\n<p>Poslanci, kter\u00fd nen\u00ed opr\u00e1vn\u011bn \u00fa\u010dastnit se pr\u00e1ce Parlamentu, bude pozastavena v\u00fdplata platu a n\u00e1hrad. Ta bude obnovena ode dne, kdy poslanec p\u0159edlo\u017e\u00ed osv\u011bd\u010den\u00ed mand\u00e1tov\u00e9mu, etick\u00e9mu a imunitn\u00edmu v\u00fdboru Saeimy.<\/p>\n<p>P\u0159edsednictvo Saeimy bude povinno nejm\u00e9n\u011b jednou za dva m\u011bs\u00edce posoudit pot\u0159ebu zachov\u00e1n\u00ed omezen\u00ed stanoven\u00e9ho t\u00edmto z\u00e1konem.<\/p>\n<p>Po\u017eadavek na o\u010dkov\u00e1n\u00ed proti Covid-19 nebo osv\u011bd\u010den\u00ed o prod\u011bl\u00e1n\u00ed nemoci se vztahuje i na komun\u00e1ln\u00ed zastupitele.\u00a0<strong>Pokud zastupitel nez\u00edsk\u00e1 a nep\u0159edlo\u017e\u00ed osv\u011bd\u010den\u00ed o o\u010dkov\u00e1n\u00ed\u00a0nebo p\u0159eo\u010dkov\u00e1n\u00ed\u00a0do 15. listopadu, bude mu rozhodnut\u00edm zastupitelstva pozastaven mand\u00e1t.<\/strong>\u00a0Po dobu pozastaven\u00ed nastoup\u00ed na jeho m\u00edsto dal\u0161\u00ed kandid\u00e1t, kter\u00fd osv\u011bd\u010den\u00ed o o\u010dkov\u00e1n\u00ed z\u00edskal, a to postupem podle z\u00e1kona o volb\u00e1ch do zastupitelstev obc\u00ed.<\/p>\n<p>Pokud nahrazen\u00fd \u010dlen zastupitelstva osv\u011bd\u010den\u00ed z\u00edsk\u00e1, bude ho muset do jednoho t\u00fddne p\u0159edlo\u017eit obecn\u00ed volebn\u00ed komisi a podat p\u0159edsedovi zastupitelstva \u017e\u00e1dost o obnoven\u00ed v\u00fdkonu funkce \u010dlena zastupitelstva. Jakmile je tato skute\u010dnost ozn\u00e1mena Rad\u011b, mand\u00e1t p\u0159izvan\u00e9ho \u010dlena zanikne a zastupitel se znovu ujme sv\u00e9 funkce.<\/p>\n<p>Do\u010dasn\u00e9 po\u017eadavky na \u010dleny Parlamentu a m\u00edstn\u00edch a region\u00e1ln\u00edch zastupitelstev maj\u00ed zajistit, aby byly v souvislosti s \u0161\u00ed\u0159en\u00edm Covid-19 spln\u011bny z\u00e1jmy ve\u0159ejn\u00e9ho zdrav\u00ed a bezpe\u010dnosti.<\/p>\n<p>Jak zd\u016fraznil Juris Ranc\u0101ns, p\u0159edseda Komise pro obranu, vnit\u0159n\u00ed v\u011bci a prevenci korupce, kter\u00e1 je odpov\u011bdn\u00e1 za prosazen\u00ed n\u00e1vrhu z\u00e1kona v Saeim\u011b, z\u00e1kon je nezbytn\u00fd pro podporu d\u016fv\u011bry ve\u0159ejnosti v n\u00e1rodn\u00ed politiku zvl\u00e1d\u00e1n\u00ed \u0161\u00ed\u0159en\u00ed infekce Covid-19, jako\u017e i pro projev solidarity s ostatn\u00edmi st\u00e1tn\u00edmi a samospr\u00e1vn\u00fdmi institucemi a zv\u00fd\u0161en\u00ed d\u016fv\u011bry v pr\u00e1ci st\u00e1tn\u00edch a samospr\u00e1vn\u00fdch instituc\u00ed, v\u010detn\u011b Saeimy.<\/p>\n<p>Z\u00e1kon vstoup\u00ed v platnost dnem n\u00e1sleduj\u00edc\u00edm po jeho vyhl\u00e1\u0161en\u00ed a bude platit do 1. \u010dervence 2022.<\/p>\n<h6><span style=\"font-size: 14pt;\">Loty\u0161sk\u00fd parlament o n\u011bkolik dn\u00ed d\u0159\u00edve schv\u00e1lil, \u017ee zam\u011bstnavatel\u00e9 mohou propustit neo\u010dkovan\u00e9 zam\u011bstnance po uplynut\u00ed v\u00fdstra\u017en\u00e9 lh\u016fty 90 dn\u016f<\/span><\/h6>\n<p><strong>Podle serveru Euronews [<a href=\"https:\/\/www.euronews.com\/2021\/11\/12\/latvia-bans-unvaccinated-mps-from-voting-and-suspends-pay\">2<\/a>] pro n\u00e1vrh z\u00e1kona hlasovalo 62 ze 100 poslanc\u016f<\/strong>\u00a0a sn\u011bmovna dokonce p\u0159ed hlasov\u00e1n\u00edm odm\u00edtla pozm\u011b\u0148ovac\u00ed n\u00e1vrh vznesen\u00fd zdravotn\u00edm v\u00fdborem sn\u011bmovny, kter\u00fd navrhoval, aby z\u00e1kon zohled\u0148oval osoby s permanentn\u00ed kontraindikac\u00ed, to znamen\u00e1 ty poslance, kte\u0159\u00ed se ze zdravotn\u00edch d\u016fvod\u016f nemohou o\u010dkovat trvale, nejen do\u010dasn\u011b\u00a0<em>od do<\/em>\u00a0kv\u016fli n\u011bjak\u00e9 kr\u00e1tk\u00e9 nemoci. Jen\u017ee, tento n\u00e1vrh byl smeten ze stolu se slovy, \u017ee poslanci by si sehnali potvrzen\u00ed od sv\u00fdch l\u00e9ka\u0159\u016f na jakoukoliv nemoc, kter\u00e1 jim trvale znemo\u017e\u0148uje o\u010dkov\u00e1n\u00ed.<\/p>\n<p>A poslanci by to pr\u00fd zneu\u017e\u00edvali k tomu, aby se nemuseli o\u010dkovat.\u00a0<strong>Z\u00e1kon tak ud\u011bluje v\u00fdjimku jen lidem, kte\u0159\u00ed nemoc prod\u011blali, a pouze t\u011bm, kte\u0159\u00ed maj\u00ed odklad na dobu\u00a0<em>od \u2013 do<\/em>\u00a0kv\u016fli \u010dasov\u011b ohrani\u010den\u00e9 nemoci.<\/strong>\u00a0Pokud m\u00e1 n\u011bkdo do\u017eivotn\u00ed kontraindikaci, mus\u00ed se de facto s mand\u00e1tem poslance rozlou\u010dit, komentoval dnes celkem lakonicky celou v\u011bc prvn\u00ed kan\u00e1l rusk\u00e9 televize. A j\u00e1 se jenom zept\u00e1m: A kdy to doraz\u00ed do \u010cR? A kdy na Slovensko?<\/p>\n<figure id=\"attachment_49169\" class=\"wp-caption aligncenter\" style=\"width: 624px;\"><a href=\"https:\/\/aeronet.cz\/news\/wp-content\/uploads\/RigaAntivaxProtest.jpg\"><img decoding=\"async\" loading=\"lazy\" class=\"wp-image-49169 \" src=\"https:\/\/aeronet.cz\/news\/wp-content\/uploads\/RigaAntivaxProtest-1024x576.jpg\" sizes=\"(max-width: 700px) 100vw, 700px\" srcset=\"https:\/\/aeronet.cz\/news\/wp-content\/uploads\/RigaAntivaxProtest-1024x576.jpg 1024w, https:\/\/aeronet.cz\/news\/wp-content\/uploads\/RigaAntivaxProtest-300x169.jpg 300w, https:\/\/aeronet.cz\/news\/wp-content\/uploads\/RigaAntivaxProtest-768x432.jpg 768w, https:\/\/aeronet.cz\/news\/wp-content\/uploads\/RigaAntivaxProtest-700x394.jpg 700w, https:\/\/aeronet.cz\/news\/wp-content\/uploads\/RigaAntivaxProtest-635x357.jpg 635w, https:\/\/aeronet.cz\/news\/wp-content\/uploads\/RigaAntivaxProtest-859x483.jpg 859w, https:\/\/aeronet.cz\/news\/wp-content\/uploads\/RigaAntivaxProtest.jpg 1280w\" alt=\"\" width=\"624\" height=\"351\" \/><\/a><figcaption class=\"wp-caption-text\">Demonstrace Loty\u0161\u016f p\u0159ed parlamentem v Rize po p\u0159ijet\u00ed novely z\u00e1kon\u00edku pr\u00e1ce, kter\u00e1 umo\u017e\u0148uje firm\u00e1m propou\u0161t\u011bt neo\u010dkovan\u00e9 zam\u011bstnance po v\u00fdstraze a 90-denn\u00ed lh\u016ft\u011b<\/figcaption><\/figure>\n<p>Loty\u0161i maj\u00ed fa\u0161istick\u00e9 man\u00fdry v krvi a kdy\u017e se naskytne p\u0159\u00edle\u017eitost, daj\u00ed t\u011bmto man\u00fdr\u016fm voln\u00fd pr\u016fchod a v\u00fdsledkem je teror, odeb\u00edr\u00e1n\u00ed mand\u00e1t\u016f poslanc\u016fm a zastupitel\u016fm, pokud nejsou politicky uv\u011bdom\u011bl\u00ed a nenechaj\u00ed si vst\u0159iknout experiment\u00e1ln\u00ed roztok, kter\u00fd lidem ni\u010d\u00ed a likviduje p\u0159irozenou imunitu. Loty\u0161sko m\u00e1 toti\u017e stejn\u00fd probl\u00e9m jako \u010cesk\u00e1 republika, pouze necel\u00fdch 54% z populace 1,9 milionu Loty\u0161\u016f je o\u010dkov\u00e1no a vl\u00e1da tak chce t\u00edmto krokem vyslat sign\u00e1l, \u017ee kdo se nenao\u010dkuje z poslanc\u016f, p\u0159ijde o mand\u00e1t a poslaneck\u00fd plat. To je de facto sign\u00e1l k ob\u010dan\u016fm v Loty\u0161sku, aby nek\u0159i\u010deli proti z\u00e1konu p\u0159ijat\u00e9m jen o n\u011bkolik dn\u00ed d\u0159\u00edve.<\/p>\n<p><strong>Loty\u0161sk\u00fd parlament toti\u017e schv\u00e1lil [<a href=\"https:\/\/www.euronews.com\/2021\/11\/05\/latvian-employers-can-dismiss-unvaccinated-workers-says-parliament\">3<\/a>] zm\u011bnu z\u00e1kon\u00edku pr\u00e1ce, kter\u00fd zam\u011bstnavatel\u016fm nov\u011b umo\u017e\u0148uje leg\u00e1ln\u011b propustit zam\u011bstnance, pokud je neo\u010dkovan\u00fd d\u00e9le jak 90 dn\u016f od v\u00fdstrahy.<\/strong>\u00a0Loty\u0161i ihned pot\u00e9 vyrazili do ulic Rigy a za\u010dali protestovat p\u0159ed parlamentem. Tak\u017ee t\u00edmto z\u00e1konem jednac\u00edho \u0159\u00e1du sn\u011bmovny se m\u00e1 lidem na ulici zacpat huba, kdy\u017e bez o\u010dkov\u00e1n\u00ed p\u0159ijdou o mand\u00e1t rovn\u011b\u017e i poslanci, nejen d\u011bln\u00edci z fabrik a firem. Je to sou\u010d\u00e1st pl\u00e1nu globalist\u016f na transformaci demokratick\u00fdch st\u00e1t\u016f do koncentra\u010dn\u00edch t\u00e1bor\u016f v r\u00e1mci re\u017eimu Total Control. Pamatujete, jak jsem o tom psal a na SVCS mluvil u\u017e minul\u00fd rok na ja\u0159e, \u017ee p\u0159ijde brzy den, kdy nepust\u00ed do pr\u00e1ce neo\u010dkovan\u00e9 lidi a brzy ani neo\u010dkovan\u00e9 poslance? No, tak te\u010f vid\u00edte, \u017ee v Loty\u0161sku se tato konspirace u\u017e prom\u011bnila zase v realitu.<\/p>\n<p>-VK- \u0160\u00e9fredaktor AE News<\/p>\n<p><a href=\"https:\/\/aeronet.cz\/news\/total-control-lotyssky-parlament-v-patek-zakazal-neockovanym-poslancum-vykon-funkce-a-zakon-byl-rozsiren-dokonce-i-na-zastupitele-lotysske-samospravy-okresu-a-komunalnich-radnic\/\">ZDROJ<\/a><\/p>\n<p>&nbsp;<\/p>\n","protected":false},"excerpt":{"rendered":"<p>Total Control: Loty\u0161sk\u00fd parlament v p\u00e1tek zak\u00e1zal neo\u010dkovan\u00fdm poslanc\u016fm v\u00fdkon funkce a z\u00e1kon byl roz\u0161\u00ed\u0159en&#8230;<\/p>\n","protected":false},"author":2,"featured_media":6158,"comment_status":"closed","ping_status":"closed","sticky":false,"template":"","format":"standard","meta":[],"categories":[7],"tags":[210,213,557,463],"_links":{"self":[{"href":"https:\/\/www.infokuryr.cz\/n\/wp-json\/wp\/v2\/posts\/6157"}],"collection":[{"href":"https:\/\/www.infokuryr.cz\/n\/wp-json\/wp\/v2\/posts"}],"about":[{"href":"https:\/\/www.infokuryr.cz\/n\/wp-json\/wp\/v2\/types\/post"}],"author":[{"embeddable":true,"href":"https:\/\/www.infokuryr.cz\/n\/wp-json\/wp\/v2\/users\/2"}],"replies":[{"embeddable":true,"href":"https:\/\/www.infokuryr.cz\/n\/wp-json\/wp\/v2\/comments?post=6157"}],"version-history":[{"count":0,"href":"https:\/\/www.infokuryr.cz\/n\/wp-json\/wp\/v2\/posts\/6157\/revisions"}],"wp:featuredmedia":[{"embeddable":true,"href":"https:\/\/www.infokuryr.cz\/n\/wp-json\/wp\/v2\/media\/6158"}],"wp:attachment":[{"href":"https:\/\/www.infokuryr.cz\/n\/wp-json\/wp\/v2\/media?parent=6157"}],"wp:term":[{"taxonomy":"category","embeddable":true,"href":"https:\/\/www.infokuryr.cz\/n\/wp-json\/wp\/v2\/categories?post=6157"},{"taxonomy":"post_tag","embeddable":true,"href":"https:\/\/www.infokuryr.cz\/n\/wp-json\/wp\/v2\/tags?post=6157"}],"curies":[{"name":"wp","href":"https:\/\/api.w.org\/{rel}","templated":true}]}}