{"id":61542,"date":"2024-09-06T00:42:13","date_gmt":"2024-09-05T22:42:13","guid":{"rendered":"https:\/\/www.infokuryr.cz\/n\/?p=61542"},"modified":"2024-09-05T14:25:52","modified_gmt":"2024-09-05T12:25:52","slug":"nizozemsko-oznamuje-drasticke-zprisneni-azylove-politiky","status":"publish","type":"post","link":"https:\/\/www.infokuryr.cz\/n\/2024\/09\/06\/nizozemsko-oznamuje-drasticke-zprisneni-azylove-politiky\/","title":{"rendered":"Nizozemsko oznamuje drastick\u00e9 zp\u0159\u00edsn\u011bn\u00ed azylov\u00e9 politiky"},"content":{"rendered":"<div id=\"fb-root\"><\/div>\n<p><strong><span>Nizozemsko by se m\u011blo st\u00e1t m\u00e9n\u011b atraktivn\u00ed pro odm\u00edtnut\u00e9 \u017eadatele o azyl. Po volebn\u00edch slibech strany Geerta Wildera nyn\u00ed n\u00e1sleduj\u00ed \u010diny. Mimo jin\u00e9 se zru\u0161en\u00edm finan\u010dn\u00edch v\u00fdhod. To m\u00e1 zv\u00fd\u0161it ochotu t\u011bchto lid\u00ed vr\u00e1tit se dom\u016f. \u0160t\u011bd\u0159ej\u0161\u00ed zem\u011b jako N\u011bmecko nebo Rakousko by se nyn\u00ed mohly st\u00e1le \u010dast\u011bji st\u00e1vat c\u00edlem azylov\u00e9 migrace.<\/span><\/strong><\/p>\n<p><span>Nov\u00e1 st\u0159edoprav\u00e1 vl\u00e1da v Nizozemsku pl\u00e1nuje radik\u00e1ln\u00ed zm\u011bnu v azylov\u00e9 a migra\u010dn\u00ed politice. Od 1. ledna 2025 maj\u00ed b\u00fdt \u00fapln\u011b zastaveny platby st\u00e1tu za ubytov\u00e1n\u00ed odm\u00edtnut\u00fdch \u017eadatel\u016f o azyl. Ozn\u00e1mila to nov\u00e1 ministryn\u011b pro azyl Marjolein Faberov\u00e1.<\/span><\/p>\n<figure class=\"wp-block-embed is-type-rich is-provider-twitter wp-block-embed-twitter\">\n<div class=\"wp-block-embed__wrapper\">\n<div class=\"twitter-tweet twitter-tweet-rendered\"><iframe id=\"twitter-widget-0\" class=\"\" title=\"X p\u0159\u00edsp\u011bvek\" src=\"https:\/\/platform.twitter.com\/embed\/Tweet.html?dnt=true&amp;embedId=twitter-widget-0&amp;features=eyJ0ZndfdGltZWxpbmVfbGlzdCI6eyJidWNrZXQiOltdLCJ2ZXJzaW9uIjpudWxsfSwidGZ3X2ZvbGxvd2VyX2NvdW50X3N1bnNldCI6eyJidWNrZXQiOnRydWUsInZlcnNpb24iOm51bGx9LCJ0ZndfdHdlZXRfZWRpdF9iYWNrZW5kIjp7ImJ1Y2tldCI6Im9uIiwidmVyc2lvbiI6bnVsbH0sInRmd19yZWZzcmNfc2Vzc2lvbiI6eyJidWNrZXQiOiJvbiIsInZlcnNpb24iOm51bGx9LCJ0ZndfZm9zbnJfc29mdF9pbnRlcnZlbnRpb25zX2VuYWJsZWQiOnsiYnVja2V0Ijoib24iLCJ2ZXJzaW9uIjpudWxsfSwidGZ3X21peGVkX21lZGlhXzE1ODk3Ijp7ImJ1Y2tldCI6InRyZWF0bWVudCIsInZlcnNpb24iOm51bGx9LCJ0ZndfZXhwZXJpbWVudHNfY29va2llX2V4cGlyYXRpb24iOnsiYnVja2V0IjoxMjA5NjAwLCJ2ZXJzaW9uIjpudWxsfSwidGZ3X3Nob3dfYmlyZHdhdGNoX3Bpdm90c19lbmFibGVkIjp7ImJ1Y2tldCI6Im9uIiwidmVyc2lvbiI6bnVsbH0sInRmd19kdXBsaWNhdGVfc2NyaWJlc190b19zZXR0aW5ncyI6eyJidWNrZXQiOiJvbiIsInZlcnNpb24iOm51bGx9LCJ0ZndfdXNlX3Byb2ZpbGVfaW1hZ2Vfc2hhcGVfZW5hYmxlZCI6eyJidWNrZXQiOiJvbiIsInZlcnNpb24iOm51bGx9LCJ0ZndfdmlkZW9faGxzX2R5bmFtaWNfbWFuaWZlc3RzXzE1MDgyIjp7ImJ1Y2tldCI6InRydWVfYml0cmF0ZSIsInZlcnNpb24iOm51bGx9LCJ0ZndfbGVnYWN5X3RpbWVsaW5lX3N1bnNldCI6eyJidWNrZXQiOnRydWUsInZlcnNpb24iOm51bGx9LCJ0ZndfdHdlZXRfZWRpdF9mcm9udGVuZCI6eyJidWNrZXQiOiJvbiIsInZlcnNpb24iOm51bGx9fQ%3D%3D&amp;frame=false&amp;hideCard=false&amp;hideThread=false&amp;id=1831404643114770549&amp;lang=cs&amp;origin=https%3A%2F%2Freport24.news%2Fniederlande-kuendigen-drastische-verschaerfung-der-asylpolitik-an%2F&amp;sessionId=48eda21680bb48a236dd71d509a5fbb7cde50499&amp;theme=light&amp;widgetsVersion=2615f7e52b7e0%3A1702314776716&amp;width=550px\" frameborder=\"0\" scrolling=\"no\" allowfullscreen=\"allowfullscreen\" data-tweet-id=\"1831404643114770549\" data-mce-fragment=\"1\"><\/iframe><\/div>\n<\/div>\n<\/figure>\n<p><span>\u201eOd 1. ledna 2025 bude zru\u0161en st\u00e1tn\u00ed p\u0159\u00edsp\u011bvek na ubytov\u00e1n\u00ed lidem, kte\u0159\u00ed m\u011bli zemi d\u00e1vno opustit,\u201c vysv\u011btlil Faber. Opat\u0159en\u00ed je sou\u010d\u00e1st\u00ed komplexn\u00edho pl\u00e1nu nov\u00e9 vl\u00e1dy, v\u010detn\u011b strany Geerta Wilderse, zav\u00e9st to, co ozna\u010duje za \u201enejp\u0159\u00edsn\u011bj\u0161\u00ed azylov\u00fd re\u017eim v\u016fbec\u201c.<\/span><\/p>\n<figure class=\"wp-block-embed is-type-rich is-provider-twitter wp-block-embed-twitter\">\n<div class=\"wp-block-embed__wrapper\">\n<div class=\"twitter-tweet twitter-tweet-rendered\"><iframe id=\"twitter-widget-1\" class=\"\" title=\"X p\u0159\u00edsp\u011bvek\" src=\"https:\/\/platform.twitter.com\/embed\/Tweet.html?dnt=true&amp;embedId=twitter-widget-1&amp;features=eyJ0ZndfdGltZWxpbmVfbGlzdCI6eyJidWNrZXQiOltdLCJ2ZXJzaW9uIjpudWxsfSwidGZ3X2ZvbGxvd2VyX2NvdW50X3N1bnNldCI6eyJidWNrZXQiOnRydWUsInZlcnNpb24iOm51bGx9LCJ0ZndfdHdlZXRfZWRpdF9iYWNrZW5kIjp7ImJ1Y2tldCI6Im9uIiwidmVyc2lvbiI6bnVsbH0sInRmd19yZWZzcmNfc2Vzc2lvbiI6eyJidWNrZXQiOiJvbiIsInZlcnNpb24iOm51bGx9LCJ0ZndfZm9zbnJfc29mdF9pbnRlcnZlbnRpb25zX2VuYWJsZWQiOnsiYnVja2V0Ijoib24iLCJ2ZXJzaW9uIjpudWxsfSwidGZ3X21peGVkX21lZGlhXzE1ODk3Ijp7ImJ1Y2tldCI6InRyZWF0bWVudCIsInZlcnNpb24iOm51bGx9LCJ0ZndfZXhwZXJpbWVudHNfY29va2llX2V4cGlyYXRpb24iOnsiYnVja2V0IjoxMjA5NjAwLCJ2ZXJzaW9uIjpudWxsfSwidGZ3X3Nob3dfYmlyZHdhdGNoX3Bpdm90c19lbmFibGVkIjp7ImJ1Y2tldCI6Im9uIiwidmVyc2lvbiI6bnVsbH0sInRmd19kdXBsaWNhdGVfc2NyaWJlc190b19zZXR0aW5ncyI6eyJidWNrZXQiOiJvbiIsInZlcnNpb24iOm51bGx9LCJ0ZndfdXNlX3Byb2ZpbGVfaW1hZ2Vfc2hhcGVfZW5hYmxlZCI6eyJidWNrZXQiOiJvbiIsInZlcnNpb24iOm51bGx9LCJ0ZndfdmlkZW9faGxzX2R5bmFtaWNfbWFuaWZlc3RzXzE1MDgyIjp7ImJ1Y2tldCI6InRydWVfYml0cmF0ZSIsInZlcnNpb24iOm51bGx9LCJ0ZndfbGVnYWN5X3RpbWVsaW5lX3N1bnNldCI6eyJidWNrZXQiOnRydWUsInZlcnNpb24iOm51bGx9LCJ0ZndfdHdlZXRfZWRpdF9mcm9udGVuZCI6eyJidWNrZXQiOiJvbiIsInZlcnNpb24iOm51bGx9fQ%3D%3D&amp;frame=false&amp;hideCard=false&amp;hideThread=false&amp;id=1831402103929237995&amp;lang=cs&amp;origin=https%3A%2F%2Freport24.news%2Fniederlande-kuendigen-drastische-verschaerfung-der-asylpolitik-an%2F&amp;sessionId=48eda21680bb48a236dd71d509a5fbb7cde50499&amp;theme=light&amp;widgetsVersion=2615f7e52b7e0%3A1702314776716&amp;width=550px\" frameborder=\"0\" scrolling=\"no\" allowfullscreen=\"allowfullscreen\" data-tweet-id=\"1831402103929237995\" data-mce-fragment=\"1\"><\/iframe><\/div>\n<\/div>\n<\/figure>\n<p><span>C\u00edlem drastick\u00fdch \u0161krt\u016f je sn\u00ed\u017eit p\u0159ita\u017elivost Nizozemska pro \u017eadatele o azyl. Vl\u00e1da tvrd\u00ed, \u017ee \u0161t\u011bdr\u00e9 finan\u010dn\u00ed v\u00fdhody mohou p\u016fsobit jako pob\u00eddka k migraci. \u0160krty maj\u00ed v\u00fdrazn\u011b sn\u00ed\u017eit po\u010det \u017eadatel\u016f o azyl.<\/span><\/p>\n<figure class=\"wp-block-embed is-type-rich is-provider-twitter wp-block-embed-twitter\">\n<div class=\"wp-block-embed__wrapper\">\n<div class=\"twitter-tweet twitter-tweet-rendered\"><iframe id=\"twitter-widget-2\" class=\"\" title=\"X p\u0159\u00edsp\u011bvek\" src=\"https:\/\/platform.twitter.com\/embed\/Tweet.html?dnt=true&amp;embedId=twitter-widget-2&amp;features=eyJ0ZndfdGltZWxpbmVfbGlzdCI6eyJidWNrZXQiOltdLCJ2ZXJzaW9uIjpudWxsfSwidGZ3X2ZvbGxvd2VyX2NvdW50X3N1bnNldCI6eyJidWNrZXQiOnRydWUsInZlcnNpb24iOm51bGx9LCJ0ZndfdHdlZXRfZWRpdF9iYWNrZW5kIjp7ImJ1Y2tldCI6Im9uIiwidmVyc2lvbiI6bnVsbH0sInRmd19yZWZzcmNfc2Vzc2lvbiI6eyJidWNrZXQiOiJvbiIsInZlcnNpb24iOm51bGx9LCJ0ZndfZm9zbnJfc29mdF9pbnRlcnZlbnRpb25zX2VuYWJsZWQiOnsiYnVja2V0Ijoib24iLCJ2ZXJzaW9uIjpudWxsfSwidGZ3X21peGVkX21lZGlhXzE1ODk3Ijp7ImJ1Y2tldCI6InRyZWF0bWVudCIsInZlcnNpb24iOm51bGx9LCJ0ZndfZXhwZXJpbWVudHNfY29va2llX2V4cGlyYXRpb24iOnsiYnVja2V0IjoxMjA5NjAwLCJ2ZXJzaW9uIjpudWxsfSwidGZ3X3Nob3dfYmlyZHdhdGNoX3Bpdm90c19lbmFibGVkIjp7ImJ1Y2tldCI6Im9uIiwidmVyc2lvbiI6bnVsbH0sInRmd19kdXBsaWNhdGVfc2NyaWJlc190b19zZXR0aW5ncyI6eyJidWNrZXQiOiJvbiIsInZlcnNpb24iOm51bGx9LCJ0ZndfdXNlX3Byb2ZpbGVfaW1hZ2Vfc2hhcGVfZW5hYmxlZCI6eyJidWNrZXQiOiJvbiIsInZlcnNpb24iOm51bGx9LCJ0ZndfdmlkZW9faGxzX2R5bmFtaWNfbWFuaWZlc3RzXzE1MDgyIjp7ImJ1Y2tldCI6InRydWVfYml0cmF0ZSIsInZlcnNpb24iOm51bGx9LCJ0ZndfbGVnYWN5X3RpbWVsaW5lX3N1bnNldCI6eyJidWNrZXQiOnRydWUsInZlcnNpb24iOm51bGx9LCJ0ZndfdHdlZXRfZWRpdF9mcm9udGVuZCI6eyJidWNrZXQiOiJvbiIsInZlcnNpb24iOm51bGx9fQ%3D%3D&amp;frame=false&amp;hideCard=false&amp;hideThread=false&amp;id=1831343163958571334&amp;lang=cs&amp;origin=https%3A%2F%2Freport24.news%2Fniederlande-kuendigen-drastische-verschaerfung-der-asylpolitik-an%2F&amp;sessionId=48eda21680bb48a236dd71d509a5fbb7cde50499&amp;theme=light&amp;widgetsVersion=2615f7e52b7e0%3A1702314776716&amp;width=550px\" frameborder=\"0\" scrolling=\"no\" allowfullscreen=\"allowfullscreen\" data-tweet-id=\"1831343163958571334\" data-mce-fragment=\"1\"><\/iframe><\/div>\n<\/div>\n<\/figure>\n<p><span>Krom\u011b zastaven\u00ed v\u00fdhod pro odm\u00edtnut\u00e9 \u017eadatele o azyl pl\u00e1nuje nov\u00e1 koalice dal\u0161\u00ed zp\u0159\u00edsn\u011bn\u00ed:<\/span><\/p>\n<ul class=\"wp-block-list\">\n<li><span>M\u00e1 b\u00fdt zavedena horn\u00ed hranice pro \u017eadatele o azyl<\/span><\/li>\n<li><span>Slu\u010dov\u00e1n\u00ed rodin by m\u011blo b\u00fdt zt\u00ed\u017eeno<\/span><\/li>\n<li><span>Mo\u017enosti deportace by se m\u011bly roz\u0161\u00ed\u0159it<\/span><\/li>\n<li><span>\u017dadatel\u016fm o azyl, kte\u0159\u00ed jedou na dovolenou do sv\u00e9 domovsk\u00e9 zem\u011b, by nem\u011blo b\u00fdt umo\u017en\u011bno se vracet<\/span><\/li>\n<\/ul>\n<p><span>Nov\u00e1 nizozemsk\u00e1 vl\u00e1da za \u00fa\u010dasti pravicov\u00e9 strany Geerta Wilderse PVV zav\u00e1d\u00ed v\u00fdrazn\u011b restriktivn\u011bj\u0161\u00ed kurz azylov\u00e9 politiky. Zda lze avizovan\u00e9 pl\u00e1ny pln\u011b leg\u00e1ln\u011b a prakticky realizovat, se teprve uvid\u00ed. Jedno je jist\u00e9: Nizozemsko sm\u011b\u0159uje k z\u00e1sadn\u00ed zm\u011bn\u011b migra\u010dn\u00ed politiky.<\/span><\/p>\n<p><span>To by v\u0161ak tak\u00e9 mohlo znamenat, \u017ee ty zem\u011b, kter\u00e9 nad\u00e1le poskytuj\u00ed \u0161t\u011bdrou finan\u010dn\u00ed podporu neleg\u00e1ln\u00edm p\u0159ist\u011bhovalc\u016fm a odm\u00edtnut\u00fdm \u017eadatel\u016fm o azyl, zaznamenaj\u00ed zv\u00fd\u0161en\u00fd p\u0159\u00edliv. Ukazuj\u00ed to i data z posledn\u00edch desetilet\u00ed, podle kter\u00fdch se azylov\u00e1 migrace soust\u0159e\u010fuje p\u0159edev\u0161\u00edm do t\u011bch zem\u00ed, kter\u00e9 nav\u00edc nab\u00edzej\u00ed \u0161t\u011bdr\u00e9 finan\u010dn\u00ed a soci\u00e1ln\u00ed v\u00fdhody, jin\u00fdm zem\u00edm se sp\u00ed\u0161e vyh\u00fdbaj\u00ed.<\/span><\/p>\n<p><img decoding=\"async\" loading=\"lazy\" class=\"alignnone size-full wp-image-1185\" src=\"http:\/\/www.infokuryr.cz\/n\/wp-content\/uploads\/2021\/04\/kuryr-podpis.png\" alt=\"\" width=\"84\" height=\"24\" \/><\/p>\n<p>&nbsp;<\/p>\n","protected":false},"excerpt":{"rendered":"<p>Nizozemsko by se m\u011blo st\u00e1t m\u00e9n\u011b atraktivn\u00ed pro odm\u00edtnut\u00e9 \u017eadatele o azyl. Po volebn\u00edch slibech&#8230;<\/p>\n","protected":false},"author":2,"featured_media":61543,"comment_status":"closed","ping_status":"closed","sticky":false,"template":"","format":"standard","meta":[],"categories":[7],"tags":[7875,989,781],"_links":{"self":[{"href":"https:\/\/www.infokuryr.cz\/n\/wp-json\/wp\/v2\/posts\/61542"}],"collection":[{"href":"https:\/\/www.infokuryr.cz\/n\/wp-json\/wp\/v2\/posts"}],"about":[{"href":"https:\/\/www.infokuryr.cz\/n\/wp-json\/wp\/v2\/types\/post"}],"author":[{"embeddable":true,"href":"https:\/\/www.infokuryr.cz\/n\/wp-json\/wp\/v2\/users\/2"}],"replies":[{"embeddable":true,"href":"https:\/\/www.infokuryr.cz\/n\/wp-json\/wp\/v2\/comments?post=61542"}],"version-history":[{"count":0,"href":"https:\/\/www.infokuryr.cz\/n\/wp-json\/wp\/v2\/posts\/61542\/revisions"}],"wp:featuredmedia":[{"embeddable":true,"href":"https:\/\/www.infokuryr.cz\/n\/wp-json\/wp\/v2\/media\/61543"}],"wp:attachment":[{"href":"https:\/\/www.infokuryr.cz\/n\/wp-json\/wp\/v2\/media?parent=61542"}],"wp:term":[{"taxonomy":"category","embeddable":true,"href":"https:\/\/www.infokuryr.cz\/n\/wp-json\/wp\/v2\/categories?post=61542"},{"taxonomy":"post_tag","embeddable":true,"href":"https:\/\/www.infokuryr.cz\/n\/wp-json\/wp\/v2\/tags?post=61542"}],"curies":[{"name":"wp","href":"https:\/\/api.w.org\/{rel}","templated":true}]}}