{"id":61540,"date":"2024-09-06T00:41:45","date_gmt":"2024-09-05T22:41:45","guid":{"rendered":"https:\/\/www.infokuryr.cz\/n\/?p=61540"},"modified":"2024-09-05T14:19:14","modified_gmt":"2024-09-05T12:19:14","slug":"berlin-a-lidska-prava-eu-plati-za-vrazdy-v-severni-africe","status":"publish","type":"post","link":"https:\/\/www.infokuryr.cz\/n\/2024\/09\/06\/berlin-a-lidska-prava-eu-plati-za-vrazdy-v-severni-africe\/","title":{"rendered":"Berl\u00edn a lidsk\u00e1 pr\u00e1va \u2013 EU plat\u00ed za vra\u017edy v severn\u00ed Africe"},"content":{"rendered":"<div id=\"fb-root\"><\/div>\n<h2 class=\"wp-block-heading has-black-color has-text-color has-link-color wp-elements-923adb3130ed73e6186d225a3e35040e\"><span>N\u011bkolik st\u00e1t\u016f v severn\u00ed Africe, se kter\u00fdmi EU spolupracuje na odvr\u00e1cen\u00ed uprchl\u00edk\u016f, nech\u00e1v\u00e1 migranty v pou\u0161ti bez vody a j\u00eddla, naposledy minul\u00fd t\u00fdden v Tunisku. V d\u016fsledku toho mnoz\u00ed zem\u0159ou.<\/span><\/h2>\n<p><span>BRUSEL\/TUNIS\/RABAT (Vlastn\u00ed zpr\u00e1va) &#8211; Tunisk\u00e9 \u00fa\u0159ady v minul\u00e9m t\u00fddnu op\u011bt deportovaly velk\u00e9 mno\u017estv\u00ed uprchl\u00edk\u016f do pou\u0161t\u011b &#8211; a spolupracuj\u00ed s EU na odvr\u00e1cen\u00ed uprchl\u00edk\u016f. Podle lidskopr\u00e1vn\u00edch aktivist\u016f v Tunisu opustili tuni\u0161t\u00ed p\u0159edstavitel\u00e9 asi 40 uprchl\u00edk\u016f v izolovan\u00e9 pou\u0161tn\u00ed oblasti bez vody a j\u00eddla. Nen\u00ed zn\u00e1mo, zda posti\u017een\u00ed jsou st\u00e1le na\u017eivu, nebo zda nyn\u00ed zem\u0159eli \u017e\u00edzn\u00ed. EU v \u010dervenci 2023 uzav\u0159ela s Tuniskem pakt na ochranu uprchl\u00edk\u016f a dala mu k dispozici 785 milion\u016f eur \u2013 po\u017eaduje, aby Tunis ud\u011blal v\u0161e pro to, aby uprchl\u00edk\u016fm zabr\u00e1nil p\u0159ekra\u010dovat St\u0159edozemn\u00ed mo\u0159e. Aby se zbavila migrant\u016f, tunisk\u00e1 vl\u00e1da je nechala deportovat do pou\u0161t\u011b. D\u011blaj\u00ed to i vl\u00e1dy Maroka, Mauret\u00e1nie a Al\u017e\u00edrska, se kter\u00fdmi EU rovn\u011b\u017e spolupracuje na ochran\u011b uprchl\u00edk\u016f. Brusel v \u00fanoru sl\u00edbil Maurit\u00e1nii 210 milion\u016f eur na opl\u00e1tku, pokud bude p\u0159ipravena pouze p\u0159estat umo\u017enit uprchl\u00edk\u016fm cestovat na Kan\u00e1rsk\u00e9 ostrovy. T\u011bla jsou opakovan\u011b objevov\u00e1na v pou\u0161ti na hranic\u00edch Tuniska, Al\u017e\u00edrska a dal\u0161\u00edch zem\u00ed.<\/span><\/p>\n<h3 class=\"wp-block-heading has-black-color has-text-color has-link-color wp-elements-0a893e8e769503d49e77b6484b75b239\"><span style=\"font-size: 18pt;\">Deportov\u00e1n do pou\u0161t\u011b<\/span><\/h3>\n<p><span>Skute\u010dnost, \u017ee st\u00e1ty v severn\u00ed Africe deportuj\u00ed uprchl\u00edky do pou\u0161t\u011b s v\u011bdom\u00edm a alespo\u0148 nep\u0159\u00edmou podporou EU, je dob\u0159e zdokumentov\u00e1na ji\u017e zhruba dv\u011b desetilet\u00ed. Prvn\u00ed p\u0159\u00edpad nastal, kdy\u017e se velk\u00fd po\u010det africk\u00fdch uprchl\u00edk\u016f z Maroka pokusil na podzim roku 2005 dostat do \u0161pan\u011blsk\u00fdch exkl\u00e1v Ceuta a Melilla. Pod tlakem Evropy zadr\u017eely marock\u00e9 \u00fa\u0159ady mnoho uprchl\u00edk\u016f a za\u010daly je deportovat do pou\u0161tn\u00ed oblasti na hranici s Al\u017e\u00edrskem, kde je opustily, v mnoha p\u0159\u00edpadech bez j\u00eddla a vody. Amnesty International v t\u00e9 dob\u011b uvedla, \u017ee dobr\u00fdch 1500 z nich si na\u0161lo cestu do jedn\u00e9 z roztrou\u0161en\u00fdch vesnic v regionu a p\u0159e\u017eilo.[1] Kolik se jich ztratilo a zem\u0159elo \u017e\u00edzn\u00ed, nen\u00ed zn\u00e1mo. Od t\u00e9 doby byly podobn\u00e9 praktiky hl\u00e1\u0161eny opakovan\u011b. B\u011bhem deporta\u010dn\u00ed operace v roce 2018 bylo do marock\u00fdch pou\u0161tn\u00edch oblast\u00ed deportov\u00e1no kolem 5000 lid\u00ed, uvedla tehdy Asociace Marrocaine des Droits Humains (AMDH); Mnoz\u00ed byli sv\u00e1z\u00e1ni, n\u011bkte\u0159\u00ed dokonce sv\u00e1zan\u00ed rukama.[2] Organizace pro lidsk\u00e1 pr\u00e1va hl\u00e1s\u00ed, \u017ee p\u0159inejmen\u0161\u00edm deportace do pou\u0161tn\u00edch oblast\u00ed na dalek\u00e9m severu marocko-al\u017e\u00edrsk\u00e9 hranice prob\u00edhaj\u00ed dodnes.<\/span><\/p>\n<h3 class=\"wp-block-heading has-black-color has-text-color has-link-color wp-elements-919a866bce7ecb79d70efba882394173\"><span style=\"font-size: 18pt;\">Pen\u00edze proti uprchl\u00edk\u016fm<\/span><\/h3>\n<p><span>Podobn\u00e9 p\u0159\u00edpady byly zdokumentov\u00e1ny tak\u00e9 v Maurit\u00e1nii od t\u00e9 doby, co EU v roce 2006 za\u010dala tuto zemi nutit, aby zastavila uprchl\u00edky p\u0159ech\u00e1zej\u00edc\u00ed z jej\u00edho pob\u0159e\u017e\u00ed na Kan\u00e1rsk\u00e9 ostrovy. Dodnes jsou zadr\u017een\u00ed uprchl\u00edci n\u011bkdy un\u00e1\u0161eni do pou\u0161tn\u00edho regionu kolem Gogui na maurit\u00e1nsk\u00fdch hranic\u00edch s Mali a opou\u0161t\u011bni tam bez adekv\u00e1tn\u00ed p\u00e9\u010de, n\u011bkdy zcela bez jak\u00e9koli p\u00e9\u010de.[3] Maurit\u00e1nie \u2013 stejn\u011b jako Maroko \u2013 je podporov\u00e1na EU p\u0159i odvracen\u00ed uprchl\u00edk\u016f. Podle v\u00fdzkumu organizace Statewatch dostalo Maroko jen v letech 2001 a\u017e 2010 z Bruselu v\u00edce ne\u017e 68 milion\u016f eur s c\u00edlem pou\u017e\u00edt pen\u00edze k zastaven\u00ed migrant\u016f. Dal\u0161\u00edch 140 milion\u016f eur n\u00e1sledovan\u00fdch v roce 2019.[4] N\u011bmecko poskytuje bilater\u00e1ln\u00ed pomoc, nap\u0159\u00edklad \u2013 od roku 1999 \u2013 \u0161kolen\u00edm marock\u00fdch policist\u016f nebo modernizac\u00ed marock\u00e9 arm\u00e1dy.[5] Mauret\u00e1nie naopak jen od roku 2015 dostala od EU nejm\u00e9n\u011b 80 milion\u016f eur na zastaven\u00ed uprchl\u00edk\u016f, vypl\u00fdv\u00e1 z v\u00fdzkumu francouzsk\u00e9ho ve\u010dern\u00edku Le Monde. P\u0159edsedkyn\u011b Evropsk\u00e9 komise Ursula von der Leyen sl\u00edbila 8. \u00fanora 2024 prezidentovi Maurit\u00e1nie Mohamedu Ouldu Ghazouanimu dal\u0161\u00edch 210 milion\u016f eur mimo jin\u00e9 na odvr\u00e1cen\u00ed uprchl\u00edk\u016f.[6] Dal\u0161\u00edch 300 milion\u016f eur p\u0159i\u0161lo ze \u0160pan\u011blska.<\/span><\/p>\n<h3 class=\"wp-block-heading has-black-color has-text-color has-link-color wp-elements-e78ff2ed83a57bf572c9909e273a6c4f\"><span style=\"font-size: 18pt;\">&#8222;T\u00fdm Evropy&#8220;<\/span><\/h3>\n<p><span>Jedn\u00edm z m\u00e1la p\u0159\u00edpad\u016f, kter\u00fdm se v n\u011bmeck\u00fdch m\u00e9di\u00edch do\u010dasn\u011b dostalo ur\u010dit\u00e9 pozornosti, jsou deportace proveden\u00e9 tunisk\u00fdmi \u00fa\u0159ady do pou\u0161tn\u00ed oblasti na hranici s Liby\u00ed. D\u011blaj\u00ed to znovu a znovu od t\u00e9 doby, co tunisk\u00fd prezident Ka\u00efs Sa\u00efed loni zah\u00e1jil rasistickou kampa\u0148 proti uprchl\u00edk\u016fm (informace german-foreign-policy.com [7]). Poprv\u00e9 v \u010dervenci 2023 provedly tunisk\u00e9 \u00fa\u0159ady uprchl\u00edky, kte\u0159\u00ed byli vyzvednuti p\u0159edev\u0161\u00edm v pob\u0159e\u017en\u00edm m\u011bst\u011b Sfax \u2013 odkud lod\u011b pravideln\u011b vyr\u00e1\u017eej\u00ed na nebezpe\u010dnou cestu do Evropy \u2013 v extr\u00e9mn\u011b nehostinn\u00e9 pohrani\u010dn\u00ed oblasti s teplotami a\u017e 50 stup\u0148\u016f. stupn\u011b bez vody, j\u00eddla a mobiln\u00edch telefon\u016f. P\u0159esn\u00fd po\u010det nen\u00ed zn\u00e1m. Je zn\u00e1mo, \u017ee 16. \u010dervence 2023 byla p\u0159edsedkyn\u011b Evropsk\u00e9 komise Ursula von der Leyenov\u00e1 spolu s italsk\u00fdm premi\u00e9rem Giorgia Meloni a p\u0159edsedou nizozemsk\u00e9 vl\u00e1dy Markem Ruttem v Tunisu (\u201eTeam Europe\u201c), aby prezidentovi Sa\u00efedovi sl\u00edbili 785 milion\u016f eur &#8211; as V\u00fdm\u011bnou za zabr\u00e1n\u011bn\u00ed odchodu dal\u0161\u00edch uprchl\u00edk\u016f do Evropy. Podle podp\u016frn\u00e9 mise OSN v Libyi (UNSMIL) libyj\u0161t\u00ed pohrani\u010dn\u00edci do b\u0159ezna 2024 zachr\u00e1nili 8 664 lid\u00ed v pohrani\u010dn\u00ed oblasti s Tuniskem.[8] Bylo nalezeno 29 t\u011bl. Po\u010det nezji\u0161t\u011bn\u00fdch \u00famrt\u00ed nen\u00ed zn\u00e1m.<\/span><\/p>\n<h3 class=\"wp-block-heading has-black-color has-text-color has-link-color wp-elements-f68f7a129e5c9bcc01e8eb911146fdd8\"><span style=\"font-size: 18pt;\">Peklo Assamaka<\/span><\/h3>\n<p><span>To druh\u00e9 plat\u00ed i pro \u00famrt\u00ed na hranici mezi Al\u017e\u00edrskem a Nigerem. V b\u0159eznu 2017 se EU a al\u017e\u00edrsk\u00e1 vl\u00e1da dohodly na u\u017e\u0161\u00ed spolupr\u00e1ci, mimo jin\u00e9 na obran\u011b p\u0159ed uprchl\u00edky. Bezprost\u0159edn\u011b pot\u00e9 Al\u017e\u00edr za\u010dal sb\u00edrat uprchl\u00edky, kte\u0159\u00ed se nach\u00e1zeli pobl\u00ed\u017e St\u0159edozemn\u00edho mo\u0159e, a p\u0159iv\u00e1\u017eet je do jihoal\u017e\u00edrsk\u00e9ho pou\u0161tn\u00edho m\u011bsta Tamanrasset. Odtud byli deportov\u00e1ni p\u0159\u00edmo na hranici s Nigerem a opu\u0161t\u011bni. Asi 15 kilometr\u016f ji\u017en\u011b se nach\u00e1z\u00ed nigerijsk\u00e1 pou\u0161tn\u00ed vesnice Assamaka, kde se o uprchl\u00edky star\u00e1 Mezin\u00e1rodn\u00ed organizace pro migraci (IOM). Zat\u00edmco v kv\u011btnu 2017 dorazilo pouze 135 uprchl\u00edk\u016f, v dubnu 2018 jich bylo ji\u017e 2 888, uvedla IOM; Nyn\u00ed se hovo\u0159\u00ed o ro\u010dn\u00edch \u00fahrnech 23 000 (2023) a\u017e 25 000 (2018).[9] \u017divotn\u00ed podm\u00ednky v Assamace, kde uv\u00edzlo mnoho uprchl\u00edk\u016f, jsou katastrof\u00e1ln\u00ed. Na proch\u00e1zce pou\u0161t\u00ed od hranic, kde jsou opu\u0161t\u011bni do Assamaky, lid\u00e9 opakovan\u011b um\u00edraj\u00ed, proto\u017ee se ztrat\u00ed, um\u00edraj\u00ed \u017e\u00edzn\u00ed nebo tam le\u017e\u00ed vy\u010derpan\u00ed. Jen v kv\u011btnu na\u0161la humanit\u00e1rn\u00ed organizace Alarme Phone Sahara ostatky jeden\u00e1cti lid\u00ed, kte\u0159\u00ed zem\u0159eli \u017e\u00edzn\u00ed.[10] Le Monde ji\u017e psal o \u201epeklu Assamaka\u201c minul\u00fd rok.[11]<\/span><\/p>\n<h3 class=\"wp-block-heading has-black-color has-text-color has-link-color wp-elements-1053c3d2237878b46bbd81e1a2557914\"><span style=\"font-size: 18pt;\">Ztracen v p\u00edsku<\/span><\/h3>\n<p><span>Mnoho uprchl\u00edk\u016f tak\u00e9 kon\u010d\u00ed v \u201epeklu Assamaka\u201c, kter\u00e9 tunisk\u00e9 \u00fa\u0159ady opou\u0161t\u011bj\u00ed nikoli na hranici s Liby\u00ed, ale na hranici s Al\u017e\u00edrskem: n\u011bkdy tam uprchl\u00edky p\u0159edaj\u00ed p\u0159\u00edmo al\u017e\u00edrsk\u00fdm pohrani\u010dn\u00edk\u016fm, kte\u0159\u00ed zase zajist\u00ed, Posti\u017een\u00ed budou deportov\u00e1ni do Tamanrassetu a pot\u00e9 opu\u0161t\u011bni na hranici s Nigerem. I v tomto p\u0159\u00edpad\u011b je po\u010det mrtv\u00fdch zcela nezn\u00e1m\u00fd. Tunisk\u00e9 \u00fa\u0159ady n\u011bkdy opou\u0161t\u011bj\u00ed uprchl\u00edky na hranici s Al\u017e\u00edrskem nebo uprost\u0159ed ni\u010deho. Tak tomu bylo v p\u0159\u00edpad\u011b p\u0159ibli\u017en\u011b 40 migrant\u016f, kter\u00e9 se organizace pro lidsk\u00e1 pr\u00e1va Forum Tunisien pour les droits \u00e9conomiques et sociaux (FTDES) sna\u017eila minul\u00fd t\u00fdden alespo\u0148 vystopovat, s nimi\u017e ale nakonec ztratila kontakt. Lid\u00e9 byli opu\u0161t\u011bni \u201ebez vody nebo \u010dehokoli k j\u00eddlu ve velmi izolovan\u00e9 oblasti,\u201c \u0159ekl mluv\u010d\u00ed FTDES Romdhane Ben Amor.[12] Podle odhad\u016f tiskov\u00e9 agentury AFP bylo jen od \u010dervna do z\u00e1\u0159\u00ed 2023 na tunisk\u00e9 hranici s Al\u017e\u00edrskem opu\u0161t\u011bno v\u00edce ne\u017e 3000 lid\u00ed; V kv\u011btnu 2024 bylo podle FTDES dobr\u00fdch 300 uprchl\u00edk\u016f deportov\u00e1no do pohrani\u010dn\u00ed oblasti v r\u00e1mci v\u011bt\u0161\u00ed individu\u00e1ln\u00ed operace.[13] V regionu se n\u011bkdy nach\u00e1zej\u00ed t\u011bla. Po\u010det mrtv\u00fdch nen\u00ed zn\u00e1m.<\/span><\/p>\n<p><span style=\"font-size: 18pt;\"><strong>Pozn\u00e1mky<\/strong><\/span><\/p>\n<p><span>[1] \u0160pan\u011blsko a Maroko: Selh\u00e1n\u00ed p\u0159i ochran\u011b pr\u00e1v migrant\u016f \u2013 Ceuta a Melilla o rok pozd\u011bji. Amnesty International, \u0159\u00edjen 2006.<\/span><br \/>\n<span>[2] Maroko: Nel\u00edtostn\u00fd z\u00e1sah proti tis\u00edc\u016fm subsaharsk\u00fdch migrant\u016f a uprchl\u00edk\u016f je nez\u00e1konn\u00fd. amnesty.org 07.09.2018. S. dazu\u00a0\u00a0<\/span><a href=\"https:\/\/www.german-foreign-policy.com\/news\/detail\/8605\/\" target=\"_blank\" rel=\"noreferrer noopener\"><span>Fl\u00fcchtlinge als Spielball<\/span><\/a><span>\u00a0.<\/span><br \/>\n<span>[3] En Mauritanie, Euro contre migrants. enass.ma 06.06.2024.<\/span><br \/>\n<span>[4] Pomoc, bezpe\u010dnost hranic a spolupr\u00e1ce mezi EU a Marokem v oblasti kontroly migrace. statewatch.org 24.11.2019.<\/span><br \/>\n<span>[5] S. dazu\u00a0\u00a0<\/span><a href=\"https:\/\/www.german-foreign-policy.com\/news\/detail\/2590\" target=\"_blank\" rel=\"noreferrer noopener\"><span>Opfer unbekannt<\/span><\/a><span>\u00a0.<\/span><br \/>\n<span>[6] EU oznamuje pomoc ve v\u00fd\u0161i 210 milion\u016f eur, aby pomohla Maurit\u00e1nii omezit migraci. apnews.com 08.02.2024.<\/span><br \/>\n<span>[7] S. dazu\u00a0\u00a0<\/span><a href=\"https:\/\/www.german-foreign-policy.com\/news\/detail\/9265\" target=\"_blank\" rel=\"noreferrer noopener\"><span>Sperrriegel gegen Fl\u00fcchtlinge<\/span><\/a><span>\u00a0.<\/span><br \/>\n<span>[8] Migranti opu\u0161t\u011bn\u00ed na okraji Sahary. spiegel.de 04.06.2024.<\/span><br \/>\n<span>[9] Migra\u010dn\u00ed agentura OSN \u201evelmi znepokojena\u201c zpr\u00e1vami o migrantech uv\u00edzl\u00fdch na hranici Al\u017e\u00edrska a Nigeru. iom.int 26.06.2018.<\/span><br \/>\n<span>[10] Charlotte Boitiaux: Vyho\u0161t\u011bn\u00ed v Al\u017e\u00edrsku: 11 migrant\u016f zem\u0159elo \u017e\u00edzn\u00ed v pou\u0161ti, \u0159\u00edk\u00e1 Alarm Phone Sahara. infomigrants.net 21.05.2024.<\/span><br \/>\n<span>[11] \u00ab Nous sommes devenus du b\u00e9tail \u00bb : v Nigeru, les migrant\u016f jet\u00e9s dans l&#8217;enfer d&#8217;Assamaka. lemonde.fr 06.04.2023.<\/span><br \/>\n<span>[12] 40 migrant\u016f \u00fadajn\u011b vyhnan\u00fdch do pou\u0161t\u011b tunisk\u00fdmi \u00fa\u0159ady. infomigrants.net 30.08.2024.<\/span><br \/>\n<span>[13] Tunisko vyhostilo stovky subsaharsk\u00fdch migrant\u016f z hlavn\u00edho m\u011bsta: nevl\u00e1dn\u00ed organizace. newarab.com 03.05.2024.<\/span><\/p>\n<p><span style=\"font-size: 10pt;\"><a href=\"https:\/\/globalbridge.ch\/berlin-und-die-menschenrechte-die-eu-bezahlt-die-morde-in-nordafrika\/\">ZDROJ<\/a><\/span><\/p>\n<p>&nbsp;<\/p>\n","protected":false},"excerpt":{"rendered":"<p>N\u011bkolik st\u00e1t\u016f v severn\u00ed Africe, se kter\u00fdmi EU spolupracuje na odvr\u00e1cen\u00ed uprchl\u00edk\u016f, nech\u00e1v\u00e1 migranty v&#8230;<\/p>\n","protected":false},"author":2,"featured_media":61541,"comment_status":"closed","ping_status":"closed","sticky":false,"template":"","format":"standard","meta":[],"categories":[7],"tags":[1271,233,41,90,148],"_links":{"self":[{"href":"https:\/\/www.infokuryr.cz\/n\/wp-json\/wp\/v2\/posts\/61540"}],"collection":[{"href":"https:\/\/www.infokuryr.cz\/n\/wp-json\/wp\/v2\/posts"}],"about":[{"href":"https:\/\/www.infokuryr.cz\/n\/wp-json\/wp\/v2\/types\/post"}],"author":[{"embeddable":true,"href":"https:\/\/www.infokuryr.cz\/n\/wp-json\/wp\/v2\/users\/2"}],"replies":[{"embeddable":true,"href":"https:\/\/www.infokuryr.cz\/n\/wp-json\/wp\/v2\/comments?post=61540"}],"version-history":[{"count":0,"href":"https:\/\/www.infokuryr.cz\/n\/wp-json\/wp\/v2\/posts\/61540\/revisions"}],"wp:featuredmedia":[{"embeddable":true,"href":"https:\/\/www.infokuryr.cz\/n\/wp-json\/wp\/v2\/media\/61541"}],"wp:attachment":[{"href":"https:\/\/www.infokuryr.cz\/n\/wp-json\/wp\/v2\/media?parent=61540"}],"wp:term":[{"taxonomy":"category","embeddable":true,"href":"https:\/\/www.infokuryr.cz\/n\/wp-json\/wp\/v2\/categories?post=61540"},{"taxonomy":"post_tag","embeddable":true,"href":"https:\/\/www.infokuryr.cz\/n\/wp-json\/wp\/v2\/tags?post=61540"}],"curies":[{"name":"wp","href":"https:\/\/api.w.org\/{rel}","templated":true}]}}