{"id":61533,"date":"2024-09-06T00:37:02","date_gmt":"2024-09-05T22:37:02","guid":{"rendered":"https:\/\/www.infokuryr.cz\/n\/?p=61533"},"modified":"2024-09-05T14:02:20","modified_gmt":"2024-09-05T12:02:20","slug":"26-republikanskych-guverneru-vzkazalo-who-nebudeme-dodrzovat-smlouvu-o-pandemii","status":"publish","type":"post","link":"https:\/\/www.infokuryr.cz\/n\/2024\/09\/06\/26-republikanskych-guverneru-vzkazalo-who-nebudeme-dodrzovat-smlouvu-o-pandemii\/","title":{"rendered":"26 republik\u00e1nsk\u00fdch guvern\u00e9r\u016f vzk\u00e1zalo WHO: \u201eNebudeme dodr\u017eovat smlouvu o pandemii\u201c"},"content":{"rendered":"<div id=\"fb-root\"><\/div>\n<div class=\"elementor-element elementor-element-1fb4c2c elementor-widget elementor-widget-theme-post-content\" data-id=\"1fb4c2c\" data-element_type=\"widget\" data-widget_type=\"theme-post-content.default\">\n<div class=\"elementor-widget-container\">\n<p><span style=\"font-size: 18pt;\"><strong>Ve spole\u010dn\u00e9m prohl\u00e1\u0161en\u00ed z 29. srpna guvern\u00e9\u0159i obvinili WHO, \u017ee se pandemickou dohodou sna\u017e\u00ed \u201ekontrolovat zdravotn\u00ed politiku z jednoho zdroje\u201c.<\/strong><\/span><\/p>\n<p><span>Dvacet \u0161est guvern\u00e9r\u016f USA &#8211; v\u00edce ne\u017e polovina v\u016fdc\u016f zem\u011b &#8211; ve\u0159ejn\u011b prohl\u00e1silo, \u017ee nep\u0159ijmou glob\u00e1ln\u00ed pokus Sv\u011btov\u00e9 zdravotnick\u00e9 organizace (WHO) kontrolovat zdrav\u00ed Ameri\u010dan\u016f.<\/span><\/p>\n<p><span>Ve sv\u00e9m prohl\u00e1\u0161en\u00ed z 29. srpna 26 guvern\u00e9r\u016f \u2013 v\u0161ichni republik\u00e1ni \u2013 a Asociace republik\u00e1nsk\u00fdch guvern\u00e9r\u016f obvinili WHO, \u017ee se sna\u017e\u00ed \u201ekontrolovat sv\u011btovou zdravotn\u00ed politiku\u201c prosazov\u00e1n\u00edm \u201epandemick\u00e9 dohody\u201c nebo \u201epandemick\u00e9 smlouvy\u201c.<\/span><\/p>\n<p><span>&#8222;Jednodu\u0161e \u0159e\u010deno,&#8220; napsali, &#8222;republik\u00e1n\u0161t\u00ed guvern\u00e9\u0159i se nesklon\u00ed.&#8220;<\/span><\/p>\n<p><span>Od roku 2021 WHO pracuje na n\u00e1vrz\u00edch pandemick\u00e9 \u00famluvy a zm\u011bn sv\u00fdch mezin\u00e1rodn\u00edch zdravotn\u00edch p\u0159edpis\u016f.<\/span><\/p>\n<p><span>Na posledn\u00edm zased\u00e1n\u00ed Sv\u011btov\u00e9ho zdravotnick\u00e9ho shrom\u00e1\u017ed\u011bn\u00ed organizace, kter\u00e9 skon\u010dilo 1. \u010dervna, se vyjednava\u010di WHO nedohodli na kone\u010dn\u00e9m n\u00e1vrhu pandemick\u00e9 \u00famluvy. Podle WHO se v\u0161ak \u201ekonkr\u00e9tn\u011b zav\u00e1zaly dokon\u010dit jedn\u00e1n\u00ed o celosv\u011btov\u00e9 \u00famluv\u011b o pandemii nejpozd\u011bji za rok, ale mo\u017en\u00e1 a\u017e do roku 2024\u201c.<\/span><\/p>\n<p><span>Aktivista za svobodu zdrav\u00ed Dr. Meryl Nass, internistka a zakladatelka organizace Door to Freedom, kter\u00e1 se stav\u00ed proti n\u00e1vrh\u016fm WHO na pandemickou dohodu, \u0159ekla The Defender, \u017ee prohl\u00e1\u0161en\u00ed guvern\u00e9r\u016f je \u201ev tuto chv\u00edli velmi pot\u0159ebn\u00e9\u201c, proto\u017ee Organizace spojen\u00fdch n\u00e1rod\u016f (OSN) \u2013 kter\u00e1 \u0159\u00edd\u00ed WHO \u2013 \u201esna\u017ete se z\u00edskat glob\u00e1ln\u00ed kontrolu nad mimo\u0159\u00e1dn\u00fdmi ud\u00e1lostmi, jako jsou kybernetick\u00e9 ud\u00e1losti, mimo\u0159\u00e1dn\u00e9 ud\u00e1losti v dodavatelsk\u00e9m \u0159et\u011bzci nebo vesm\u00edrn\u00e9 mimo\u0159\u00e1dn\u00e9 ud\u00e1losti\u201c.<\/span><\/p>\n<p><span>&#8222;Hra je u konce,&#8220; \u0159ekl Nass. &#8222;Roz\u0161\u00ed\u0159ilo se, \u017ee syst\u00e9m OSN je vyu\u017e\u00edv\u00e1n k centralizaci kontroly a uzurpov\u00e1n\u00ed n\u00e1rodn\u00ed suverenity.&#8220;<\/span><\/p>\n<p><span>Guvern\u00e9\u0159i uvedli, \u017ee odm\u00edtaj\u00ed souhlasit s pandemickou dohodou WHO, proto\u017ee by to upevnilo moc v rukou WHO, a t\u00edm by ohrozilo n\u00e1rodn\u00ed suverenitu, pr\u00e1va st\u00e1t\u016f a \u00fastavou zaru\u010den\u00e9 svobody Ameri\u010dan\u016f.<\/span><\/p>\n<p><span>Nass \u0159ekl:<\/span><\/p>\n<p><em><span>To byl ka\u017ed\u00fd republik\u00e1nsk\u00fd guvern\u00e9r ve Spojen\u00fdch st\u00e1tech, s v\u00fdjimkou republik\u00e1nsk\u00e9ho guvern\u00e9ra Vermontu [Phil Scott]. Vl\u00e1dne st\u00e1tu siln\u011b ovl\u00e1dan\u00e9mu demokraty a mo\u017en\u00e1 m\u011bl pocit, \u017ee nem\u016f\u017ee shrom\u00e1\u017edit politick\u00fd kapit\u00e1l, aby p\u0159i\u0161el a jednomysln\u011b schv\u00e1lil toto prohl\u00e1\u0161en\u00ed.<\/span><\/em><\/p>\n<p><span>26 guvern\u00e9r\u016f pouk\u00e1zalo na dopis z 22. kv\u011btna prezidentovi Joe Bidenovi, ve kter\u00e9m 24 republik\u00e1nsk\u00fdch guvern\u00e9r\u016f vyj\u00e1d\u0159ilo znepokojen\u00ed nad n\u00e1vrhem WHO.<\/span><\/p>\n<p><span>V dopise se uv\u00e1d\u00ed, \u017ee navrhovan\u00e1 smlouva WHO \u201ed\u00e1 WHO, zejm\u00e9na jej\u00edmu nekontrolovateln\u00e9mu gener\u00e1ln\u00edmu \u0159editeli, pravomoc omezit pr\u00e1va ob\u010dan\u016f USA, v\u010detn\u011b takov\u00fdch svobod, jako je svoboda slova, soukrom\u00ed, cestov\u00e1n\u00ed, volba l\u00e9ka\u0159sk\u00e9 p\u00e9\u010de a souhlas podle informac\u00ed. , a t\u00edm poru\u0161uj\u00ed z\u00e1kladn\u00ed principy na\u0161\u00ed \u00fastavy\u201c.<\/span><\/p>\n<p><span style=\"font-size: 18pt;\"><strong>WHO se neda\u0159\u00ed p\u0159ijmout pandemickou \u00famluvu, ale dr\u017e\u00ed se j\u00ed<\/strong><\/span><\/p>\n<p><span>WHO se ji\u017e v\u00edce ne\u017e dva roky sna\u017e\u00ed p\u0159ijmout pandemickou \u00famluvu.<\/span><\/p>\n<p><span>V prosinci 2021 Sv\u011btov\u00e9 zdravotnick\u00e9 shrom\u00e1\u017ed\u011bn\u00ed t\u00e9to organizace z\u0159\u00eddilo \u201emezivl\u00e1dn\u00ed vyjedn\u00e1vac\u00ed org\u00e1n\u201c s c\u00edlem vypracovat mezin\u00e1rodn\u00ed dohodu v r\u00e1mci \u00fastavy WHO s c\u00edlem pos\u00edlit prevenci, p\u0159ipravenost a reakci organizace na pandemie. Vl\u00e1da USA tuto iniciativu podpo\u0159ila.<\/span><\/p>\n<p><span>Na posledn\u00edm zased\u00e1n\u00ed Sv\u011btov\u00e9ho zdravotnick\u00e9ho shrom\u00e1\u017ed\u011bn\u00ed se vyjednava\u010di WHO nedohodli na kone\u010dn\u00e9m n\u00e1vrhu smlouvy, ale schv\u00e1lili \u0159adu reviz\u00ed Mezin\u00e1rodn\u00edch zdravotnick\u00fdch p\u0159edpis\u016f WHO.<\/span><\/p>\n<p><span>Mnoho restriktivn\u011bj\u0161\u00edch n\u00e1vrh\u016f, kter\u00e9 zast\u00e1nce svobody zdrav\u00ed znepokojilo, v\u0161ak nebylo p\u0159ijato, uv\u00e1d\u00ed The Defender.<\/span><\/p>\n<p><span>Nass na sv\u00e9m Substacku napsala, \u017ee Sv\u011btov\u00e9 zdravotnick\u00e9 shrom\u00e1\u017ed\u011bn\u00ed \u201emuselo n\u011bco rozhodnout, aby si zachr\u00e1nilo tv\u00e1\u0159, a globalist\u00e9 si uv\u011bdomili, \u017ee odkl\u00e1d\u00e1n\u00edm rozhodnut\u00ed by na tom nebyli l\u00e9pe.\u201c<\/span><\/p>\n<p><span style=\"font-size: 18pt;\"><strong>Opat\u0159en\u00ed americk\u00fdch st\u00e1t\u016f \u201ez\u00e1sadn\u00ed\u201c pro ne\u00fasp\u011bch pandemick\u00e9ho pl\u00e1nu WHO<\/strong><\/span><\/p>\n<p><span>Akce americk\u00fdch st\u00e1t\u016f jsou \u201e\u00fast\u0159edn\u00ed\u201c pro selh\u00e1n\u00ed pl\u00e1nu WHO centralizovat kontrolu nad ve\u0159ejn\u00fdm zdrav\u00edm b\u011bhem vyhl\u00e1\u0161en\u00e9ho nouzov\u00e9ho stavu, \u0159ekl Nass The Defender.<\/span><\/p>\n<p><span>\u201eOchrana zdrav\u00ed d\u011bt\u00ed a Door to Freedom sehr\u00e1ly \u00fast\u0159edn\u00ed roli p\u0159i v\u00fdvoji t\u00e9to strategie,\u201c \u0159ekla:<\/span><\/p>\n<p><em><span>10. dodatek \u00fastavy vyhrazuje st\u00e1t\u016fm ve\u0161ker\u00e9 pravomoci, kter\u00e9 nejsou v\u00fdslovn\u011b p\u0159eneseny na \u00fast\u0159edn\u00ed vl\u00e1du. Zdravotn\u00ed p\u00e9\u010de nikdy nebyla feder\u00e1ln\u00ed agenturou.<\/span><\/em><\/p>\n<p><em><span>Proto jsme po\u017e\u00e1dali ob\u010dany, aby kontaktovali sv\u00e9 gener\u00e1ln\u00ed prokur\u00e1tory, guvern\u00e9ry, z\u00e1konod\u00e1rce \u2013 a feder\u00e1ln\u00ed \u00fa\u0159edn\u00edky \u2013 a vyzvali je, aby nep\u0159ed\u00e1vali odpov\u011bdnost za zdrav\u00ed WHO.<\/span><\/em><\/p>\n<p><span>V kv\u011btnu nejen 24 guvern\u00e9r\u016f napsalo dopis, v n\u011bm\u017e vyzvalo Bidenovu administrativu k odm\u00edtnut\u00ed dohody WHO, ale tak\u00e9 49 sen\u00e1tor\u016f.<\/span><\/p>\n<p><span>Krom\u011b toho 22 gener\u00e1ln\u00edch prokur\u00e1tor\u016f \u0159eklo Bidenovi, \u017ee \u201ebudou proti jak\u00e9mukoli pokusu umo\u017enit WHO p\u0159\u00edmo nebo nep\u0159\u00edmo ur\u010dovat ve\u0159ejnou politiku pro na\u0161e ob\u010dany\u201c.<\/span><\/p>\n<p><span>\u010cetn\u00e9 st\u00e1ty, v\u010detn\u011b Utahu, Floridy, Louisiany a Oklahomy, p\u0159ijaly z\u00e1kony, kter\u00e9 br\u00e1n\u00ed WHO v p\u0159eva\u017eov\u00e1n\u00ed st\u00e1tn\u00ed moci v ot\u00e1zk\u00e1ch politiky ve\u0159ejn\u00e9ho zdrav\u00ed.<\/span><\/p>\n<p><span>\u201eJsem si jist\u00fd,\u201c dodal Nass, \u201e\u017ee tyto snahy byly sly\u0161et po cel\u00e9m sv\u011bt\u011b a p\u0159isp\u011bly k odm\u00edtnut\u00ed n\u00e1vrh\u016f WHO.<\/span><\/p>\n<\/div>\n<\/div>\n<div class=\"elementor-element elementor-element-8c57238 quelle dc-has-condition dc-condition-empty elementor-widget elementor-widget-heading\" data-id=\"8c57238\" data-element_type=\"widget\" data-widget_type=\"heading.default\">\n<div class=\"elementor-widget-container\">\n<h3 class=\"elementor-heading-title elementor-size-default\"><span style=\"font-size: 10pt;\"><a href=\"https:\/\/childrenshealthdefense.org\/defender\/26-republican-governors-not-comply-pandemic-treaty\/\" target=\"_blank\" rel=\"nofollow noopener\">Zdroj<\/a><\/span><\/h3>\n<p>&nbsp;<\/p>\n<\/div>\n<\/div>\n","protected":false},"excerpt":{"rendered":"<p>Ve spole\u010dn\u00e9m prohl\u00e1\u0161en\u00ed z 29. srpna guvern\u00e9\u0159i obvinili WHO, \u017ee se pandemickou dohodou sna\u017e\u00ed \u201ekontrolovat&#8230;<\/p>\n","protected":false},"author":2,"featured_media":61534,"comment_status":"closed","ping_status":"closed","sticky":false,"template":"","format":"standard","meta":[],"categories":[7],"tags":[6710,6646,4885,37,81],"_links":{"self":[{"href":"https:\/\/www.infokuryr.cz\/n\/wp-json\/wp\/v2\/posts\/61533"}],"collection":[{"href":"https:\/\/www.infokuryr.cz\/n\/wp-json\/wp\/v2\/posts"}],"about":[{"href":"https:\/\/www.infokuryr.cz\/n\/wp-json\/wp\/v2\/types\/post"}],"author":[{"embeddable":true,"href":"https:\/\/www.infokuryr.cz\/n\/wp-json\/wp\/v2\/users\/2"}],"replies":[{"embeddable":true,"href":"https:\/\/www.infokuryr.cz\/n\/wp-json\/wp\/v2\/comments?post=61533"}],"version-history":[{"count":0,"href":"https:\/\/www.infokuryr.cz\/n\/wp-json\/wp\/v2\/posts\/61533\/revisions"}],"wp:featuredmedia":[{"embeddable":true,"href":"https:\/\/www.infokuryr.cz\/n\/wp-json\/wp\/v2\/media\/61534"}],"wp:attachment":[{"href":"https:\/\/www.infokuryr.cz\/n\/wp-json\/wp\/v2\/media?parent=61533"}],"wp:term":[{"taxonomy":"category","embeddable":true,"href":"https:\/\/www.infokuryr.cz\/n\/wp-json\/wp\/v2\/categories?post=61533"},{"taxonomy":"post_tag","embeddable":true,"href":"https:\/\/www.infokuryr.cz\/n\/wp-json\/wp\/v2\/tags?post=61533"}],"curies":[{"name":"wp","href":"https:\/\/api.w.org\/{rel}","templated":true}]}}