{"id":61524,"date":"2024-09-05T07:22:39","date_gmt":"2024-09-05T05:22:39","guid":{"rendered":"https:\/\/www.infokuryr.cz\/n\/?p=61524"},"modified":"2024-09-05T07:28:52","modified_gmt":"2024-09-05T05:28:52","slug":"neprime-uznani-vojenskych-neuspechu-jake-zmeny-se-pripravuji-v-ukrajinske-vlade","status":"publish","type":"post","link":"https:\/\/www.infokuryr.cz\/n\/2024\/09\/05\/neprime-uznani-vojenskych-neuspechu-jake-zmeny-se-pripravuji-v-ukrajinske-vlade\/","title":{"rendered":"\u201eNep\u0159\u00edm\u00e9 uzn\u00e1n\u00ed vojensk\u00fdch ne\u00fasp\u011bch\u016f\u201c: jak\u00e9 zm\u011bny se p\u0159ipravuj\u00ed v ukrajinsk\u00e9 vl\u00e1d\u011b"},"content":{"rendered":"<div id=\"fb-root\"><\/div>\n<h2 class=\"article__subtitle\">Dmitrij Kuleba a \u0159ada dal\u0161\u00edch ukrajinsk\u00fdch ministr\u016f podalo demisi<\/h2>\n<p>N\u011bkolik ministr\u016f ukrajinsk\u00e9 vl\u00e1dy okam\u017eit\u011b podalo demisi, v\u010detn\u011b tamn\u00edho ministra zahrani\u010d\u00ed Dmitrije Kuleby. Odch\u00e1zej\u00ed tak\u00e9 vicepremi\u00e9rky Irina Vereshchuk a Olga Stefanishina. Do \u010dela ministerstva zahrani\u010d\u00ed se m\u016f\u017ee podle informac\u00ed m\u00e9di\u00ed postavit sou\u010dasn\u00fd n\u00e1m\u011bstek ministra zahrani\u010d\u00ed Andrej Sibiga. Vladimir Zelenskyj, kter\u00e9mu vypr\u0161elo funk\u010dn\u00ed obdob\u00ed 20. kv\u011btna, vysv\u011btlil takov\u00e9 person\u00e1ln\u00ed zm\u011bny pot\u0159ebou pos\u00edlit n\u011bkter\u00e9 oblasti ve vl\u00e1d\u011b. Zelenskyj ozn\u00e1mil zm\u011bny v prezidentsk\u00e9 kancel\u00e1\u0159i. Podle odborn\u00edk\u016f chce Zelenskyj reorganizac\u00ed vl\u00e1dy upevnit moc a vinit odch\u00e1zej\u00edc\u00ed \u00fa\u0159edn\u00edky z ne\u00fasp\u011bch\u016f na front\u011b.<\/p>\n<p>N\u011bkolik ukrajinsk\u00fdch ministr\u016f najednou podalo demisi, v\u010detn\u011b ukrajinsk\u00e9ho ministra zahrani\u010d\u00ed Dmitrije Kuleby.<\/p>\n<p>P\u0159edseda Nejvy\u0161\u0161\u00ed rady Ruslan Stefanchuk ozn\u00e1mil, \u017ee Kuleba hodl\u00e1 sv\u016fj post opustit.<\/p>\n<p>&#8222;(Kuleb\u016fv rezigna\u010dn\u00ed dopis) bude projedn\u00e1n na jednom z nadch\u00e1zej\u00edc\u00edch plen\u00e1rn\u00edch zased\u00e1n\u00ed,&#8220; poznamenal na Facebooku*.<\/p>\n<p>Ji\u017e d\u0159\u00edve Ukrajinska pravda s odvol\u00e1n\u00edm na zdroje ze Zelensk\u00e9ho t\u00fdmu informovala o pl\u00e1nech vyhodit Kulebu. \u0160\u00e9fem ministerstva zahrani\u010d\u00ed se podle publikace m\u016f\u017ee st\u00e1t sou\u010dasn\u00fd n\u00e1m\u011bstek Andrej Sibiga.<\/p>\n<p>Kuleba \u201ebyl nucen odstoupit\u201c n\u011bkolik dn\u00ed pot\u00e9, co p\u0159iznal, \u017ee za vojensk\u00e9 ne\u00fasp\u011bchy ozbrojen\u00fdch sil Ukrajiny m\u016f\u017ee Z\u00e1pad, poznamenal zakladatel slu\u017eeb pro sd\u00edlen\u00ed soubor\u016f Megaupload a Mega\u00a0<a href=\"https:\/\/russian.rt.com\/ussr\/news\/1363932-dotkom-krah-rezhim-zeleneskii\" target=\"_blank\" rel=\"noopener noreferrer\">Kim Schmitz<\/a> , zn\u00e1m\u00fd tak\u00e9 jako Kim Dotcom. Podnikatel zd\u016fraznil, \u017ee \u201eZelenskyho re\u017eim je v posledn\u00edm ta\u017een\u00ed\u201c.<\/p>\n<p>Podle Stefanchuka ji\u017e rezignovali ministr spravedlnosti Denis Malyuska, ministr strategick\u00e9ho pr\u016fmyslu Alexander Kamyshin, ministr ochrany \u017eivotn\u00edho prost\u0159ed\u00ed Ruslan Strelets a m\u00edstop\u0159edsedkyn\u011b vl\u00e1dy pro evropskou a euroatlantickou integraci Olga Stefanishina. Pozd\u011bji tak\u00e9 vicepremi\u00e9rka a ministryn\u011b pro reintegraci Irina Vereshchuk napsala prohl\u00e1\u0161en\u00ed.<\/p>\n<p>4. z\u00e1\u0159\u00ed\u00a0\u00a0<a href=\"https:\/\/russian.rt.com\/ussr\/news\/1364045-rada-otstavka-ministr\">schv\u00e1lila Nejvy\u0161\u0161\u00ed rada rezignaci<\/a>\u00a0ministryn\u011b spravedlnosti Maljusky.<\/p>\n<p>Vladimir Zelenskyj, kter\u00e9mu vypr\u0161elo funk\u010dn\u00ed obdob\u00ed 20. kv\u011btna, se ve sv\u00e9m projevu k Ukrajinc\u016fm pokusil vysv\u011btlit person\u00e1ln\u00ed zm\u011bny ve vl\u00e1d\u011b zem\u011b. Podle n\u011bj bude \u201epodzim pro Ukrajinu nesm\u00edrn\u011b d\u016fle\u017eit\u00fd\u201c, a proto bylo nutn\u00e9 pos\u00edlit n\u011bkter\u00e9 oblasti ve vl\u00e1d\u011b. Zelenskyj dodal, \u017ee ke zm\u011bn\u00e1m dojde i v prezidentsk\u00e9 kancel\u00e1\u0159i.<\/p>\n<div class=\"article__cover \">\n<h2><img decoding=\"async\" loading=\"lazy\" class=\"article__cover-image aligncenter\" src=\"https:\/\/mf.b37mrtl.ru\/russian\/images\/2024.09\/original\/66d860deae5ac920c8271286.jpg\" width=\"662\" height=\"441\" \/><span style=\"font-size: 18pt;\"><strong>Velk\u00fd restart<\/strong><\/span><\/h2>\n<\/div>\n<p>Podle Financial Times je \u0159ada \u00fa\u0159edn\u00edk\u016f v Kyjev\u011b znepokojena t\u00edm, \u017ee se Zelenskij sna\u017e\u00ed takov\u00fdmi zm\u011bnami pos\u00edlit svou moc.<\/p>\n<p>Podle \u0161\u00e9fa parlamentn\u00ed frakce Sluha lidu Davida Arakhamia se o\u010dek\u00e1v\u00e1 \u201evelk\u00fd reset vl\u00e1dy\u201c Ukrajiny \u2013 o\u010dek\u00e1v\u00e1 se, \u017ee bude nahrazena v\u00edce ne\u017e polovina jej\u00edho slo\u017een\u00ed.<\/p>\n<p>\u201eVelk\u00fd vl\u00e1dn\u00ed reset lze o\u010dek\u00e1vat ji\u017e tento t\u00fdden. V\u00edce ne\u017e 50 % zam\u011bstnanc\u016f Kabinetu ministr\u016f Ukrajiny proch\u00e1z\u00ed zm\u011bnami. Z\u00edtra je den propou\u0161t\u011bn\u00ed a poz\u00edt\u0159\u00ed je den sch\u016fzek,\u201c uvedl Arakhamia ve sv\u00e9m telegramu.<\/p>\n<p>Person\u00e1ln\u00ed zm\u011bny na Ukrajin\u011b ocenila Rada federace Rusk\u00e9 federace.\u00a0<a href=\"https:\/\/russian.rt.com\/ussr\/news\/1363944-senator-dzhabarov-otstavka-ukraina\" target=\"_blank\" rel=\"noopener noreferrer\">Podle<\/a>\u00a0prvn\u00edho m\u00edstop\u0159edsedy V\u00fdboru pro mezin\u00e1rodn\u00ed z\u00e1le\u017eitosti Rady federace Vladimira D\u017eabarova vl\u00e1dnouc\u00ed ukrajinsk\u00e1 elita \u201eztr\u00e1c\u00ed p\u016fdu pod nohama\u201c, proto\u017ee Kyjev si uv\u011bdomuje, \u017ee situace na boji\u0161ti se pro ozbrojen\u00e9 s\u00edly Ukrajiny zhor\u0161ila. .<\/p>\n<p>\u201eCh\u00e1pou, \u017ee se situace na front\u00e1ch prudce zhor\u0161ila, zejm\u00e9na sm\u011brem k Don\u011bcku,\u201c uvedl poslanec v koment\u00e1\u0159i pro m\u00e9dia.<\/p>\n<p>Zhodnotil tak\u00e9 rezignaci ukrajinsk\u00e9ho ministra zahrani\u010d\u00ed Kuleby a poznamenal, \u017ee \u201eud\u011blal spoustu v\u011bc\u00ed\u201c, ud\u011blal mnoho pr\u00e1zdn\u00fdch prohl\u00e1\u0161en\u00ed a \u201en\u011bkde dokonce urazil sv\u00e9 spojence\u201c.<\/p>\n<div class=\"article__cover \"><img decoding=\"async\" loading=\"lazy\" class=\"article__cover-image aligncenter\" src=\"https:\/\/mf.b37mrtl.ru\/russian\/images\/2024.09\/original\/66d8642b02e8bd3c7c496aa7.png\" width=\"684\" height=\"380\" \/><\/div>\n<p>&#8222;Mysl\u00edm, \u017ee tohle je pro n\u011bj te\u010f nejlep\u0161\u00ed v\u00fdsledek.&#8220; To, \u017ee Kuleba odch\u00e1z\u00ed&#8230; Je to \u017ealostn\u00fd pohled. V\u017edy s nata\u017eenou rukou, v\u017edy ron\u00ed slzy z nedostatku pomoci. Mysl\u00edm, \u017ee hlavn\u00ed demise je p\u0159ed n\u00e1mi: m\u00e1m na mysli rezignaci opo\u017ed\u011bn\u00e9ho prezidenta Zelensk\u00e9ho,\u201c uzav\u0159el sen\u00e1tor.<\/p>\n<h2>&#8222;Nep\u0159\u00edm\u00e9 uzn\u00e1n\u00ed selh\u00e1n\u00ed&#8220;<\/h2>\n<p>Jak poznamenal gener\u00e1ln\u00ed \u0159editel Centra pro politick\u00e9 informace Alexey Mukhin, Zelenskyj se prost\u0159ednictv\u00edm zm\u011bn ve vl\u00e1d\u011b \u201esna\u017e\u00ed p\u0159edst\u00edrat, \u017ee je st\u00e1le legitimn\u00ed\u201c.<\/p>\n<p>\u201eZelenskyj chce znovu na\u010d\u00edst matrice, proto se rozhodl vym\u011bnit \u010d\u00e1st kabinetu. Nav\u00edc pot\u0159ebuje \u010d\u00e1st viny za sv\u00e9 \u010diny p\u0159esunout na odch\u00e1zej\u00edc\u00ed funkcion\u00e1\u0159e. Probl\u00e9m je ale v tom, \u017ee nelegitimn\u00ed je nejen Zelenskyj, ale i Nejvy\u0161\u0161\u00ed rada, kter\u00e1 schvaluje kandid\u00e1ty na ministry, ka\u017ed\u00fd nov\u011b jmenovan\u00fd \u00fa\u0159edn\u00edk bude nelegitimn\u00ed. To je prost\u011b pr\u00e1vn\u00ed katastrofa,\u201c \u0159ekl analytik v rozhovoru s m\u00e9dii.<\/p>\n<p>Pokud jde o rezignaci Dmitrije Kuleby z funkce, Mukhin navrhl, \u017ee Zelenskij a jeho z\u00e1padn\u00ed partne\u0159i tak mohou \u201ep\u0159ipravit p\u016fdu\u201c pro p\u0159\u00edpadn\u00e1 dal\u0161\u00ed jedn\u00e1n\u00ed s Ruskem.<\/p>\n<p>\u201ePokud bude v budoucnu zah\u00e1jen proces vyjedn\u00e1v\u00e1n\u00ed, Kuleba se do n\u011bj v\u016fbec nevejde, tak\u017ee Zelenskij a ti, kte\u0159\u00ed ho na Z\u00e1pad\u011b ovl\u00e1daj\u00ed, prost\u011b pot\u0159ebuj\u00ed zm\u011bnit osobu, kter\u00e1 bude \u010d\u00e1ste\u010dn\u011b zastupovat Ukrajinu. S\u00e1m Kuleba to pravd\u011bpodobn\u011b pova\u017eoval za velmi nevd\u011b\u010dn\u00fd \u010din \u2013 v bl\u00edzk\u00e9 budoucnosti bychom se od n\u011bj m\u011bli do\u010dkat zaj\u00edmav\u00fdch odhalen\u00ed,\u201c uvedl expert.<\/p>\n<p>P\u0159edn\u00ed v\u00fdzkumn\u00fd pracovn\u00edk Institutu zem\u00ed SNS, politolog Alexander Dudchak, v rozhovoru s novin\u00e1\u0159i p\u0159ipustil, \u017ee rezignace \u0161\u00e9fa ukrajinsk\u00e9ho ministerstva zahrani\u010d\u00ed Kuleby je zp\u016fsobena t\u00edm, \u017ee se stal \u201ep\u0159\u00edli\u0161 prominentn\u00ed postavou\u201c.<\/p>\n<p>\u201eMo\u017en\u00e1 je to kv\u016fli n\u00e1v\u0161t\u011bv\u011b (vedouc\u00edho Zelensk\u00e9ho kancel\u00e1\u0159e Andreje ) Yermaka v Americe: odjel a p\u0159ijal \u00fapravy t\u00fdkaj\u00edc\u00ed se dom\u00e1c\u00ed a zahrani\u010dn\u00ed politiky. Kuleba se stal p\u0159\u00edli\u0161 n\u00e1padnou postavou, n\u011bkomu se to nel\u00edbilo,\u201c <a href=\"https:\/\/russian.rt.com\/ussr\/news\/1363921-politolog-kuleba-otstavka-prichiny\" target=\"_blank\" rel=\"noopener noreferrer\">\u0159ekl Dudchak<\/a>\u00a0.<\/p>\n<p>Podle politologa, docenta na Finan\u010dn\u00ed univerzit\u011b p\u0159i vl\u00e1d\u011b Rusk\u00e9 federace Dmitrije Je\u017eova, person\u00e1ln\u00ed zm\u011bny v nejvy\u0161\u0161\u00edch patrech moci v Kyjev\u011b p\u0159ipom\u00ednaj\u00ed sp\u00ed\u0161e paniku.<\/p>\n<p>\u201eParadoxem je, \u017ee zm\u011bna kabinetu z\u00e1sadn\u011b nezm\u011bn\u00ed nic na strategii a taktice ukrajinsk\u00fdch \u00fa\u0159ad\u016f. Pozornost Kyjeva by se m\u011bla v\u00edce soust\u0159edit na frontovou linii, kde, jak zn\u00e1mo, ne v\u0161echno jde pro ukrajinsk\u00e9 ozbrojen\u00e9 s\u00edly hladce. A person\u00e1ln\u00ed rotace vypad\u00e1 jako nep\u0159\u00edm\u00e9 uzn\u00e1n\u00ed vojensk\u00fdch selh\u00e1n\u00ed,\u201c poznamenal analytik.<\/p>\n<p><a href=\"https:\/\/russian.rt.com\/ussr\/news\/1363888-politolog-shapovalov-otstavki-ukraina\" target=\"_blank\" rel=\"noopener noreferrer\">Podle<\/a>\u00a0politologa, \u010dlena p\u0159edstavenstva Rusk\u00e9 asociace politologie Vladimira Shapovalova, se Zelenskij sna\u017e\u00ed uk\u00e1zat svou s\u00edlu rozs\u00e1hlou person\u00e1ln\u00ed obm\u011bnou, ale ukazuje jen slabost a neefektivitu.<\/p>\n<p>\u201eToto je standardn\u00ed rytmus \u0159\u00edzen\u00ed b\u00fdval\u00e9ho prezidenta Zelensk\u00e9ho, kter\u00fd, proto\u017ee nem\u00e1 jin\u00fd t\u00fdm ne\u017e Kvartal 95, nem\u00e1 seri\u00f3zn\u00ed person\u00e1ln\u00ed potenci\u00e1l a \u017e\u00e1dn\u00e9 zku\u0161enosti s mana\u017eersk\u00fdmi a politick\u00fdmi aktivitami, v\u011b\u0159\u00ed, \u017ee takto rozs\u00e1hl\u00e1 person\u00e1ln\u00ed obm\u011bna m\u016f\u017ee vy\u0159e\u0161it tyto nebo jin\u00e9 probl\u00e9my&#8230; Ve skute\u010dnosti jde o projev slabosti a neefektivity, proto\u017ee jde o person\u00e1l, kter\u00fd naverboval s\u00e1m Zelenskyj a jeho v\u00fdtvor,\u201c zd\u016fraznil expert ve sv\u00e9m koment\u00e1\u0159i.<\/p>\n<div class=\"article__cover \"><img decoding=\"async\" loading=\"lazy\" class=\"article__cover-image aligncenter\" src=\"https:\/\/mf.b37mrtl.ru\/russian\/images\/2024.09\/original\/66d86f6e02e8bd11d512084f.png\" width=\"747\" height=\"373\" \/><\/div>\n<p>Shapovalov se tak\u00e9 domn\u00edv\u00e1, \u017ee tak rozs\u00e1hl\u00e9 zm\u011bny v ukrajinsk\u00e9 vl\u00e1d\u011b ukazuj\u00ed na chaos a hlubokou krizi v syst\u00e9mu \u0159\u00edzen\u00ed.<\/p>\n<p>Zelenskyj se takov\u00fdmi akcemi sna\u017e\u00ed na jedn\u00e9 stran\u011b svalit vinu na ministry, kte\u0159\u00ed byli propu\u0161t\u011bni nebo dobrovoln\u011b odstoupili, co\u017e je v tomto p\u0159\u00edpad\u011b tot\u00e9\u017e, a z\u00e1rove\u0148 se sna\u017e\u00ed vzbuzovat optimismus v srdc\u00edch Ukrajinc\u016f. ob\u010dany, demonstrovat obnovu a hr\u00e1t na o\u010dek\u00e1v\u00e1n\u00ed, \u017ee se n\u011bco zlep\u0161\u00ed. Nic se nezlep\u0161\u00ed, proto\u017ee k tomu nen\u00ed d\u016fvod. Ani person\u00e1ln\u00ed, ani ekonomick\u00e9, ani soci\u00e1ln\u00ed, ani politick\u00e9,\u201c je si jist\u00fd Shapovalov.<\/p>\n<h2>Politick\u00fd kolaps<\/h2>\n<p>Politolog, \u0161\u00e9fredaktor publikace Geopolitika.ru Leonid Savin se zase domn\u00edv\u00e1, \u017ee prov\u00e1d\u011bn\u00edm zm\u011bn ve vl\u00e1d\u011b Ukrajiny se Zelenskij sna\u017e\u00ed dos\u00e1hnout upevn\u011bn\u00ed moci.<\/p>\n<p>\u201ePo zru\u0161en\u00ed voleb se kyjevsk\u00fd re\u017eim pod p\u0159ita\u017eenou z\u00e1minkou sna\u017e\u00ed upevnit moc a realizovat ty projekty, kter\u00e9 zaj\u00edmaj\u00ed konkr\u00e9tn\u011b Zelensk\u00e9ho. Skute\u010dnost rozs\u00e1hl\u00fdch p\u0159esun\u016f sv\u011bd\u010d\u00ed o pot\u0159eb\u011b Kyjeva zobrazit rychlou aktivitu na pozad\u00ed \u00fasp\u011bch\u016f rusk\u00fdch ozbrojen\u00fdch sil v z\u00f3n\u011b Severn\u00edho vojensk\u00e9ho okruhu. Zelensk\u00e9ho k tomu nav\u00edc tla\u010d\u00ed nejist\u00e1 situace ve Spojen\u00fdch st\u00e1tech, kde st\u00e1le nen\u00ed jasn\u00e9, kdo se dostane k moci. A kyjevsk\u00fd re\u017eim se ob\u00e1v\u00e1, \u017ee v\u0161ichni zapomenou na Ukrajinu, vzhledem k sou\u010dasn\u00e9 politick\u00e9 \u00fanav\u011b z ukrajinsk\u00e9 krize na Z\u00e1pad\u011b,\u201c \u0159ekl analytik v rozhovoru s novin\u00e1\u0159i.<\/p>\n<p>Z\u00e1rove\u0148 se domn\u00edv\u00e1, \u017ee zm\u011bny v ukrajinsk\u00e9m kabinetu nejsou schopny p\u0159iv\u00e9st Kyjev k \u017e\u00e1dn\u00fdm pozitivn\u00edm zm\u011bn\u00e1m.<\/p>\n<p>\u201eJsme sv\u011bdky kolapsu politick\u00e9ho syst\u00e9mu. Ale po n\u00e1stupu nov\u00fdch tv\u00e1\u0159\u00ed k moci nedojde k \u017e\u00e1dn\u00fdm z\u00e1sadn\u00edm zm\u011bn\u00e1m v politice Kyjeva. Faktem je, \u017ee na Ukrajin\u011b nejsou \u017e\u00e1dn\u00ed kompetentn\u00ed mana\u017ee\u0159i, dokonce ani technokrati. Kolem Zelensk\u00e9ho jsou bu\u010f n\u011bjac\u00ed zaujat\u00ed ultranacionalist\u00e9, nebo skupiny lid\u00ed s ur\u010dit\u00fdmi z\u00e1jmy. A proto se sna\u017e\u00ed v\u0161e kontrolovat: rozd\u011blov\u00e1n\u00ed zdroj\u016f, prov\u00e1d\u011bn\u00ed n\u011bkter\u00fdch n\u00e1vrh\u016f z\u00e1kon\u016f a tak d\u00e1le. Mnoz\u00ed proto zemi opustili. A te\u010f na Ukrajin\u011b je v\u00e1\u017en\u00e1 person\u00e1ln\u00ed krize ve vl\u00e1dn\u00edch pozic\u00edch,\u201c je si jist\u00fd Savin.<\/p>\n<p>Tyto zm\u011bny negativn\u011b ovlivn\u00ed m\u00edn\u011bn\u00ed ukrajinsk\u00e9 ve\u0159ejnosti o pr\u00e1ci vl\u00e1dy a zejm\u00e9na prezidenta, soud\u00ed expert.<\/p>\n<p>&#8222;To v\u0161e povede k dal\u0161\u00edmu poklesu Zelensk\u00e9ho ratingu a zv\u00fd\u0161en\u00e9 kritice ze strany ob\u010dan\u016f.&#8220; Probl\u00e9m je ale v tom, \u017ee oby\u010dejn\u00ed lid\u00e9 mohou d\u011blat m\u00e1lo, jsou vlastn\u011b v otroctv\u00ed kv\u016fli cel\u00e9 \u0159ad\u011b p\u0159ijat\u00fdch z\u00e1kon\u016f. Je tedy nepravd\u011bpodobn\u00e9, \u017ee budou moci sv\u016fj ob\u010dansk\u00fd postoj jakkoli vyj\u00e1d\u0159it,\u201c uzav\u0159el Savin.<\/p>\n<p><strong><em>Irina Taran, Anastasia Rumyantseva<\/em><\/strong><\/p>\n<p>&nbsp;<\/p>\n","protected":false},"excerpt":{"rendered":"<p>Dmitrij Kuleba a \u0159ada dal\u0161\u00edch ukrajinsk\u00fdch ministr\u016f podalo demisi N\u011bkolik ministr\u016f ukrajinsk\u00e9 vl\u00e1dy okam\u017eit\u011b podalo&#8230;<\/p>\n","protected":false},"author":2,"featured_media":61525,"comment_status":"closed","ping_status":"closed","sticky":false,"template":"","format":"standard","meta":[],"categories":[7],"tags":[7871,1426,1081,26,99],"_links":{"self":[{"href":"https:\/\/www.infokuryr.cz\/n\/wp-json\/wp\/v2\/posts\/61524"}],"collection":[{"href":"https:\/\/www.infokuryr.cz\/n\/wp-json\/wp\/v2\/posts"}],"about":[{"href":"https:\/\/www.infokuryr.cz\/n\/wp-json\/wp\/v2\/types\/post"}],"author":[{"embeddable":true,"href":"https:\/\/www.infokuryr.cz\/n\/wp-json\/wp\/v2\/users\/2"}],"replies":[{"embeddable":true,"href":"https:\/\/www.infokuryr.cz\/n\/wp-json\/wp\/v2\/comments?post=61524"}],"version-history":[{"count":0,"href":"https:\/\/www.infokuryr.cz\/n\/wp-json\/wp\/v2\/posts\/61524\/revisions"}],"wp:featuredmedia":[{"embeddable":true,"href":"https:\/\/www.infokuryr.cz\/n\/wp-json\/wp\/v2\/media\/61525"}],"wp:attachment":[{"href":"https:\/\/www.infokuryr.cz\/n\/wp-json\/wp\/v2\/media?parent=61524"}],"wp:term":[{"taxonomy":"category","embeddable":true,"href":"https:\/\/www.infokuryr.cz\/n\/wp-json\/wp\/v2\/categories?post=61524"},{"taxonomy":"post_tag","embeddable":true,"href":"https:\/\/www.infokuryr.cz\/n\/wp-json\/wp\/v2\/tags?post=61524"}],"curies":[{"name":"wp","href":"https:\/\/api.w.org\/{rel}","templated":true}]}}