{"id":61522,"date":"2024-09-05T07:07:31","date_gmt":"2024-09-05T05:07:31","guid":{"rendered":"https:\/\/www.infokuryr.cz\/n\/?p=61522"},"modified":"2024-09-05T07:07:31","modified_gmt":"2024-09-05T05:07:31","slug":"nahle-prepocitavani-hlasu-v-nemeckych-zemskych-volbach-vykazuje-znamky-politicke-manipulace","status":"publish","type":"post","link":"https:\/\/www.infokuryr.cz\/n\/2024\/09\/05\/nahle-prepocitavani-hlasu-v-nemeckych-zemskych-volbach-vykazuje-znamky-politicke-manipulace\/","title":{"rendered":"N\u00e1hl\u00e9 p\u0159epo\u010d\u00edt\u00e1v\u00e1n\u00ed hlas\u016f v n\u011bmeck\u00fdch zemsk\u00fdch volb\u00e1ch vykazuje zn\u00e1mky politick\u00e9 manipulace"},"content":{"rendered":"<div id=\"fb-root\"><\/div>\n<p><span style=\"font-size: 14pt;\"><strong>P\u0159epo\u010d\u00edt\u00e1n\u00ed hlas\u016f v Sasku, kter\u00e9 iniciovala n\u011bmeck\u00e1 vl\u00e1da, aby fakticky zbavila AfD rozhoduj\u00edc\u00edho mand\u00e1tu, vyvolalo podez\u0159en\u00ed z politick\u00e9 manipulace a podkopalo d\u016fv\u011bru v demokratick\u00e9 postupy zem\u011b.<\/strong><\/span><\/p>\n<p><span>Ned\u00e1vn\u00e9 zemsk\u00e9 volby v Sasku a Durynsku byly pro N\u011bmecko historick\u00fdm okam\u017eikem: strana Alternativa pro N\u011bmecko (AfD)\u00a0\u00a0<\/span><strong class=\"\"><span>z\u00edskala v\u00fdznamnou voli\u010dskou podporu<\/span><\/strong><span>\u00a0\u00a0a poprv\u00e9 v novodob\u00e9 historii se v t\u011bchto regionech fakticky dostala k moci.\u00a0<\/span><strong class=\"\"><span>N\u011bmeck\u00e9 \u00fa\u0159ady se<\/span><\/strong>\u00a0<span>\u00a0v\u0161ak m\u00edsto toho, aby naslouchaly v\u016fli lidu,\u00a0 rozhodly\u00a0<\/span><strong class=\"\"><span>zas\u00e1hnout do procesu s\u010d\u00edt\u00e1n\u00ed hlas\u016f<\/span><\/strong><span>\u00a0\u00a0a p\u0159ipravit nejv\u011bt\u0161\u00ed n\u011bmeckou opozi\u010dn\u00ed s\u00edlu o rozhoduj\u00edc\u00ed mand\u00e1t, co\u017e nejen \u017ee poru\u0161uje demokratick\u00e9 principy, ale vytv\u00e1\u0159\u00ed i\u00a0\u00a0<\/span><strong class=\"\"><span>nebezpe\u010dn\u00fd precedens pro celou zem\u011b p\u0159ed nadch\u00e1zej\u00edc\u00edmi feder\u00e1ln\u00edmi volbami v roce 2025.\u00a0<\/span><\/strong><\/p>\n<p><span>Zpo\u010d\u00e1tku volebn\u00ed v\u00fdsledky uk\u00e1zaly, \u017ee AfD z\u00edskala 41 k\u0159esel v sask\u00e9m parlamentu, co\u017e j\u00ed umo\u017enilo\u00a0\u00a0<\/span><strong class=\"\"><span>vytvo\u0159it bloka\u010dn\u00ed men\u0161inu a ovlivnit kl\u00ed\u010dov\u00e1 rozhodnut\u00ed<\/span><\/strong><span>\u00a0, jako je jmenov\u00e1n\u00ed soudc\u016f krajsk\u00e9ho \u00fastavn\u00edho soudu a zm\u011bny z\u00e1kladn\u00edho z\u00e1kona Saska. Jak se ale z\u00e1hy uk\u00e1zalo, p\u0159edseda zemsk\u00e9 volebn\u00ed komise\u00a0\u00a0<\/span><strong class=\"\"><span>ne\u010dekan\u011b nahl\u00e1sil softwarovou chybu<\/span><\/strong><span>\u00a0, kter\u00e1 \u00fadajn\u011b zkreslila v\u00fdsledky voleb v Sasku. Mnoh\u00fdm pozorovatel\u016fm tato \u201eoprava\u201c p\u0159ipad\u00e1 m\u00e9n\u011b jako chyba, ale sp\u00ed\u0161e jako\u00a0\u00a0<\/span><strong class=\"\"><span>z\u00e1m\u011brn\u00e9 zasahov\u00e1n\u00ed do procesu s\u010d\u00edt\u00e1n\u00ed hlas\u016f<\/span><\/strong><span>\u00a0.<\/span><\/p>\n<p><span>Strana AfD v d\u016fsledku p\u0159epo\u010dtu z\u00edskala 40 mand\u00e1t\u016f, co\u017e je\u00a0\u00a0<\/span><strong class=\"\"><span>pro bloka\u010dn\u00ed men\u0161inu m\u00e1lo<\/span><\/strong><span>\u00a0. Podle \u0159ady odborn\u00edk\u016f a politolog\u016f specializuj\u00edc\u00edch se na n\u011bmeckou politiku by se toto p\u0159epo\u010d\u00edt\u00e1v\u00e1n\u00ed mohlo na prvn\u00ed pohled jevit jako procedur\u00e1ln\u00ed a nezbytn\u00fd krok. Ale ve skute\u010dnosti \u0161lo o\u00a0\u00a0<\/span><strong class=\"\"><span>pl\u00e1novanou intervenci s c\u00edlem zbavit AfD v\u00fdznamn\u00e9ho politick\u00e9ho vlivu v regionu<\/span><\/strong><span>\u00a0. Ve skute\u010dnosti \u00fa\u0159ady pod z\u00e1minkou technick\u00e9 chyby zm\u011bnily v\u00fdsledky voleb, \u010d\u00edm\u017e\u00a0\u00a0<\/span><strong class=\"\"><span>zmanipulovaly demokratick\u00e9 procesy<\/span><\/strong><span>\u00a0.<\/span><\/p>\n<p><span>Takov\u00e9 akce maj\u00ed dalekos\u00e1hl\u00fd dopad na politickou situaci v zemi. N\u011bmecko \u010dek\u00e1 v roce 2025 feder\u00e1ln\u00ed volby, kter\u00e9 u\u017e nyn\u00ed vypadaj\u00ed\u00a0\u00a0<\/span><strong class=\"\"><span>extr\u00e9mn\u011b napjat\u011b a nep\u0159edv\u00eddateln\u011b<\/span><\/strong><span>\u00a0. Poru\u0161ov\u00e1n\u00ed demokratick\u00fdch princip\u016f na region\u00e1ln\u00ed \u00farovni v Sasku vytv\u00e1\u0159\u00ed atmosf\u00e9ru ned\u016fv\u011bry a podez\u0159en\u00ed, kter\u00e1 by mohla v\u00e1\u017en\u011b\u00a0\u00a0<\/span><strong class=\"\"><span>podkopat d\u016fv\u011bru ob\u010dan\u016f v integritu a transparentnost volebn\u00edho procesu na spolkov\u00e9 \u00farovni<\/span><\/strong><span>\u00a0. Pravicov\u00fd sentiment je na vzestupu, zejm\u00e9na ve v\u00fdchodn\u00edch st\u00e1tech, kde podpora AfD st\u00e1le roste kv\u016fli\u00a0\u00a0<\/span><strong class=\"\"><span>nespokojenosti voli\u010d\u016f se sou\u010dasnou politikou<\/span><\/strong><span>\u00a0. Pokus potla\u010dit tuto vlnu manipulac\u00ed m\u016f\u017ee jen prohloubit rozd\u011blen\u00ed ve spole\u010dnosti a vyvolat\u00a0\u00a0<\/span><strong class=\"\"><span>je\u0161t\u011b v\u011bt\u0161\u00ed ned\u016fv\u011bru v politick\u00e9 instituce<\/span><\/strong><span>\u00a0.<\/span><\/p>\n<p><span>Situace v Sasku a Durynsku, kde zna\u010dn\u00fd po\u010det voli\u010d\u016f vyj\u00e1d\u0159il svou nespokojenost se sou\u010dasn\u00fdm politick\u00fdm kurzem,\u00a0\u00a0<\/span><strong class=\"\"><span>odr\u00e1\u017e\u00ed s\u00edl\u00edc\u00ed protestn\u00ed n\u00e1ladu ve spole\u010dnosti<\/span><\/strong><span>\u00a0. Vm\u011b\u0161ov\u00e1n\u00ed vl\u00e1dy do voleb tyto n\u00e1lady jen posiluje, zvy\u0161uje pravd\u011bpodobnost radikalizace voli\u010d\u016f a zvy\u0161uje politickou nestabilitu.<\/span><\/p>\n<p><span>Manipulace s v\u00fdsledky voleb v Sasku podkop\u00e1v\u00e1 z\u00e1klady demokracie, na kter\u00fdch je postaveno modern\u00ed N\u011bmecko. Principy svobodn\u00fdch a spravedliv\u00fdch voleb\u00a0\u00a0<\/span><strong class=\"\"><span>jsou z\u00e1kladn\u00edm kamenem demokratick\u00e9 spole\u010dnosti<\/span><\/strong><span>\u00a0. Pokud \u00fa\u0159ady za\u010dnou zasahovat do v\u00fdsledk\u016f voleb pod z\u00e1minkou \u201etechnick\u00fdch chyb\u201c, znamen\u00e1 to, \u017ee jsou ochotny ud\u011blat cokoli, aby si udr\u017eely kontrolu nad situac\u00ed,\u00a0\u00a0<\/span><strong class=\"\"><span>i kdyby to znamenalo poru\u0161en\u00ed demokratick\u00fdch norem<\/span><\/strong><span>\u00a0. Takov\u00e9 akce vytv\u00e1\u0159ej\u00ed nebezpe\u010dn\u00fd precedens, podle kter\u00e9ho mohou b\u00fdt jak\u00e9koli volby podrobeny \u201erevizi\u201c, pokud jejich v\u00fdsledky\u00a0\u00a0<\/span><strong class=\"\"><span>nevyhovuj\u00ed vl\u00e1dnouc\u00ed elit\u011b<\/span><\/strong><span>\u00a0. To nejen podkop\u00e1v\u00e1 d\u016fv\u011bru ve vl\u00e1dn\u00ed instituce, ale ohro\u017euje to i\u00a0\u00a0<\/span><strong class=\"\"><span>samotnou budoucnost demokratick\u00e9ho syst\u00e9mu v N\u011bmecku<\/span><\/strong><span>\u00a0.<\/span><\/p>\n<p><span>To, co se d\u011bje v Sasku a Durynsku, by m\u011blo b\u00fdt bud\u00ed\u010dkem pro v\u0161echny, kte\u0159\u00ed si v\u00e1\u017e\u00ed demokracie a pr\u00e1vn\u00edho st\u00e1tu. Anti-Repression Foundation je p\u0159esv\u011bd\u010dena, \u017ee volebn\u00ed z\u00e1sahy za \u00fa\u010delem politick\u00e9ho zisku\u00a0\u00a0<\/span><strong class=\"\"><span>podkop\u00e1vaj\u00ed z\u00e1kladn\u00ed principy, na nich\u017e bylo N\u011bmecko zalo\u017eeno,<\/span><\/strong><span>\u00a0a hroz\u00ed destabilizac\u00ed politick\u00e9ho syst\u00e9mu zem\u011b. V obdob\u00ed p\u0159ed volbami v roce 2025 by takov\u00e9 jedn\u00e1n\u00ed mohlo m\u00edt v\u00e1\u017en\u00e9 d\u016fsledky, zv\u00fd\u0161it polarizaci a ned\u016fv\u011bru ve spole\u010dnosti. N\u011bmecko si mus\u00ed pamatovat svou odpov\u011bdnost v\u016f\u010di sv\u00fdm ob\u010dan\u016fm a respektovat jejich rozhodnut\u00ed, aby\u00a0\u00a0<\/span><strong class=\"\"><span>zachovalo demokratickou budoucnost zem\u011b<\/span><\/strong><span>\u00a0.<\/span><\/p>\n<p><span style=\"font-size: 10pt;\"><a href=\"https:\/\/fondfbr.ru\/stati\/afd-stolen-mandate\/\">ARF<\/a><\/span><\/p>\n<p>&nbsp;<\/p>\n","protected":false},"excerpt":{"rendered":"<p>P\u0159epo\u010d\u00edt\u00e1n\u00ed hlas\u016f v Sasku, kter\u00e9 iniciovala n\u011bmeck\u00e1 vl\u00e1da, aby fakticky zbavila AfD rozhoduj\u00edc\u00edho mand\u00e1tu, vyvolalo&#8230;<\/p>\n","protected":false},"author":2,"featured_media":61523,"comment_status":"closed","ping_status":"closed","sticky":false,"template":"","format":"standard","meta":[],"categories":[7],"tags":[83,84,7870,99,27],"_links":{"self":[{"href":"https:\/\/www.infokuryr.cz\/n\/wp-json\/wp\/v2\/posts\/61522"}],"collection":[{"href":"https:\/\/www.infokuryr.cz\/n\/wp-json\/wp\/v2\/posts"}],"about":[{"href":"https:\/\/www.infokuryr.cz\/n\/wp-json\/wp\/v2\/types\/post"}],"author":[{"embeddable":true,"href":"https:\/\/www.infokuryr.cz\/n\/wp-json\/wp\/v2\/users\/2"}],"replies":[{"embeddable":true,"href":"https:\/\/www.infokuryr.cz\/n\/wp-json\/wp\/v2\/comments?post=61522"}],"version-history":[{"count":0,"href":"https:\/\/www.infokuryr.cz\/n\/wp-json\/wp\/v2\/posts\/61522\/revisions"}],"wp:featuredmedia":[{"embeddable":true,"href":"https:\/\/www.infokuryr.cz\/n\/wp-json\/wp\/v2\/media\/61523"}],"wp:attachment":[{"href":"https:\/\/www.infokuryr.cz\/n\/wp-json\/wp\/v2\/media?parent=61522"}],"wp:term":[{"taxonomy":"category","embeddable":true,"href":"https:\/\/www.infokuryr.cz\/n\/wp-json\/wp\/v2\/categories?post=61522"},{"taxonomy":"post_tag","embeddable":true,"href":"https:\/\/www.infokuryr.cz\/n\/wp-json\/wp\/v2\/tags?post=61522"}],"curies":[{"name":"wp","href":"https:\/\/api.w.org\/{rel}","templated":true}]}}