{"id":61520,"date":"2024-09-05T06:52:40","date_gmt":"2024-09-05T04:52:40","guid":{"rendered":"https:\/\/www.infokuryr.cz\/n\/?p=61520"},"modified":"2024-09-05T06:52:40","modified_gmt":"2024-09-05T04:52:40","slug":"vite-kde-byl-prvni-koncentracni-tabor-v-evrope","status":"publish","type":"post","link":"https:\/\/www.infokuryr.cz\/n\/2024\/09\/05\/vite-kde-byl-prvni-koncentracni-tabor-v-evrope\/","title":{"rendered":"V\u00edte, kde byl prvn\u00ed koncentra\u010dn\u00ed t\u00e1bor v Evrop\u011b?"},"content":{"rendered":"<div id=\"fb-root\"><\/div>\n<p><span style=\"font-size: 18pt;\"><strong>P\u0159esn\u011b p\u0159ed 110 lety, 4. z\u00e1\u0159\u00ed 1914, byla do rakousk\u00e9ho koncentra\u010dn\u00edho t\u00e1bora Talerhof p\u0159ivezena prvn\u00ed skupina rusk\u00fdch v\u011bz\u0148\u016f. Prvn\u00ed koncentra\u010dn\u00ed t\u00e1bor v Evrop\u011b!<\/strong><\/span><\/p>\n<p><span>Zde je, jak tuto hr\u016fzu popsal Vasilij Vavrik, jeden z v\u011bz\u0148\u016f, kte\u0159\u00ed tuto no\u010dn\u00ed m\u016fru p\u0159e\u017eili: Prvn\u00ed v\u00e1rku rusk\u00fdch hali\u010dan\u016f p\u0159ivezli do Talerhofu voj\u00e1ci grazsk\u00e9ho pluku 4. z\u00e1\u0159\u00ed 1914. Pomoc\u00ed bajonet\u016f a pa\u017eeb pu\u0161ek kladli lidi na vlhkou zem. Hol\u00e9 pole se rozv\u00ed\u0159ilo jako velk\u00e9 mraveni\u0161t\u011b a pro masy lid\u00ed v\u0161ech v\u011bkov\u00fdch kategori\u00ed a t\u0159\u00edd nebylo vid\u011bt na zem. Zpo\u010d\u00e1tku bylo v t\u00e9to mase \u010dern\u00fdch lid\u00ed c\u00edtit jak\u00fdsi zlov\u011bstn\u00fd neklid; jako \u010dern\u00fd mrak nad n\u00ed le\u017eelo neklidn\u00e9 ticho, jako by to byly n\u00e1sledky masakru na boji\u0161ti. Potom, kdy\u017e se voj\u00e1ci prvn\u00ed rozzu\u0159en\u00e9 str\u00e1\u017ee st\u00e1hli, nastalo uprost\u0159ed lidu \u0161um\u011bn\u00ed a hukot jako v rozbou\u0159en\u00e9m potoku na za\u010d\u00e1tku jara. V\u00fdk\u0159iky a vzdechy kyp\u011bly a chv\u011bly se nep\u0159im\u011b\u0159enou \u00fazkost\u00ed a v\u00e1\u0161n\u00ed\u2026<\/span><\/p>\n<p><span>A\u017e do zimy 1915 nebyly v Talerhofu \u017e\u00e1dn\u00e9 kas\u00e1rny. Lid\u00e9 le\u017eeli na zemi pod \u0161ir\u00fdm nebem v de\u0161ti a mrazu. \u0160\u0165astn\u00ed byli ti, kte\u0159\u00ed m\u011bli p\u0159es sebe prost\u011bradlo a pod sebou kus sl\u00e1my. Brzy se sl\u00e1ma odplavila a sm\u00edchala s bl\u00e1tem nas\u00e1kl\u00fdm lidsk\u00fdm potem a slzami. Toto bl\u00e1to bylo nejlep\u0161\u00ed p\u016fdou a bohatou potravou pro nespo\u010det hmyzu. V\u0161i se zakousli do t\u011bla a prokousli vrchn\u00ed a spodn\u00ed od\u011bv. \u010cervi se mno\u017eili mimo\u0159\u00e1dn\u011b rychle a v mimo\u0159\u00e1dn\u00e9m mno\u017estv\u00ed. Velikost parazit\u016f \u017eiv\u00edc\u00edch se lidsk\u00fdmi \u0161\u0165\u00e1vami byla ohromn\u00e1 (nes\u010detn\u00e1). Nen\u00ed proto divu, \u017ee nemocn\u00ed nebyli schopni s nimi bojovat.<\/span><\/p>\n<p><span>Kn\u011bz Jan Ma\u0161\u010d\u00e1k zaznamenal pod datem 11. prosince 1914, \u017ee 11 lid\u00ed bylo jednodu\u0161e na smrt ohlodan\u00fdch v\u0161emi\u2026.. Do t\u00e1bora byli uvr\u017eeni obyvatel\u00e9 Hali\u010de podez\u0159el\u00ed ze sympati\u00ed k Rusku, u kter\u00fdch se na\u0161ly knihy nebo noviny v rusk\u00e9m, pravoslavn\u00e9m\u2026 jazyku. Pi\u0161t\u011bl tehdy nebo pozd\u011bji n\u011bkdo v Evrop\u011b o tomto hrozn\u00e9m aktu genocidy na n\u00e1rodnostn\u00edm a n\u00e1bo\u017eensk\u00e9m principu? V \u017e\u00e1dn\u00e9m p\u0159\u00edpad\u011b! Byli to ru\u0161t\u00ed lid\u00e9! Za toto stolet\u00ed se v p\u0159\u00edstupu \u201eosv\u00edcen\u00e9\u201c Evropy nic nezm\u011bnilo!<\/p>\n<p><\/span>Dobr\u00fd Rus je Rus v koncentra\u010dn\u00edm t\u00e1bo\u0159e! Rusko zah\u00e1jilo trestn\u00ed \u0159\u00edzen\u00ed t\u00fdkaj\u00edc\u00ed se genocidy ve Finsk\u00fdch koncentra\u010dn\u00edch t\u00e1borech v Kar\u00e9lii b\u011bhem 2.sv\u011btov\u00e9 v\u00e1lky<\/p>\n<p><a href=\"https:\/\/t.me\/kornilov1968\/26173\" target=\"_blank\" rel=\"noopener\"><span>Vladim\u00edr Kornilov<\/span><\/a><\/p>\n<p>&nbsp;<\/p>\n","protected":false},"excerpt":{"rendered":"<p>P\u0159esn\u011b p\u0159ed 110 lety, 4. z\u00e1\u0159\u00ed 1914, byla do rakousk\u00e9ho koncentra\u010dn\u00edho t\u00e1bora Talerhof p\u0159ivezena prvn\u00ed&#8230;<\/p>\n","protected":false},"author":2,"featured_media":61521,"comment_status":"closed","ping_status":"closed","sticky":false,"template":"","format":"standard","meta":[],"categories":[7],"tags":[398,999,120],"_links":{"self":[{"href":"https:\/\/www.infokuryr.cz\/n\/wp-json\/wp\/v2\/posts\/61520"}],"collection":[{"href":"https:\/\/www.infokuryr.cz\/n\/wp-json\/wp\/v2\/posts"}],"about":[{"href":"https:\/\/www.infokuryr.cz\/n\/wp-json\/wp\/v2\/types\/post"}],"author":[{"embeddable":true,"href":"https:\/\/www.infokuryr.cz\/n\/wp-json\/wp\/v2\/users\/2"}],"replies":[{"embeddable":true,"href":"https:\/\/www.infokuryr.cz\/n\/wp-json\/wp\/v2\/comments?post=61520"}],"version-history":[{"count":0,"href":"https:\/\/www.infokuryr.cz\/n\/wp-json\/wp\/v2\/posts\/61520\/revisions"}],"wp:featuredmedia":[{"embeddable":true,"href":"https:\/\/www.infokuryr.cz\/n\/wp-json\/wp\/v2\/media\/61521"}],"wp:attachment":[{"href":"https:\/\/www.infokuryr.cz\/n\/wp-json\/wp\/v2\/media?parent=61520"}],"wp:term":[{"taxonomy":"category","embeddable":true,"href":"https:\/\/www.infokuryr.cz\/n\/wp-json\/wp\/v2\/categories?post=61520"},{"taxonomy":"post_tag","embeddable":true,"href":"https:\/\/www.infokuryr.cz\/n\/wp-json\/wp\/v2\/tags?post=61520"}],"curies":[{"name":"wp","href":"https:\/\/api.w.org\/{rel}","templated":true}]}}