{"id":61518,"date":"2024-09-05T06:37:44","date_gmt":"2024-09-05T04:37:44","guid":{"rendered":"https:\/\/www.infokuryr.cz\/n\/?p=61518"},"modified":"2024-09-05T06:37:44","modified_gmt":"2024-09-05T04:37:44","slug":"izrael-povazuje-jednani-o-gaze-za-kourovou-clonu","status":"publish","type":"post","link":"https:\/\/www.infokuryr.cz\/n\/2024\/09\/05\/izrael-povazuje-jednani-o-gaze-za-kourovou-clonu\/","title":{"rendered":"Izrael pova\u017euje jedn\u00e1n\u00ed o Gaze za \u201ekou\u0159ovou clonu\u201c"},"content":{"rendered":"<div id=\"fb-root\"><\/div>\n<p><span style=\"font-size: 18pt;\"><strong>Z\u00e1padn\u00ed Jeruzal\u00e9m odsunul diplomacii na vedlej\u0161\u00ed kolej ve prosp\u011bch \u201evojensk\u00e9ho \u0159e\u0161en\u00ed\u201c v\u00e1lky v Gaze, uvedla Moskva v OSN<\/strong><\/span><\/p>\n<p><span>Izrael pou\u017e\u00edv\u00e1 m\u00edrov\u00e1 jedn\u00e1n\u00ed k tomu, aby uvedl v omyl mezin\u00e1rodn\u00ed spole\u010denstv\u00ed a skryl sv\u00e9 skute\u010dn\u00e9 z\u00e1m\u011bry v Gaze, uvedl z\u00e1stupce rusk\u00e9ho vyslance p\u0159i OSN Dmitrij Polyansky.\u00a0\u00a0<\/span><\/p>\n<p><span>Poljanskij ve st\u0159edu v Rad\u011b bezpe\u010dnosti OSN obvinil Z\u00e1padn\u00ed Jeruzal\u00e9m z\u00a0<\/span><em><span>\u201etvrdohlav\u00e9ho hled\u00e1n\u00ed vojensk\u00e9ho \u0159e\u0161en\u00ed probl\u00e9mu, p\u0159i\u010dem\u017e se pokou\u0161\u00ed ignorovat rozhodnut\u00ed Rady bezpe\u010dnosti OSN\u201c.<\/span><\/em><\/p>\n<p><em><span>\u201eRada bezpe\u010dnosti je jednotn\u00e1 v pochopen\u00ed, \u017ee z\u00e1chrana zb\u00fdvaj\u00edc\u00edch Izraelc\u016f a cizinc\u016f vojensk\u00fdmi metodami je nemo\u017en\u00e1 a \u017ee neexistuje \u017e\u00e1dn\u00e1 alternativa k jedn\u00e1n\u00ed. Izraelsk\u00e1 spole\u010dnost to tak\u00e9 ch\u00e1pe a uzn\u00e1v\u00e1,\u201c<\/span><\/em><span>\u00a0\u0159ekl diplomat.<\/span><\/p>\n<p><em><span>&#8222;Izraelsk\u00e9 veden\u00ed v\u0161ak bohu\u017eel nad\u00e1le jedn\u00e1 o jedn\u00e1n\u00edch pouze jako o &#8222;kou\u0159ov\u00e9 clon\u011b&#8220;, kter\u00e1 m\u00e1 odvr\u00e1tit pozornost mezin\u00e1rodn\u00edho spole\u010denstv\u00ed.&#8220;<\/span><\/em><\/p>\n<p><span>Izrael po\u017e\u00e1dal o sch\u016fzku Rady bezpe\u010dnosti OSN pot\u00e9, co byla v tunelu v ji\u017en\u00edm p\u00e1smu Gazy objevena t\u011bla \u0161esti rukojm\u00edch unesen\u00fdch Hamasem. Podle Izraelsk\u00fdch obrann\u00fdch sil (IDF) palestin\u0161t\u00ed militanti popravili rukojm\u00ed n\u011bkolik dn\u00ed p\u0159edt\u00edm, ne\u017e izraelsk\u00e9 jednotky vstoupily do tunelu. Mezi zabit\u00fdmi byl i rusk\u00fd st\u00e1tn\u00ed p\u0159\u00edslu\u0161n\u00edk Alexandr Lobanov.<\/span><\/p>\n<p><span>Pot\u00e9, co odsoudil smrt rukojm\u00edch, Polyanksy tvrdil, \u017ee\u00a0<\/span><em><span>\u201ezajatci maj\u00ed men\u0161\u00ed \u0161ance na p\u0159e\u017eit\u00ed, zat\u00edmco izraelsk\u00e1 operace v Gaze pokra\u010duje\u201c.<\/span><\/em><\/p>\n<p><em><span>\u201eDnes oplak\u00e1v\u00e1me nejen zabit\u00e9 Izraelce, ale v\u0161echny lidi, kte\u0159\u00ed zem\u0159eli v Gaze, a\u0165 u\u017e jsou to Izraelci, Palestinci nebo ob\u010dan\u00e9 jin\u00fdch zem\u00ed.<\/span><\/em><\/p>\n<p><span>V \u010dervnu Rada bezpe\u010dnosti schv\u00e1lila rezoluci 2735, kter\u00e1 po\u017eadovala\u00a0<\/span><em><span>\u201eokam\u017eit\u00e9, \u00fapln\u00e9 a \u00fapln\u00e9 p\u0159\u00edm\u011b\u0159\u00ed s propu\u0161t\u011bn\u00edm rukojm\u00edch\u201c.<\/span><\/em><span>\u00a0Jedn\u00e1n\u00ed od t\u00e9 doby n\u011bkolikr\u00e1t zkrachovala a ob\u011b strany se navz\u00e1jem obvi\u0148ovaly z nere\u00e1ln\u00fdch po\u017eadavk\u016f.<\/span><\/p>\n<p><span>Izraelsk\u00fd premi\u00e9r Benjamin Netanjahu obvinil Ham\u00e1s z ne\u00fasp\u011bchu m\u00edrov\u00fdch rozhovor\u016f a prohl\u00e1sil, \u017ee militanti\u00a0<\/span><em><span>\u201ev\u0161echno odm\u00edtli\u201c.<\/span><\/em><span>\u00a0Zd\u016fraznil, \u017ee Izrael se nepl\u00e1nuje vzd\u00e1t kontroly nad takzvan\u00fdm Filadelfsk\u00fdm koridorem \u2013 p\u00e1sem zem\u011b na jihu Gazy pobl\u00ed\u017e hranic s Egyptem \u2013 s t\u00edm, \u017ee p\u0159\u00edtomnost IDF je nezbytn\u00e1 k zabr\u00e1n\u011bn\u00ed dal\u0161\u00edm \u00fatok\u016fm Hamasu.<\/span><\/p>\n<p><em><span>&#8222;Lid\u00e9 \u0159\u00edkali: tohle zabije dohodu.&#8220; A j\u00e1 \u0159\u00edk\u00e1m: takov\u00e1 dohoda n\u00e1s zabije,\u201c<\/span><\/em><span>\u00a0\u0159ekl ve st\u0159edu Netanjahu, kter\u00e9ho citovala BBC.<\/span><\/p>\n<p><span>USA pokra\u010dovaly ve snaze o prost\u0159ednictv\u00ed mezi Izraelem a Hamasem, p\u0159i\u010dem\u017e ministr zahrani\u010d\u00ed Antony Blinken tento m\u011bs\u00edc odcestoval na Bl\u00edzk\u00fd v\u00fdchod. Netanjahu v\u0161ak odm\u00edtl tvrzen\u00ed prezidenta Joea Bidena, \u017ee\u00a0<\/span><em><span>\u201ened\u011bl\u00e1 dost\u201c<\/span><\/em><span>\u00a0pro dosa\u017een\u00ed m\u00edrov\u00e9 dohody.\u00a0<\/span><em><span>&#8222;Hamas mus\u00ed ud\u011blat \u00fastupky,&#8220;<\/span><\/em><span>\u00a0\u0159ekl.<\/span><\/p>\n<p><span>Ve st\u0159edu v Rad\u011b bezpe\u010dnosti p\u0159edstavitel\u00e9 OSN znovu potvrdili sv\u00e9 v\u00fdzvy k propu\u0161t\u011bn\u00ed v\u0161ech rukojm\u00edch a okam\u017eit\u00e9mu p\u0159\u00edm\u011b\u0159\u00ed.<\/span><\/p>\n<p><img decoding=\"async\" loading=\"lazy\" class=\"alignnone size-full wp-image-1185\" src=\"http:\/\/www.infokuryr.cz\/n\/wp-content\/uploads\/2021\/04\/kuryr-podpis.png\" alt=\"\" width=\"84\" height=\"24\" \/><\/p>\n<p>&nbsp;<\/p>\n","protected":false},"excerpt":{"rendered":"<p>Z\u00e1padn\u00ed Jeruzal\u00e9m odsunul diplomacii na vedlej\u0161\u00ed kolej ve prosp\u011bch \u201evojensk\u00e9ho \u0159e\u0161en\u00ed\u201c v\u00e1lky v Gaze, uvedla&#8230;<\/p>\n","protected":false},"author":2,"featured_media":46511,"comment_status":"closed","ping_status":"closed","sticky":false,"template":"","format":"standard","meta":[],"categories":[7],"tags":[295,348,178,107,186],"_links":{"self":[{"href":"https:\/\/www.infokuryr.cz\/n\/wp-json\/wp\/v2\/posts\/61518"}],"collection":[{"href":"https:\/\/www.infokuryr.cz\/n\/wp-json\/wp\/v2\/posts"}],"about":[{"href":"https:\/\/www.infokuryr.cz\/n\/wp-json\/wp\/v2\/types\/post"}],"author":[{"embeddable":true,"href":"https:\/\/www.infokuryr.cz\/n\/wp-json\/wp\/v2\/users\/2"}],"replies":[{"embeddable":true,"href":"https:\/\/www.infokuryr.cz\/n\/wp-json\/wp\/v2\/comments?post=61518"}],"version-history":[{"count":0,"href":"https:\/\/www.infokuryr.cz\/n\/wp-json\/wp\/v2\/posts\/61518\/revisions"}],"wp:featuredmedia":[{"embeddable":true,"href":"https:\/\/www.infokuryr.cz\/n\/wp-json\/wp\/v2\/media\/46511"}],"wp:attachment":[{"href":"https:\/\/www.infokuryr.cz\/n\/wp-json\/wp\/v2\/media?parent=61518"}],"wp:term":[{"taxonomy":"category","embeddable":true,"href":"https:\/\/www.infokuryr.cz\/n\/wp-json\/wp\/v2\/categories?post=61518"},{"taxonomy":"post_tag","embeddable":true,"href":"https:\/\/www.infokuryr.cz\/n\/wp-json\/wp\/v2\/tags?post=61518"}],"curies":[{"name":"wp","href":"https:\/\/api.w.org\/{rel}","templated":true}]}}