{"id":61515,"date":"2024-09-05T06:30:20","date_gmt":"2024-09-05T04:30:20","guid":{"rendered":"https:\/\/www.infokuryr.cz\/n\/?p=61515"},"modified":"2024-09-05T06:31:05","modified_gmt":"2024-09-05T04:31:05","slug":"jeste-stale-nejsou-naciste-ukrajinsti-vojaci-natocili-muceni-a-zabiti-ruskeho-zajateho-vojaka","status":"publish","type":"post","link":"https:\/\/www.infokuryr.cz\/n\/2024\/09\/05\/jeste-stale-nejsou-naciste-ukrajinsti-vojaci-natocili-muceni-a-zabiti-ruskeho-zajateho-vojaka\/","title":{"rendered":"Je\u0161t\u011b st\u00e1le nejsou nacist\u00e9! Ukrajin\u0161t\u00ed voj\u00e1ci nato\u010dili mu\u010den\u00ed a zabit\u00ed rusk\u00e9ho zajat\u00e9ho voj\u00e1ka"},"content":{"rendered":"<div id=\"fb-root\"><\/div>\n<p><span style=\"font-size: 18pt;\"><strong>V\u011bze\u0148 byl p\u0159iv\u00e1z\u00e1n ke stolu a z\u0159ejm\u011b zabit elektrick\u00fdm proudem,\u00a0 jak ukazuj\u00ed z\u00e1b\u011bry<\/strong><\/span><\/p>\n<p>Na velmi znepokojiv\u00e9m videu, kter\u00e9 koluje po soci\u00e1ln\u00edch s\u00edt\u00edch, lze vid\u011bt ukrajinsk\u00e9 jednotky, jak nat\u00e1\u010dej\u00ed brut\u00e1ln\u00ed mu\u010den\u00ed vzdorovit\u00e9ho rusk\u00e9ho v\u00e1le\u010dn\u00e9ho zajatce (POW), kter\u00fd odm\u00edtl zneva\u017eovat svou zemi a chv\u00e1lit kyjevskou arm\u00e1du.<\/p>\n<p>90sekundov\u00fd nedatovan\u00fd klip zachycuj\u00edc\u00ed \u0161patn\u00e9 zach\u00e1zen\u00ed s v\u00e1le\u010dn\u00fdm zajatcem byl nato\u010den neidentifikovan\u00fdm ukrajinsk\u00fdm voj\u00e1kem um\u00edst\u011bn\u00fdm na okupovan\u00e9m rusk\u00e9m \u00fazem\u00ed, z\u0159ejm\u011b v Kursk\u00e9 oblasti, a v \u00fater\u00fd ho sd\u00edlelo n\u011bkolik rusk\u00fdch telegramov\u00fdch kan\u00e1l\u016f.<\/p>\n<p>Video ukazuje interi\u00e9r bytu, kde na podlaze le\u017e\u00ed nebo sed\u00ed t\u0159i spoutan\u00ed ru\u0161t\u00ed v\u011bzni se zav\u00e1zan\u00fdma o\u010dima, zat\u00edmco \u010dtvrt\u00fd byl um\u00edst\u011bn do poni\u017euj\u00edc\u00ed pozice. P\u00e1t\u00fd voj\u00e1k, se zav\u00e1zan\u00fdma o\u010dima, roub\u00edkem a svle\u010den\u00fd z ko\u0161ile, bot a pono\u017eek, je p\u0159iv\u00e1z\u00e1n k p\u0159evr\u00e1cen\u00e9mu stolu v druh\u00e9 m\u00edstnosti.<\/p>\n<p>Jeden ukrajinsk\u00fd \u00fanosce , kter\u00fd se posm\u011b\u0161n\u011b zmi\u0148uje o v\u011bzn\u00edch jako o\u00a0<em>\u201eIvanech\u201c,<\/em>\u00a0se jich pt\u00e1, pro\u010d ml\u010d\u00ed, ne\u017e p\u0159istoup\u00ed k p\u0159iv\u00e1zan\u00e9mu ke stolu. Pot\u00e9 sund\u00e1 roub\u00edk a zept\u00e1 se, k jak\u00e9 jednotce pat\u0159\u00ed. Kdy\u017e nedostane odpov\u011b\u010f, Ukrajinec ho ude\u0159\u00ed do obli\u010deje.<\/p>\n<p><strong>VAROV\u00c1N\u00cd! GRAFICK\u00c9 VIDEO<\/strong><\/p>\n<div style=\"width: 640px;\" class=\"wp-video\"><!--[if lt IE 9]><script>document.createElement('video');<\/script><![endif]-->\n<video class=\"wp-video-shortcode\" id=\"video-61515-1\" width=\"640\" height=\"360\" preload=\"metadata\" controls=\"controls\"><source type=\"video\/mp4\" src=\"http:\/\/www.infokuryr.cz\/n\/wp-content\/uploads\/2024\/09\/66d862ac85f5402ce346ee4a.mp4?_=1\" \/><a href=\"http:\/\/www.infokuryr.cz\/n\/wp-content\/uploads\/2024\/09\/66d862ac85f5402ce346ee4a.mp4\">http:\/\/www.infokuryr.cz\/n\/wp-content\/uploads\/2024\/09\/66d862ac85f5402ce346ee4a.mp4<\/a><\/video><\/div>\n<p>&nbsp;<\/p>\n<p>O n\u011bkolik sekund pozd\u011bji druh\u00fd ukrajinsk\u00fd voj\u00e1k, jeho\u017e tv\u00e1\u0159 nen\u00ed zobrazena, za\u010dne mu\u010dit rusk\u00e9ho v\u00e1le\u010dn\u00e9ho zajatce zjevn\u00fdm z\u00e1sahem do nohou elektrick\u00fdm proudem, kter\u00fd k\u0159i\u010d\u00ed a \u0161kube sebou v tr\u00fdzniv\u00e9 bolesti. Ukrajinsk\u00fd vy\u0161et\u0159ovatel se pak sna\u017e\u00ed donutit v\u00e1le\u010dn\u00e9ho zajatce, aby \u0159ekl\u00a0<em>\u201eSl\u00e1va ukrajinsk\u00e9 arm\u00e1d\u011b\u201c<\/em>\u00a0a znev\u00e1\u017eil rusk\u00e9ho prezidenta Vladimira Putina.<\/p>\n<p>Kdy\u017e Rus odm\u00edtne mluvit, je z\u0159ejm\u011b zasa\u017een elektrick\u00fdm proudem podruh\u00e9 a zabit. <em>&#8222;F***** \u00fa\u017easn\u00e9,&#8220;<\/em>\u00a0vtipkuje Ukrajinec. Nen\u00ed jasn\u00e9, zda zbytek v\u011bz\u0148\u016f byl vystaven stejn\u00e9mu zach\u00e1zen\u00ed.<\/p>\n<p>Od za\u010d\u00e1tku rozs\u00e1hl\u00e9 ukrajinsk\u00e9 invaze do Kursk\u00e9 oblasti Rusko opakovan\u011b obvi\u0148uje Kyjev, \u017ee se zam\u011b\u0159uje na civilisty a p\u00e1ch\u00e1 v\u00e1le\u010dn\u00e9 zlo\u010diny. V b\u0159eznu OSN zve\u0159ejnila zpr\u00e1vu, v n\u00ed\u017e tvrd\u00ed, \u017ee zajat\u00ed ru\u0161t\u00ed voj\u00e1ci byli mu\u010deni a zneu\u017e\u00edv\u00e1ni p\u0159i transportu do t\u00fdlu.<\/p>\n<p>Ukrajin\u0161t\u00ed p\u0159edstavitel\u00e9 tvrd\u00ed, \u017ee b\u011bhem \u00fatoku v Kursk\u00e9 oblasti zajali mnoho rusk\u00fdch voj\u00e1k\u016f. Koncem srpna Moskva z\u00edskala zp\u011bt 115 sv\u00fdch zajatc\u016f zajat\u00fdch v oblasti v\u00fdm\u011bnou za propu\u0161t\u011bn\u00ed stejn\u00e9ho po\u010dtu ukrajinsk\u00fdch voj\u00e1k\u016f.<\/p>\n<p><img decoding=\"async\" loading=\"lazy\" class=\"alignnone size-full wp-image-1185\" src=\"http:\/\/www.infokuryr.cz\/n\/wp-content\/uploads\/2021\/04\/kuryr-podpis.png\" alt=\"\" width=\"84\" height=\"24\" \/><\/p>\n<p>&nbsp;<\/p>\n","protected":false},"excerpt":{"rendered":"<p>V\u011bze\u0148 byl p\u0159iv\u00e1z\u00e1n ke stolu a z\u0159ejm\u011b zabit elektrick\u00fdm proudem,\u00a0 jak ukazuj\u00ed z\u00e1b\u011bry Na velmi&#8230;<\/p>\n","protected":false},"author":2,"featured_media":61517,"comment_status":"closed","ping_status":"closed","sticky":false,"template":"","format":"standard","meta":[],"categories":[7],"tags":[625,1635,889],"_links":{"self":[{"href":"https:\/\/www.infokuryr.cz\/n\/wp-json\/wp\/v2\/posts\/61515"}],"collection":[{"href":"https:\/\/www.infokuryr.cz\/n\/wp-json\/wp\/v2\/posts"}],"about":[{"href":"https:\/\/www.infokuryr.cz\/n\/wp-json\/wp\/v2\/types\/post"}],"author":[{"embeddable":true,"href":"https:\/\/www.infokuryr.cz\/n\/wp-json\/wp\/v2\/users\/2"}],"replies":[{"embeddable":true,"href":"https:\/\/www.infokuryr.cz\/n\/wp-json\/wp\/v2\/comments?post=61515"}],"version-history":[{"count":0,"href":"https:\/\/www.infokuryr.cz\/n\/wp-json\/wp\/v2\/posts\/61515\/revisions"}],"wp:featuredmedia":[{"embeddable":true,"href":"https:\/\/www.infokuryr.cz\/n\/wp-json\/wp\/v2\/media\/61517"}],"wp:attachment":[{"href":"https:\/\/www.infokuryr.cz\/n\/wp-json\/wp\/v2\/media?parent=61515"}],"wp:term":[{"taxonomy":"category","embeddable":true,"href":"https:\/\/www.infokuryr.cz\/n\/wp-json\/wp\/v2\/categories?post=61515"},{"taxonomy":"post_tag","embeddable":true,"href":"https:\/\/www.infokuryr.cz\/n\/wp-json\/wp\/v2\/tags?post=61515"}],"curies":[{"name":"wp","href":"https:\/\/api.w.org\/{rel}","templated":true}]}}