{"id":61486,"date":"2024-09-05T00:45:54","date_gmt":"2024-09-04T22:45:54","guid":{"rendered":"https:\/\/www.infokuryr.cz\/n\/?p=61486"},"modified":"2024-09-04T15:54:28","modified_gmt":"2024-09-04T13:54:28","slug":"iracky-odpor-oznamil-utok-na-izraelsky-pristav-haifa","status":"publish","type":"post","link":"https:\/\/www.infokuryr.cz\/n\/2024\/09\/05\/iracky-odpor-oznamil-utok-na-izraelsky-pristav-haifa\/","title":{"rendered":"Ir\u00e1ck\u00fd odpor ozn\u00e1mil \u00fatok na izraelsk\u00fd p\u0159\u00edstav Haifa"},"content":{"rendered":"<div id=\"fb-root\"><\/div>\n<p><strong><span>Isl\u00e1msk\u00fd odpor v Ir\u00e1ku (IRI), zast\u0159e\u0161uj\u00edc\u00ed skupina ozbrojen\u00fdch frakc\u00ed podporovan\u00fdch \u00cdr\u00e1nem, 4. z\u00e1\u0159\u00ed ozn\u00e1mila, \u017ee provedla bezpilotn\u00ed \u00fatok proti izraelsk\u00e9mu st\u0159edomo\u0159sk\u00e9mu p\u0159\u00edstavu Haifa.<\/span><\/strong><\/p>\n<p><span>\u00datok byl proveden \u201ev reakci na masakry sp\u00e1chan\u00e9 uzurpuj\u00edc\u00ed entitou [Izrael] na civilistech, v\u010detn\u011b d\u011bt\u00ed, \u017een a star\u00fdch lid\u00ed\u201c v palestinsk\u00e9 enkl\u00e1v\u011b v p\u00e1smu Gazy, uvedla skupina v prohl\u00e1\u0161en\u00ed a p\u0159\u00edsahala, \u017ee \u201e operace proti nep\u0159\u00e1telsk\u00fdm pevnostem budou pokra\u010dovat rostouc\u00edm tempem.&#8220;<\/span><\/p>\n<p><span>Po ozn\u00e1men\u00ed IRI Izraelsk\u00e9 obrann\u00e9 s\u00edly (IDF) v kr\u00e1tk\u00e9m prohl\u00e1\u0161en\u00ed uvedly, \u017ee dron m\u00ed\u0159\u00edc\u00ed k Izraeli z v\u00fdchodn\u00edho sm\u011bru byl p\u0159es noc sest\u0159elen protivzdu\u0161nou obranou. Podle arm\u00e1dy dron nevstoupil do izraelsk\u00e9ho vzdu\u0161n\u00e9ho prostoru.<\/span><\/p>\n<p><span>IDF obvykle pou\u017e\u00edv\u00e1 term\u00edn \u201ev\u00fdchodn\u00ed sm\u011br\u201c k ozna\u010den\u00ed projektil\u016f vypu\u0161t\u011bn\u00fdch z Ir\u00e1ku, co\u017e nazna\u010duje, \u017ee dron zachycen\u00fd p\u0159es noc byl ten, kter\u00fd odp\u00e1lila IRI v p\u0159\u00edstavu Haifa.<\/span><\/p>\n<p><span>IRI za\u010dala podnikat \u00fatoky proti Izraeli i proti sil\u00e1m Spojen\u00fdch st\u00e1t\u016f v Ir\u00e1ku a sousedn\u00ed S\u00fdrii loni v \u0159\u00edjnu v reakci na izraelskou v\u00e1lku v Gaze a na neochv\u011bjnou podporu Washingtonu.<\/span><\/p>\n<p><span>Od t\u00e9 doby skupina podnikla des\u00edtky \u00fatok\u016f proti Izraeli pomoc\u00ed sebevra\u017eedn\u00fdch dron\u016f a \u0159\u00edzen\u00fdch st\u0159el. \u017d\u00e1dn\u00fd z \u00fatok\u016f si v\u0161ak nevy\u017e\u00e1dal ob\u011bti.<\/span><\/p>\n<p><span>I kdy\u017e Izrael na \u00fatoky IRI dosud otev\u0159en\u011b nereagoval, byla zem\u011b po za\u010d\u00e1tku v\u00e1lky v P\u00e1smu obvi\u0148ov\u00e1na z n\u011bkolika \u00fader\u016f, kter\u00e9 m\u00ed\u0159ily na ozbrojen\u00e9 frakce podporovan\u00e9 \u00cdr\u00e1nem pod\u00e9l syrsko-ir\u00e1ck\u00e9 hranice a pobl\u00ed\u017e syrsk\u00e9ho hlavn\u00edho m\u011bsta Dama\u0161ku. P\u0159i n\u011bkter\u00fdch z t\u011bchto \u00fader\u016f byli zabiti ir\u00e1\u010dt\u00ed bojovn\u00edci.<\/span><\/p>\n<p><img decoding=\"async\" loading=\"lazy\" class=\"alignnone size-full wp-image-1185\" src=\"http:\/\/www.infokuryr.cz\/n\/wp-content\/uploads\/2021\/04\/kuryr-podpis.png\" alt=\"\" width=\"84\" height=\"24\" \/><\/p>\n<p>&nbsp;<\/p>\n","protected":false},"excerpt":{"rendered":"<p>Isl\u00e1msk\u00fd odpor v Ir\u00e1ku (IRI), zast\u0159e\u0161uj\u00edc\u00ed skupina ozbrojen\u00fdch frakc\u00ed podporovan\u00fdch \u00cdr\u00e1nem, 4. z\u00e1\u0159\u00ed ozn\u00e1mila, \u017ee&#8230;<\/p>\n","protected":false},"author":2,"featured_media":61487,"comment_status":"closed","ping_status":"closed","sticky":false,"template":"","format":"standard","meta":[],"categories":[7],"tags":[267,107,6413,349],"_links":{"self":[{"href":"https:\/\/www.infokuryr.cz\/n\/wp-json\/wp\/v2\/posts\/61486"}],"collection":[{"href":"https:\/\/www.infokuryr.cz\/n\/wp-json\/wp\/v2\/posts"}],"about":[{"href":"https:\/\/www.infokuryr.cz\/n\/wp-json\/wp\/v2\/types\/post"}],"author":[{"embeddable":true,"href":"https:\/\/www.infokuryr.cz\/n\/wp-json\/wp\/v2\/users\/2"}],"replies":[{"embeddable":true,"href":"https:\/\/www.infokuryr.cz\/n\/wp-json\/wp\/v2\/comments?post=61486"}],"version-history":[{"count":0,"href":"https:\/\/www.infokuryr.cz\/n\/wp-json\/wp\/v2\/posts\/61486\/revisions"}],"wp:featuredmedia":[{"embeddable":true,"href":"https:\/\/www.infokuryr.cz\/n\/wp-json\/wp\/v2\/media\/61487"}],"wp:attachment":[{"href":"https:\/\/www.infokuryr.cz\/n\/wp-json\/wp\/v2\/media?parent=61486"}],"wp:term":[{"taxonomy":"category","embeddable":true,"href":"https:\/\/www.infokuryr.cz\/n\/wp-json\/wp\/v2\/categories?post=61486"},{"taxonomy":"post_tag","embeddable":true,"href":"https:\/\/www.infokuryr.cz\/n\/wp-json\/wp\/v2\/tags?post=61486"}],"curies":[{"name":"wp","href":"https:\/\/api.w.org\/{rel}","templated":true}]}}