{"id":61481,"date":"2024-09-05T00:43:32","date_gmt":"2024-09-04T22:43:32","guid":{"rendered":"https:\/\/www.infokuryr.cz\/n\/?p=61481"},"modified":"2024-09-04T15:47:54","modified_gmt":"2024-09-04T13:47:54","slug":"nemecko-iracti-migranti-zavrazdili-provozovatele-azyloveho-domu-v-sarstedtu","status":"publish","type":"post","link":"https:\/\/www.infokuryr.cz\/n\/2024\/09\/05\/nemecko-iracti-migranti-zavrazdili-provozovatele-azyloveho-domu-v-sarstedtu\/","title":{"rendered":"N\u011bmecko: Ir\u00e1\u010dt\u00ed migranti zavra\u017edili provozovatele azylov\u00e9ho domu v Sarstedtu"},"content":{"rendered":"<div id=\"fb-root\"><\/div>\n<h2 class=\"s-tagline fw-tagline\"><span>Po\u0161kozen\u00fd pom\u00e1hal ubytov\u00e1vat \u017eadatele o azyl, nyn\u00ed ho ubodal k smrti jeden z mu\u017e\u016f v jeho hotelu<\/span><\/h2>\n<div class=\"e-ct-outer\">\n<div class=\"entry-content rbct clearfix is-highlight-shares\">\n<p><span>Ir\u00e1ck\u00fd migrant byl zat\u010den v pond\u011bl\u00ed pot\u00e9, co ubodal k smrti 61let\u00e9ho provozovatele azylov\u00e9ho domu v Sarstedtu.<\/span><\/p>\n<p><span>Policie uvedla, \u017ee se \u017eadatel o azyl \u00fadajn\u011b dostal do sporu s ob\u011bt\u00ed, kter\u00e1 vlastn\u00ed hotel p\u0159ed\u011blan\u00fd na azylov\u00fd d\u016fm. V ur\u010dit\u00e9m okam\u017eiku ho Ir\u00e1\u010dan podle policie \u201epobodal\u201c.<\/span><\/p>\n<p><span>Po \u010dinu, ke kter\u00e9mu do\u0161lo kolem poledne, Ir\u00e1\u010dan uprchl. Ob\u011b\u0165, kter\u00e1 byla z Hannoveru, zem\u0159ela kr\u00e1tce pot\u00e9 na sv\u00e1 zran\u011bn\u00ed.<\/span><\/p>\n<p><span>Zhruba o dev\u011bt hodin pozd\u011bji byl pachatel zadr\u017een a zat\u010den speci\u00e1ln\u00edmi policejn\u00edmi jednotkami.<\/span><\/p>\n<p><span>Policist\u00e9 pobl\u00ed\u017e m\u00edsta \u010dinu objevili n\u016f\u017e, kter\u00fd policist\u00e9 prov\u011b\u0159uj\u00ed, aby zjistili, zda se nejednalo o vra\u017eednou zbra\u0148.<\/span><\/p>\n<p><span>\u201eP\u011btat\u0159icetilet\u00fd mu\u017e je v sou\u010dasn\u00e9 dob\u011b v cele policejn\u00ed cely. St\u00e1tn\u00ed zastupitelstv\u00ed se obr\u00e1tilo na soud s n\u00e1vrhem na vzet\u00ed do vazby,\u201c ozn\u00e1mily \u00fa\u0159ady.<\/span><\/p>\n<p><span>Policie v pond\u011bl\u00ed vylou\u010dila jak\u00fdkoli teroristick\u00fd motiv.<\/span><\/p>\n<p><span>Org\u00e1n\u016fm \u010dinn\u00fdm v trestn\u00edm \u0159\u00edzen\u00ed se mu\u017ee poda\u0159ilo vyp\u00e1trat mimo jin\u00e9 na z\u00e1klad\u011b sv\u011bdeck\u00fdch v\u00fdpov\u011bd\u00ed a rozboru sledovac\u00ed kamery.<\/span><\/p>\n<p><span>Jak Remix News v minulosti uvedlo, pr\u00e1ce v azylov\u00e9m dom\u011b v Evrop\u011b m\u016f\u017ee b\u00fdt nebezpe\u010dn\u00fd byznys. Loni ir\u00e1ck\u00fd migrant polil\u00a0dva zam\u011bstnance v azylov\u00e9m dom\u011b\u00a0<\/span><a href=\"https:\/\/rmx.news\/crime\/scarred-for-life-trial-of-rejected-iranian-migrant-who-poured-hot-oil-over-two-female-employees-at-asylum-center-in-netherlands-begins\/\"><span>va\u0159\u00edc\u00edm olejem , \u010d\u00edm\u017e \u017eeny poranil na cel\u00fd \u017eivot.<\/span><\/a><\/p>\n<p><span>\u201eNemohla pracovat, je neschopn\u00e1. Pracovala tam srdcem a du\u0161\u00ed a nyn\u00ed je zjizven\u00e1 na cel\u00fd \u017eivot,\u201c \u0159ekl Nino Pennino, pr\u00e1vn\u00edk jedn\u00e9 z ob\u011bt\u00ed, n\u011bkolik m\u011bs\u00edc\u016f po \u00fatoku.<\/span><\/p>\n<p><a href=\"https:\/\/rmx.news\/crime\/germany-tunisian-migrant-stabs-asylum-center-worker-in-the-neck\/\"><span>V lo\u0148sk\u00e9m roce byl tak\u00e9 zat\u010den<\/span><\/a><span>\u00a023let\u00fd Tunisan\u00a0za pobod\u00e1n\u00ed 20let\u00e9ho zam\u011bstnance v azylov\u00e9m st\u0159edisku ve v\u00fdchodon\u011bmeck\u00e9m p\u0159\u00edstavn\u00edm m\u011bst\u011b Rostock.<\/span><\/p>\n<p><span>V roce 2022 byl imigra\u010dn\u00ed \u00fa\u0159ad v z\u00e1padon\u011bmeck\u00e9m m\u011bst\u011b Wuppertal uzav\u0159en pot\u00e9, co byl zam\u011bstnanec\u00a0<\/span><a href=\"https:\/\/rmx.news\/article\/germany-immigration-office-worker-stabbed-multiple-times-by-syrian-migrant-wuppertal\/\"><span>n\u011bkolikr\u00e1t bodnut<\/span><\/a><span>\u00a020let\u00fdm syrsk\u00fdm st\u00e1tn\u00edm p\u0159\u00edslu\u0161n\u00edkem.<\/span><\/p>\n<p><span>Podle den\u00edku Bild \u00fato\u010dn\u00edk vtrhl do budovy \u201eHouse of Integration\u201c ve \u010dtvrtek kr\u00e1tce p\u0159ed dev\u00e1tou hodinou rann\u00ed m\u00edstn\u00edho \u010dasu, \u201ep\u0159esko\u010dil recepci ve vstupn\u00ed \u010d\u00e1sti a n\u00e1hle \u017eenu pobodal\u201c.<\/span><\/p>\n<p><span>V roce 2021 byl ve francouzsk\u00e9m m\u011bst\u011b Pau\u00a0<\/span><a href=\"https:\/\/rmx.news\/article\/afghan-migrant-arrested-for-making-death-threats-to-staff-at-asylum-center\/\"><span>zavra\u017ed\u011bn<\/span><\/a><span> s\u00fad\u00e1nsk\u00fd \u017eadatel o azyl vedouc\u00ed azylov\u00e9ho centra .<\/span><\/p>\n<p><span>V roce 2016 byla \u201emlad\u00e1, kr\u00e1sn\u00e1 a p\u0159edev\u0161\u00edm laskav\u00e1\u201c Alexandra Mezher\u00a0<\/span><a href=\"https:\/\/www.washingtonpost.com\/news\/morning-mix\/wp\/2016\/01\/26\/horrible-and-tragic-15-year-old-migrant-fatally-stabs-swedish-asylum-worker\/\"><span>zavra\u017ed\u011bna<\/span><\/a><span>\u00a0\u017eadateli o azyl ve \u0160v\u00e9dsku, kdy\u017e pracovala v ubytovac\u00edm st\u0159edisku pro nezletil\u00e9 bez doprovodu.<\/span><\/p>\n<p><span>Toto je jen mal\u00fd vzorek z mnoha incident\u016f, kter\u00fdm lid\u00e9 pracuj\u00edc\u00ed v azylov\u00fdch st\u0159edisc\u00edch v Evrop\u011b \u010del\u00ed, p\u0159i\u010dem\u017e k \u00fatok\u016fm a n\u00e1sil\u00ed doch\u00e1z\u00ed ka\u017ed\u00fd den, \u010dasto mezi migranty pob\u00fdvaj\u00edc\u00edmi na t\u011bchto m\u00edstech, ale \u010dasto se tak\u00e9 zam\u011b\u0159uj\u00ed na person\u00e1l a bezpe\u010dnost.<\/span><\/p>\n<p><img decoding=\"async\" loading=\"lazy\" class=\"alignnone size-full wp-image-1185\" src=\"http:\/\/www.infokuryr.cz\/n\/wp-content\/uploads\/2021\/04\/kuryr-podpis.png\" alt=\"\" width=\"84\" height=\"24\" \/><\/p>\n<p>&nbsp;<\/p>\n<figure class=\"wp-block-embed is-type-rich is-provider-twitter wp-block-embed-twitter\">\n<div class=\"wp-block-embed__wrapper\"><\/div>\n<\/figure>\n<\/div>\n<\/div>\n","protected":false},"excerpt":{"rendered":"<p>Po\u0161kozen\u00fd pom\u00e1hal ubytov\u00e1vat \u017eadatele o azyl, nyn\u00ed ho ubodal k smrti jeden z mu\u017e\u016f v&#8230;<\/p>\n","protected":false},"author":2,"featured_media":61482,"comment_status":"closed","ping_status":"closed","sticky":false,"template":"","format":"standard","meta":[],"categories":[7],"tags":[551,84,184],"_links":{"self":[{"href":"https:\/\/www.infokuryr.cz\/n\/wp-json\/wp\/v2\/posts\/61481"}],"collection":[{"href":"https:\/\/www.infokuryr.cz\/n\/wp-json\/wp\/v2\/posts"}],"about":[{"href":"https:\/\/www.infokuryr.cz\/n\/wp-json\/wp\/v2\/types\/post"}],"author":[{"embeddable":true,"href":"https:\/\/www.infokuryr.cz\/n\/wp-json\/wp\/v2\/users\/2"}],"replies":[{"embeddable":true,"href":"https:\/\/www.infokuryr.cz\/n\/wp-json\/wp\/v2\/comments?post=61481"}],"version-history":[{"count":0,"href":"https:\/\/www.infokuryr.cz\/n\/wp-json\/wp\/v2\/posts\/61481\/revisions"}],"wp:featuredmedia":[{"embeddable":true,"href":"https:\/\/www.infokuryr.cz\/n\/wp-json\/wp\/v2\/media\/61482"}],"wp:attachment":[{"href":"https:\/\/www.infokuryr.cz\/n\/wp-json\/wp\/v2\/media?parent=61481"}],"wp:term":[{"taxonomy":"category","embeddable":true,"href":"https:\/\/www.infokuryr.cz\/n\/wp-json\/wp\/v2\/categories?post=61481"},{"taxonomy":"post_tag","embeddable":true,"href":"https:\/\/www.infokuryr.cz\/n\/wp-json\/wp\/v2\/tags?post=61481"}],"curies":[{"name":"wp","href":"https:\/\/api.w.org\/{rel}","templated":true}]}}