{"id":61479,"date":"2024-09-05T00:42:57","date_gmt":"2024-09-04T22:42:57","guid":{"rendered":"https:\/\/www.infokuryr.cz\/n\/?p=61479"},"modified":"2024-09-04T15:44:36","modified_gmt":"2024-09-04T13:44:36","slug":"zelenskeho-nejdulezitejsi-spojenec-ministr-zahranici-kuleba-podal-demisi","status":"publish","type":"post","link":"https:\/\/www.infokuryr.cz\/n\/2024\/09\/05\/zelenskeho-nejdulezitejsi-spojenec-ministr-zahranici-kuleba-podal-demisi\/","title":{"rendered":"Zelensk\u00e9ho nejd\u016fle\u017eit\u011bj\u0161\u00ed spojenec, ministr zahrani\u010d\u00ed Kuleba, podal demisi"},"content":{"rendered":"<div id=\"fb-root\"><\/div>\n<p><strong><span>Pot\u00e9, co p\u0159edev\u010d\u00edrem ve spole\u010dn\u00e9 akci n\u011bkolik ukrajinsk\u00fdch ministr\u016f rezignovalo na sv\u00e9 funkce, podal v\u010dera demisi tak\u00e9 Zelensk\u00e9ho nejd\u016fle\u017eit\u011bj\u0161\u00ed spojenec, ministr zahrani\u010d\u00ed Dmytro Kuleba. O\u010dek\u00e1v\u00e1 se, \u017ee n\u00e1vrh bude brzy projedn\u00e1n parlamentem. Sv\u00e9 pozice v ukrajinsk\u00e9 vl\u00e1d\u011b nyn\u00ed opustilo celkem \u0161est lid\u00ed.<\/span><\/strong><\/p>\n<p><span>Rezignaci ukrajinsk\u00e9ho ministra zahrani\u010d\u00ed Dmytra Kuleby ozn\u00e1mil p\u0159edseda kyjevsk\u00e9ho parlamentu Ruslan Stefan\u010duk &#8211; jak informoval i\u00a0<\/span><a href=\"https:\/\/www.nytimes.com\/2024\/09\/04\/world\/europe\/zelensky-cabinet-dmytro-kuleba-resignation.html#:~:text=Sept.%204,%202024,%202:11%20a.m.%20ET.%20Ukraine%E2%80%99s%20foreign\" rel=\"noopener\"><span>New York Times<\/span><\/a><span> . \u017d\u00e1dost o rezignaci budou brzy projedn\u00e1vat poslanci.<\/span><\/p>\n<p><span>P\u0159edch\u00e1zelo tomu Zelensk\u00e9ho ozn\u00e1men\u00ed o rekonstrukci vl\u00e1dy s c\u00edlem pos\u00edlit kabinet, aby bylo dosa\u017eeno pot\u0159ebn\u00fdch v\u00fdsledk\u016f pro Ukrajinu. Ofici\u00e1ln\u00ed\u00a0 Zelensk\u00e9ho web zve\u0159ejnil dekret o tom, \u017ee hlava st\u00e1tu odvolala z\u00e1stupce n\u00e1\u010deln\u00edka gener\u00e1ln\u00edho \u0161t\u00e1bu Rostislava Surmu. Zekenskyj ve sv\u00e9m no\u010dn\u00edm videu \u0159ekl:<\/span><\/p>\n<div class=\"quoteBlock-content\">\n<p><span>\u201e\u00a0<\/span><em><span>Podzim bude nesm\u00edrn\u011b d\u016fle\u017eit\u00fd. Na\u0161e st\u00e1tn\u00ed instituce mus\u00ed b\u00fdt pos\u00edleny, aby Ukrajina mohla dos\u00e1hnout v\u0161ech pot\u0159ebn\u00fdch v\u00fdsledk\u016f.<\/span><\/em><span>\u00a0\u201c<\/span><\/p>\n<p><span>A d\u00e1le:<\/span><\/p>\n<p><span>\u201e\u00a0<\/span><em><span>Je proto pot\u0159eba pos\u00edlit n\u011bkter\u00e9 vl\u00e1dn\u00ed sektory a zm\u011bny v person\u00e1ln\u00edm slo\u017een\u00ed se ji\u017e p\u0159ipravuj\u00ed. Ke zm\u011bn\u00e1m dojde i v \u00fa\u0159adu prezidenta.<\/span><\/em><span>\u00a0\u201c<\/span><\/p>\n<\/div>\n<p><span>P\u0159ed Kulebou ji\u017e\u00a0 v \u00fater\u00fd podalo parlamentu sv\u00e9 demise n\u011bkolik ministr\u016f, v\u010detn\u011b ministra spravedlnosti Denise Malyusky, ministra strategick\u00e9ho pr\u016fmyslu Oleksandra Kamishina a ministra \u017eivotn\u00edho prost\u0159ed\u00ed Ruslana Striletse.<\/span><\/p>\n<p><span>Podle prohl\u00e1\u0161en\u00ed podal demisi tak\u00e9 p\u0159edseda ukrajinsk\u00e9ho sv\u011b\u0159ensk\u00e9ho fondu Vitalij Koval a m\u00edstop\u0159edsedkyn\u011b vl\u00e1dy pro evropskou integraci Olha Stefanishina.<\/span><\/p>\n<p><img decoding=\"async\" loading=\"lazy\" class=\"alignnone size-full wp-image-1185\" src=\"http:\/\/www.infokuryr.cz\/n\/wp-content\/uploads\/2021\/04\/kuryr-podpis.png\" alt=\"\" width=\"84\" height=\"24\" \/><\/p>\n<p>&nbsp;<\/p>\n","protected":false},"excerpt":{"rendered":"<p>Pot\u00e9, co p\u0159edev\u010d\u00edrem ve spole\u010dn\u00e9 akci n\u011bkolik ukrajinsk\u00fdch ministr\u016f rezignovalo na sv\u00e9 funkce, podal v\u010dera&#8230;<\/p>\n","protected":false},"author":2,"featured_media":61480,"comment_status":"closed","ping_status":"closed","sticky":false,"template":"","format":"standard","meta":[],"categories":[7],"tags":[7833,1426,1081,26],"_links":{"self":[{"href":"https:\/\/www.infokuryr.cz\/n\/wp-json\/wp\/v2\/posts\/61479"}],"collection":[{"href":"https:\/\/www.infokuryr.cz\/n\/wp-json\/wp\/v2\/posts"}],"about":[{"href":"https:\/\/www.infokuryr.cz\/n\/wp-json\/wp\/v2\/types\/post"}],"author":[{"embeddable":true,"href":"https:\/\/www.infokuryr.cz\/n\/wp-json\/wp\/v2\/users\/2"}],"replies":[{"embeddable":true,"href":"https:\/\/www.infokuryr.cz\/n\/wp-json\/wp\/v2\/comments?post=61479"}],"version-history":[{"count":0,"href":"https:\/\/www.infokuryr.cz\/n\/wp-json\/wp\/v2\/posts\/61479\/revisions"}],"wp:featuredmedia":[{"embeddable":true,"href":"https:\/\/www.infokuryr.cz\/n\/wp-json\/wp\/v2\/media\/61480"}],"wp:attachment":[{"href":"https:\/\/www.infokuryr.cz\/n\/wp-json\/wp\/v2\/media?parent=61479"}],"wp:term":[{"taxonomy":"category","embeddable":true,"href":"https:\/\/www.infokuryr.cz\/n\/wp-json\/wp\/v2\/categories?post=61479"},{"taxonomy":"post_tag","embeddable":true,"href":"https:\/\/www.infokuryr.cz\/n\/wp-json\/wp\/v2\/tags?post=61479"}],"curies":[{"name":"wp","href":"https:\/\/api.w.org\/{rel}","templated":true}]}}