{"id":61470,"date":"2024-09-05T00:38:01","date_gmt":"2024-09-04T22:38:01","guid":{"rendered":"https:\/\/www.infokuryr.cz\/n\/?p=61470"},"modified":"2024-09-04T15:24:04","modified_gmt":"2024-09-04T13:24:04","slug":"tajna-zbran-nato-ve-valce-za-svobodu-slova","status":"publish","type":"post","link":"https:\/\/www.infokuryr.cz\/n\/2024\/09\/05\/tajna-zbran-nato-ve-valce-za-svobodu-slova\/","title":{"rendered":"Tajn\u00e1 zbra\u0148 NATO ve v\u00e1lce za svobodu slova"},"content":{"rendered":"<div id=\"fb-root\"><\/div>\n<p><span style=\"font-size: 14pt;\"><strong>Atlantick\u00e1 rada a NATO vedou st\u00ednovou v\u00e1lku proti svobod\u011b slova. S napojen\u00edm na CIA a miliardov\u00fdm vl\u00e1dn\u00edm financov\u00e1n\u00edm se cenzura st\u00e1v\u00e1 zbran\u00ed.<\/strong><\/span><\/p>\n<div class=\"wp-block-embed__wrapper\">\n<div class=\"twitter-tweet twitter-tweet-rendered\"><iframe id=\"twitter-widget-0\" class=\"\" title=\"X p\u0159\u00edsp\u011bvek\" src=\"https:\/\/platform.twitter.com\/embed\/Tweet.html?dnt=true&amp;embedId=twitter-widget-0&amp;features=eyJ0ZndfdGltZWxpbmVfbGlzdCI6eyJidWNrZXQiOltdLCJ2ZXJzaW9uIjpudWxsfSwidGZ3X2ZvbGxvd2VyX2NvdW50X3N1bnNldCI6eyJidWNrZXQiOnRydWUsInZlcnNpb24iOm51bGx9LCJ0ZndfdHdlZXRfZWRpdF9iYWNrZW5kIjp7ImJ1Y2tldCI6Im9uIiwidmVyc2lvbiI6bnVsbH0sInRmd19yZWZzcmNfc2Vzc2lvbiI6eyJidWNrZXQiOiJvbiIsInZlcnNpb24iOm51bGx9LCJ0ZndfZm9zbnJfc29mdF9pbnRlcnZlbnRpb25zX2VuYWJsZWQiOnsiYnVja2V0Ijoib24iLCJ2ZXJzaW9uIjpudWxsfSwidGZ3X21peGVkX21lZGlhXzE1ODk3Ijp7ImJ1Y2tldCI6InRyZWF0bWVudCIsInZlcnNpb24iOm51bGx9LCJ0ZndfZXhwZXJpbWVudHNfY29va2llX2V4cGlyYXRpb24iOnsiYnVja2V0IjoxMjA5NjAwLCJ2ZXJzaW9uIjpudWxsfSwidGZ3X3Nob3dfYmlyZHdhdGNoX3Bpdm90c19lbmFibGVkIjp7ImJ1Y2tldCI6Im9uIiwidmVyc2lvbiI6bnVsbH0sInRmd19kdXBsaWNhdGVfc2NyaWJlc190b19zZXR0aW5ncyI6eyJidWNrZXQiOiJvbiIsInZlcnNpb24iOm51bGx9LCJ0ZndfdXNlX3Byb2ZpbGVfaW1hZ2Vfc2hhcGVfZW5hYmxlZCI6eyJidWNrZXQiOiJvbiIsInZlcnNpb24iOm51bGx9LCJ0ZndfdmlkZW9faGxzX2R5bmFtaWNfbWFuaWZlc3RzXzE1MDgyIjp7ImJ1Y2tldCI6InRydWVfYml0cmF0ZSIsInZlcnNpb24iOm51bGx9LCJ0ZndfbGVnYWN5X3RpbWVsaW5lX3N1bnNldCI6eyJidWNrZXQiOnRydWUsInZlcnNpb24iOm51bGx9LCJ0ZndfdHdlZXRfZWRpdF9mcm9udGVuZCI6eyJidWNrZXQiOiJvbiIsInZlcnNpb24iOm51bGx9fQ%3D%3D&amp;frame=false&amp;hideCard=false&amp;hideThread=false&amp;id=1758529993280205039&amp;lang=cs&amp;origin=https%3A%2F%2Fhaintz.media%2Fartikel%2Finternational%2Fdie-geheime-waffe-der-nato-im-krieg-gegen-freie-meinungsaeusserung%2F&amp;sessionId=9ef69ff0724f0d3375c1c2067739775847f94a21&amp;siteScreenName=Haintz_MediaLAW&amp;theme=light&amp;widgetsVersion=2615f7e52b7e0%3A1702314776716&amp;width=550px\" frameborder=\"0\" scrolling=\"no\" allowfullscreen=\"allowfullscreen\" data-tweet-id=\"1758529993280205039\" data-mce-fragment=\"1\"><\/iframe><\/div>\n<\/div>\n<p>&nbsp;<\/p>\n<h2 class=\"wp-block-heading\">Pokrytectv\u00ed Atlantick\u00e9 rady a NATO<\/h2>\n<p>NATO\u00a0<a href=\"https:\/\/www.nato.int\/\" target=\"_blank\" rel=\"noopener noreferrer nofollow\">,<\/a>\u00a0kdysi aliance na ochranu z\u00e1padn\u00edho sv\u011bta p\u0159ed vn\u011bj\u0161\u00edmi hrozbami, se v pr\u016fb\u011bhu desetilet\u00ed prom\u011bnilo. Dnes je nejen vojenskou alianc\u00ed, ale tak\u00e9 n\u00e1strojem pro ovliv\u0148ov\u00e1n\u00ed a kontrolu ve\u0159ejn\u00e9ho m\u00edn\u011bn\u00ed v \u010dlensk\u00fdch st\u00e1tech i mimo n\u011b. Kl\u00ed\u010dovou roli v t\u00e9to s\u00edti hraje\u00a0<a href=\"https:\/\/www.atlanticcouncil.org\/\" target=\"_blank\" rel=\"noopener noreferrer nofollow\">Atlantick\u00e1 rada<\/a>\u00a0, think-tank \u00fazce napojen\u00fd na NATO a z\u00e1padn\u00ed vl\u00e1dy. Tato organizace, kter\u00e1 se popisuje jako \u201enez\u00e1visl\u00e1\u201c, je hluboce zapletena do mocensk\u00fdch struktur, v\u010detn\u011b financov\u00e1n\u00ed od Pentagonu, americk\u00e9ho ministerstva zahrani\u010d\u00ed a r\u016fzn\u00fdch nevl\u00e1dn\u00edch organizac\u00ed (NGO), kter\u00e9 funguj\u00ed jako kryc\u00ed organizace CIA. Tato spojen\u00ed vyvol\u00e1vaj\u00ed pochybnosti o integrit\u011b a nez\u00e1vislosti Atlantick\u00e9 rady, zejm\u00e9na pokud jde o jej\u00ed roli v glob\u00e1ln\u00ed cenzu\u0159e.<\/p>\n<p><em>Pozn\u00e1mka:<\/em>\u00a0Think\u00a0<strong>tank<\/strong>\u00a0je skupina odborn\u00edk\u016f svolan\u00e1 organizac\u00ed, zejm\u00e9na vl\u00e1dou, k projedn\u00e1n\u00ed r\u016fzn\u00fdch probl\u00e9m\u016f a vypracov\u00e1n\u00ed mo\u017en\u00fdch \u0159e\u0161en\u00ed.<\/p>\n<p><em>Pozn\u00e1mka:\u00a0<\/em><strong>Nevl\u00e1dn\u00ed organizace<\/strong>\u00a0(NGO), dobrovoln\u00e9 sdru\u017een\u00ed jednotlivc\u016f nebo organizac\u00ed, obvykle nep\u0159idru\u017een\u00e9 k vl\u00e1d\u011b, kter\u00e9 poskytuje slu\u017eby nebo se zasazuje o ve\u0159ejnou politiku.<\/p>\n<h2 class=\"wp-block-heading\">Atlantsk\u00e1 rada: Loutka CIA a Pentagonu?<\/h2>\n<p>Moc a vliv Atlantick\u00e9 rady jsou nesporn\u00e9 a jsou zalo\u017eeny na znepokojiv\u00e9 realit\u011b: sedm b\u00fdval\u00fdch \u0159editel\u016f CIA slou\u017e\u00ed ve spr\u00e1vn\u00ed rad\u011b Atlantick\u00e9 rady a organizace dost\u00e1v\u00e1 ka\u017edoro\u010dn\u011b finan\u010dn\u00ed prost\u0159edky od Pentagonu, americk\u00e9ho ministerstva zahrani\u010d\u00ed a dal\u0161\u00edch vl\u00e1dn\u00edch agentur. Tento \u00fazk\u00fd vztah s americk\u00fdmi zpravodajsk\u00fdmi slu\u017ebami a arm\u00e1dou zpochyb\u0148uje nez\u00e1vislost organizace a nazna\u010duje, \u017ee slou\u017e\u00ed jako n\u00e1stroj k prosazov\u00e1n\u00ed geopolitick\u00fdch c\u00edl\u016f USA a NATO.<\/p>\n<figure class=\"wp-block-embed is-type-rich is-provider-twitter wp-block-embed-twitter\">\n<div class=\"wp-block-embed__wrapper\">\n<div class=\"twitter-tweet twitter-tweet-rendered\"><iframe id=\"twitter-widget-1\" class=\"\" title=\"X p\u0159\u00edsp\u011bvek\" src=\"https:\/\/platform.twitter.com\/embed\/Tweet.html?dnt=true&amp;embedId=twitter-widget-1&amp;features=eyJ0ZndfdGltZWxpbmVfbGlzdCI6eyJidWNrZXQiOltdLCJ2ZXJzaW9uIjpudWxsfSwidGZ3X2ZvbGxvd2VyX2NvdW50X3N1bnNldCI6eyJidWNrZXQiOnRydWUsInZlcnNpb24iOm51bGx9LCJ0ZndfdHdlZXRfZWRpdF9iYWNrZW5kIjp7ImJ1Y2tldCI6Im9uIiwidmVyc2lvbiI6bnVsbH0sInRmd19yZWZzcmNfc2Vzc2lvbiI6eyJidWNrZXQiOiJvbiIsInZlcnNpb24iOm51bGx9LCJ0ZndfZm9zbnJfc29mdF9pbnRlcnZlbnRpb25zX2VuYWJsZWQiOnsiYnVja2V0Ijoib24iLCJ2ZXJzaW9uIjpudWxsfSwidGZ3X21peGVkX21lZGlhXzE1ODk3Ijp7ImJ1Y2tldCI6InRyZWF0bWVudCIsInZlcnNpb24iOm51bGx9LCJ0ZndfZXhwZXJpbWVudHNfY29va2llX2V4cGlyYXRpb24iOnsiYnVja2V0IjoxMjA5NjAwLCJ2ZXJzaW9uIjpudWxsfSwidGZ3X3Nob3dfYmlyZHdhdGNoX3Bpdm90c19lbmFibGVkIjp7ImJ1Y2tldCI6Im9uIiwidmVyc2lvbiI6bnVsbH0sInRmd19kdXBsaWNhdGVfc2NyaWJlc190b19zZXR0aW5ncyI6eyJidWNrZXQiOiJvbiIsInZlcnNpb24iOm51bGx9LCJ0ZndfdXNlX3Byb2ZpbGVfaW1hZ2Vfc2hhcGVfZW5hYmxlZCI6eyJidWNrZXQiOiJvbiIsInZlcnNpb24iOm51bGx9LCJ0ZndfdmlkZW9faGxzX2R5bmFtaWNfbWFuaWZlc3RzXzE1MDgyIjp7ImJ1Y2tldCI6InRydWVfYml0cmF0ZSIsInZlcnNpb24iOm51bGx9LCJ0ZndfbGVnYWN5X3RpbWVsaW5lX3N1bnNldCI6eyJidWNrZXQiOnRydWUsInZlcnNpb24iOm51bGx9LCJ0ZndfdHdlZXRfZWRpdF9mcm9udGVuZCI6eyJidWNrZXQiOiJvbiIsInZlcnNpb24iOm51bGx9fQ%3D%3D&amp;frame=false&amp;hideCard=false&amp;hideThread=false&amp;id=1828931249043583457&amp;lang=cs&amp;origin=https%3A%2F%2Fhaintz.media%2Fartikel%2Finternational%2Fdie-geheime-waffe-der-nato-im-krieg-gegen-freie-meinungsaeusserung%2F&amp;sessionId=9ef69ff0724f0d3375c1c2067739775847f94a21&amp;siteScreenName=Haintz_MediaLAW&amp;theme=light&amp;widgetsVersion=2615f7e52b7e0%3A1702314776716&amp;width=550px\" frameborder=\"0\" scrolling=\"no\" allowfullscreen=\"allowfullscreen\" data-tweet-id=\"1828931249043583457\" data-mce-fragment=\"1\"><\/iframe><\/div>\n<\/div><figcaption class=\"wp-element-caption\">Zdroj: X-Post Mike Benz<\/figcaption><\/figure>\n<p>Zvl\u00e1\u0161t\u011b do o\u010d\u00ed bij\u00edc\u00edm p\u0159\u00edkladem t\u00e9to instrumentalizace je zapojen\u00ed Atlantick\u00e9 rady do cenzury ob\u010dan\u016f USA, jak odhalil Mike Benz, \u0159editel Foundation for Freedom Online. Podle Benze, krom\u011b toho, \u017ee tla\u010d\u00ed na evropsk\u00e9 vl\u00e1dy, aby p\u0159ijaly z\u00e1kony o cenzu\u0159e, Atlantick\u00e1 rada tak\u00e9 aktivn\u011b pracovala na potla\u010den\u00ed svobody slova ve Spojen\u00fdch st\u00e1tech, zejm\u00e9na b\u011bhem prezidentsk\u00fdch voleb v roce 2020.<\/p>\n<h2 class=\"wp-block-heading\">Cenzura jako zbra\u0148: Role Atlantick\u00e9 rady v boji proti svobod\u011b slova<\/h2>\n<p>Cenzura v USA a Evrop\u011b dos\u00e1hla nov\u00e9ho rozm\u011bru, kter\u00fd dalece p\u0159esahuje tradi\u010dn\u00ed opat\u0159en\u00ed. Ve spolupr\u00e1ci se spojenci NATO a vl\u00e1dn\u00edmi agenturami pracovala Atlantick\u00e1 rada na v\u00fdvoji a implementaci cenzurn\u00edch technologi\u00ed p\u016fvodn\u011b ur\u010den\u00fdch k boji proti ISIS a dal\u0161\u00edm extremistick\u00fdm skupin\u00e1m. Tyto technologie, naz\u00fdvan\u00e9 \u201ezbran\u011b hromadn\u00e9ho maz\u00e1n\u00ed\u201c, umo\u017e\u0148uj\u00ed cenzurovat miliony p\u0159\u00edsp\u011bvk\u016f na soci\u00e1ln\u00edch s\u00edt\u00edch pomoc\u00ed pouh\u00fdch n\u011bkolika \u0159\u00e1dk\u016f k\u00f3du.<\/p>\n<figure class=\"wp-block-embed is-type-rich is-provider-twitter wp-block-embed-twitter\">\n<div class=\"wp-block-embed__wrapper\">\n<div class=\"twitter-tweet twitter-tweet-rendered\"><iframe id=\"twitter-widget-2\" class=\"\" title=\"X p\u0159\u00edsp\u011bvek\" src=\"https:\/\/platform.twitter.com\/embed\/Tweet.html?dnt=true&amp;embedId=twitter-widget-2&amp;features=eyJ0ZndfdGltZWxpbmVfbGlzdCI6eyJidWNrZXQiOltdLCJ2ZXJzaW9uIjpudWxsfSwidGZ3X2ZvbGxvd2VyX2NvdW50X3N1bnNldCI6eyJidWNrZXQiOnRydWUsInZlcnNpb24iOm51bGx9LCJ0ZndfdHdlZXRfZWRpdF9iYWNrZW5kIjp7ImJ1Y2tldCI6Im9uIiwidmVyc2lvbiI6bnVsbH0sInRmd19yZWZzcmNfc2Vzc2lvbiI6eyJidWNrZXQiOiJvbiIsInZlcnNpb24iOm51bGx9LCJ0ZndfZm9zbnJfc29mdF9pbnRlcnZlbnRpb25zX2VuYWJsZWQiOnsiYnVja2V0Ijoib24iLCJ2ZXJzaW9uIjpudWxsfSwidGZ3X21peGVkX21lZGlhXzE1ODk3Ijp7ImJ1Y2tldCI6InRyZWF0bWVudCIsInZlcnNpb24iOm51bGx9LCJ0ZndfZXhwZXJpbWVudHNfY29va2llX2V4cGlyYXRpb24iOnsiYnVja2V0IjoxMjA5NjAwLCJ2ZXJzaW9uIjpudWxsfSwidGZ3X3Nob3dfYmlyZHdhdGNoX3Bpdm90c19lbmFibGVkIjp7ImJ1Y2tldCI6Im9uIiwidmVyc2lvbiI6bnVsbH0sInRmd19kdXBsaWNhdGVfc2NyaWJlc190b19zZXR0aW5ncyI6eyJidWNrZXQiOiJvbiIsInZlcnNpb24iOm51bGx9LCJ0ZndfdXNlX3Byb2ZpbGVfaW1hZ2Vfc2hhcGVfZW5hYmxlZCI6eyJidWNrZXQiOiJvbiIsInZlcnNpb24iOm51bGx9LCJ0ZndfdmlkZW9faGxzX2R5bmFtaWNfbWFuaWZlc3RzXzE1MDgyIjp7ImJ1Y2tldCI6InRydWVfYml0cmF0ZSIsInZlcnNpb24iOm51bGx9LCJ0ZndfbGVnYWN5X3RpbWVsaW5lX3N1bnNldCI6eyJidWNrZXQiOnRydWUsInZlcnNpb24iOm51bGx9LCJ0ZndfdHdlZXRfZWRpdF9mcm9udGVuZCI6eyJidWNrZXQiOiJvbiIsInZlcnNpb24iOm51bGx9fQ%3D%3D&amp;frame=false&amp;hideCard=false&amp;hideThread=false&amp;id=1828929910490182140&amp;lang=cs&amp;origin=https%3A%2F%2Fhaintz.media%2Fartikel%2Finternational%2Fdie-geheime-waffe-der-nato-im-krieg-gegen-freie-meinungsaeusserung%2F&amp;sessionId=9ef69ff0724f0d3375c1c2067739775847f94a21&amp;siteScreenName=Haintz_MediaLAW&amp;theme=light&amp;widgetsVersion=2615f7e52b7e0%3A1702314776716&amp;width=550px\" frameborder=\"0\" scrolling=\"no\" allowfullscreen=\"allowfullscreen\" data-tweet-id=\"1828929910490182140\" data-mce-fragment=\"1\"><\/iframe><\/div>\n<\/div><figcaption class=\"wp-element-caption\">Zdroj: X-Post Jack Posobiec<\/figcaption><\/figure>\n<p>Tato forma cenzury byla poprv\u00e9 ve velk\u00e9m m\u011b\u0159\u00edtku pou\u017eita b\u011bhem pandemie COVID-19 a americk\u00fdch prezidentsk\u00fdch voleb v roce 2020. Benz vysv\u011btluje, jak vl\u00e1da mapovala narativn\u00ed s\u00edt\u011b pomoc\u00ed strojov\u00e9ho u\u010den\u00ed a um\u011bl\u00e9 inteligence k identifikaci a potla\u010den\u00ed disidentsk\u00fdch hlas\u016f. Zvl\u00e1\u0161t\u011b znepokojiv\u00e9 je, \u017ee tato cenzura byla \u0159\u00edzena vl\u00e1dou, ale byla prov\u00e1d\u011bna prost\u0159ednictv\u00edm nevl\u00e1dn\u00edch organizac\u00ed a soukrom\u00fdch spole\u010dnost\u00ed, aby zakryla p\u0159\u00edmou \u00fa\u010dast st\u00e1tu.<\/p>\n<h2 class=\"wp-block-heading\">\u201ehybridn\u00ed v\u00e1lka\u201c NATO: kontrola prost\u0159ednictv\u00edm medi\u00e1ln\u00ed manipulace<\/h2>\n<p>Dal\u0161\u00edm znepokojiv\u00fdm aspektem je \u201ehybridn\u00ed v\u00e1lka\u201c, kterou NATO p\u0159ijalo po anexi Krymu v roce 2014. Tato doktr\u00edna je zalo\u017eena na pozn\u00e1n\u00ed, \u017ee k dosa\u017een\u00ed geopolitick\u00fdch c\u00edl\u016f ji\u017e nen\u00ed nutn\u00e9 vyhr\u00e1vat vojensk\u00e9 konflikty. M\u00edsto toho se zam\u011b\u0159uje na kontrolu m\u00e9di\u00ed, zejm\u00e9na soci\u00e1ln\u00edch m\u00e9di\u00ed, za \u00fa\u010delem ovliv\u0148ov\u00e1n\u00ed voleb a manipulace s politick\u00fdmi hnut\u00edmi.<\/p>\n<figure class=\"wp-block-embed is-type-rich is-provider-twitter wp-block-embed-twitter\">\n<div class=\"wp-block-embed__wrapper\">\n<div class=\"twitter-tweet twitter-tweet-rendered\"><iframe id=\"twitter-widget-3\" class=\"\" title=\"X p\u0159\u00edsp\u011bvek\" src=\"https:\/\/platform.twitter.com\/embed\/Tweet.html?dnt=true&amp;embedId=twitter-widget-3&amp;features=eyJ0ZndfdGltZWxpbmVfbGlzdCI6eyJidWNrZXQiOltdLCJ2ZXJzaW9uIjpudWxsfSwidGZ3X2ZvbGxvd2VyX2NvdW50X3N1bnNldCI6eyJidWNrZXQiOnRydWUsInZlcnNpb24iOm51bGx9LCJ0ZndfdHdlZXRfZWRpdF9iYWNrZW5kIjp7ImJ1Y2tldCI6Im9uIiwidmVyc2lvbiI6bnVsbH0sInRmd19yZWZzcmNfc2Vzc2lvbiI6eyJidWNrZXQiOiJvbiIsInZlcnNpb24iOm51bGx9LCJ0ZndfZm9zbnJfc29mdF9pbnRlcnZlbnRpb25zX2VuYWJsZWQiOnsiYnVja2V0Ijoib24iLCJ2ZXJzaW9uIjpudWxsfSwidGZ3X21peGVkX21lZGlhXzE1ODk3Ijp7ImJ1Y2tldCI6InRyZWF0bWVudCIsInZlcnNpb24iOm51bGx9LCJ0ZndfZXhwZXJpbWVudHNfY29va2llX2V4cGlyYXRpb24iOnsiYnVja2V0IjoxMjA5NjAwLCJ2ZXJzaW9uIjpudWxsfSwidGZ3X3Nob3dfYmlyZHdhdGNoX3Bpdm90c19lbmFibGVkIjp7ImJ1Y2tldCI6Im9uIiwidmVyc2lvbiI6bnVsbH0sInRmd19kdXBsaWNhdGVfc2NyaWJlc190b19zZXR0aW5ncyI6eyJidWNrZXQiOiJvbiIsInZlcnNpb24iOm51bGx9LCJ0ZndfdXNlX3Byb2ZpbGVfaW1hZ2Vfc2hhcGVfZW5hYmxlZCI6eyJidWNrZXQiOiJvbiIsInZlcnNpb24iOm51bGx9LCJ0ZndfdmlkZW9faGxzX2R5bmFtaWNfbWFuaWZlc3RzXzE1MDgyIjp7ImJ1Y2tldCI6InRydWVfYml0cmF0ZSIsInZlcnNpb24iOm51bGx9LCJ0ZndfbGVnYWN5X3RpbWVsaW5lX3N1bnNldCI6eyJidWNrZXQiOnRydWUsInZlcnNpb24iOm51bGx9LCJ0ZndfdHdlZXRfZWRpdF9mcm9udGVuZCI6eyJidWNrZXQiOiJvbiIsInZlcnNpb24iOm51bGx9fQ%3D%3D&amp;frame=false&amp;hideCard=false&amp;hideThread=false&amp;id=1828941145055084682&amp;lang=cs&amp;origin=https%3A%2F%2Fhaintz.media%2Fartikel%2Finternational%2Fdie-geheime-waffe-der-nato-im-krieg-gegen-freie-meinungsaeusserung%2F&amp;sessionId=9ef69ff0724f0d3375c1c2067739775847f94a21&amp;siteScreenName=Haintz_MediaLAW&amp;theme=light&amp;widgetsVersion=2615f7e52b7e0%3A1702314776716&amp;width=550px\" frameborder=\"0\" scrolling=\"no\" allowfullscreen=\"allowfullscreen\" data-tweet-id=\"1828941145055084682\" data-mce-fragment=\"1\"><\/iframe><\/div>\n<\/div><figcaption class=\"wp-element-caption\">Zdroj: X-Post Kanekoa The Great<\/figcaption><\/figure>\n<p>Tato strategie byla zvl\u00e1\u0161t\u011b zes\u00edlena po Brexitu a zvolen\u00ed Donalda Trumpa. NATO a jeho spojenci vid\u011bli vznikaj\u00edc\u00ed populistick\u00e9 hnut\u00ed jako hrozbu pro \u201emezin\u00e1rodn\u00ed \u0159\u00e1d zalo\u017een\u00fd na pravidlech\u201c a vyvinuli opat\u0159en\u00ed ke kontrole a cenzu\u0159e ve\u0159ejn\u00e9ho m\u00edn\u011bn\u00ed. Atlantick\u00e1 rada v tom hr\u00e1la kl\u00ed\u010dovou roli t\u00edm, \u017ee nejen podporovala cenzurn\u00ed technologie, ale tak\u00e9 tla\u010dila na vl\u00e1dy a soukrom\u00e9 spole\u010dnosti, aby tyto technologie p\u0159ijaly.<\/p>\n<h2 class=\"wp-block-heading\">\u201eDeep state\u201c a potla\u010dov\u00e1n\u00ed demokracie<\/h2>\n<p>Spojen\u00ed mezi Atlantickou radou, NATO a zpravodajsk\u00fdmi slu\u017ebami USA jsou jasn\u00fdm p\u0159\u00edkladem vlivu tzv. \u201edeep state\u201c. Tyto mocensk\u00e9 struktury, z velk\u00e9 \u010d\u00e1sti mimo ve\u0159ejnou kontrolu, maj\u00ed potenci\u00e1l podkopat demokratick\u00e9 procesy a nasm\u011brovat ve\u0159ejn\u00e9 m\u00edn\u011bn\u00ed sm\u011brem, kter\u00fd slou\u017e\u00ed z\u00e1jm\u016fm mal\u00e9 elity.<\/p>\n<figure class=\"wp-block-embed is-type-rich is-provider-twitter wp-block-embed-twitter\">\n<div class=\"wp-block-embed__wrapper\">\n<div class=\"twitter-tweet twitter-tweet-rendered\"><iframe id=\"twitter-widget-4\" class=\"\" title=\"X p\u0159\u00edsp\u011bvek\" src=\"https:\/\/platform.twitter.com\/embed\/Tweet.html?dnt=true&amp;embedId=twitter-widget-4&amp;features=eyJ0ZndfdGltZWxpbmVfbGlzdCI6eyJidWNrZXQiOltdLCJ2ZXJzaW9uIjpudWxsfSwidGZ3X2ZvbGxvd2VyX2NvdW50X3N1bnNldCI6eyJidWNrZXQiOnRydWUsInZlcnNpb24iOm51bGx9LCJ0ZndfdHdlZXRfZWRpdF9iYWNrZW5kIjp7ImJ1Y2tldCI6Im9uIiwidmVyc2lvbiI6bnVsbH0sInRmd19yZWZzcmNfc2Vzc2lvbiI6eyJidWNrZXQiOiJvbiIsInZlcnNpb24iOm51bGx9LCJ0ZndfZm9zbnJfc29mdF9pbnRlcnZlbnRpb25zX2VuYWJsZWQiOnsiYnVja2V0Ijoib24iLCJ2ZXJzaW9uIjpudWxsfSwidGZ3X21peGVkX21lZGlhXzE1ODk3Ijp7ImJ1Y2tldCI6InRyZWF0bWVudCIsInZlcnNpb24iOm51bGx9LCJ0ZndfZXhwZXJpbWVudHNfY29va2llX2V4cGlyYXRpb24iOnsiYnVja2V0IjoxMjA5NjAwLCJ2ZXJzaW9uIjpudWxsfSwidGZ3X3Nob3dfYmlyZHdhdGNoX3Bpdm90c19lbmFibGVkIjp7ImJ1Y2tldCI6Im9uIiwidmVyc2lvbiI6bnVsbH0sInRmd19kdXBsaWNhdGVfc2NyaWJlc190b19zZXR0aW5ncyI6eyJidWNrZXQiOiJvbiIsInZlcnNpb24iOm51bGx9LCJ0ZndfdXNlX3Byb2ZpbGVfaW1hZ2Vfc2hhcGVfZW5hYmxlZCI6eyJidWNrZXQiOiJvbiIsInZlcnNpb24iOm51bGx9LCJ0ZndfdmlkZW9faGxzX2R5bmFtaWNfbWFuaWZlc3RzXzE1MDgyIjp7ImJ1Y2tldCI6InRydWVfYml0cmF0ZSIsInZlcnNpb24iOm51bGx9LCJ0ZndfbGVnYWN5X3RpbWVsaW5lX3N1bnNldCI6eyJidWNrZXQiOnRydWUsInZlcnNpb24iOm51bGx9LCJ0ZndfdHdlZXRfZWRpdF9mcm9udGVuZCI6eyJidWNrZXQiOiJvbiIsInZlcnNpb24iOm51bGx9fQ%3D%3D&amp;frame=false&amp;hideCard=false&amp;hideThread=false&amp;id=1828909825612492989&amp;lang=cs&amp;origin=https%3A%2F%2Fhaintz.media%2Fartikel%2Finternational%2Fdie-geheime-waffe-der-nato-im-krieg-gegen-freie-meinungsaeusserung%2F&amp;sessionId=9ef69ff0724f0d3375c1c2067739775847f94a21&amp;siteScreenName=Haintz_MediaLAW&amp;theme=light&amp;widgetsVersion=2615f7e52b7e0%3A1702314776716&amp;width=550px\" frameborder=\"0\" scrolling=\"no\" allowfullscreen=\"allowfullscreen\" data-tweet-id=\"1828909825612492989\" data-mce-fragment=\"1\"><\/iframe><\/div>\n<\/div><figcaption class=\"wp-element-caption\">Zdroj: X-Post Revolver News<\/figcaption><\/figure>\n<p>Skute\u010dnost, \u017ee Atlantic Council m\u00e1 ve sv\u00fdch \u0159ad\u00e1ch sedm b\u00fdval\u00fdch \u0159editel\u016f CIA a je financov\u00e1na vl\u00e1dn\u00edmi agenturami, vyvol\u00e1v\u00e1 v\u00e1\u017en\u00e9 ot\u00e1zky o legitimit\u011b a neutralit\u011b jej\u00edch aktivit. Tato organizace, kter\u00e1 \u00fadajn\u011b jedn\u00e1 ve jm\u00e9nu demokracie, se ve skute\u010dnosti stala n\u00e1strojem autokracie zam\u011b\u0159en\u00e9 na potla\u010den\u00ed disentu a z\u00edsk\u00e1n\u00ed kontroly nad ve\u0159ejn\u00fdm m\u00edn\u011bn\u00edm.<\/p>\n<h2 class=\"wp-block-heading\">Role nevl\u00e1dn\u00edch organizac\u00ed a think-tank\u016f v celosv\u011btov\u00e9 s\u00edti cenzury<\/h2>\n<p>Nevl\u00e1dn\u00ed organizace a\u00a0<a href=\"https:\/\/responsiblestatecraft.org\/2023\/01\/19\/dc-think-tank-addresses-undisclosed-conflicts-of-interest\/\" target=\"_blank\" rel=\"noopener noreferrer nofollow\">think-tanky<\/a>\u00a0, jako je Atlantick\u00e1 rada, hraj\u00ed v t\u00e9to celosv\u011btov\u00e9 s\u00edti cenzury \u00fast\u0159edn\u00ed roli. Tyto organizace, \u010dasto l\u00ed\u010den\u00e9 jako nez\u00e1visl\u00e9 a neziskov\u00e9, jsou ve skute\u010dnosti \u00fazce propojeny s vl\u00e1dn\u00edmi agenturami a arm\u00e1dou. P\u016fsob\u00ed jako prost\u0159edn\u00edci, kte\u0159\u00ed koordinuj\u00ed a prov\u00e1d\u011bj\u00ed vl\u00e1dn\u00ed cenzurn\u00ed opat\u0159en\u00ed.<\/p>\n<p>P\u0159\u00edkladem toho je\u00a0<a href=\"https:\/\/cyber.fsi.stanford.edu\/content\/virality-project\" target=\"_blank\" rel=\"noopener noreferrer nofollow\">projekt virality<\/a>\u00a0, kter\u00fd podpo\u0159ila Atlantick\u00e1 rada. Tento projekt zmapoval 66 r\u016fzn\u00fdch narativ\u016f \u0161\u00ed\u0159en\u00fdch b\u011bhem pandemie COVID-19 a vyvinul modely strojov\u00e9ho u\u010den\u00ed pro monitorov\u00e1n\u00ed a cenzuru t\u011bchto narativ\u016f v re\u00e1ln\u00e9m \u010dase. Tato forma cenzury jde daleko za tradi\u010dn\u00ed metody a p\u0159edstavuje hlubok\u00fd z\u00e1sah do svobody projevu.<\/p>\n<h2 class=\"wp-block-heading\">Skute\u010dn\u00e1 hrozba pro demokracii<\/h2>\n<figure class=\"wp-block-embed is-type-rich is-provider-twitter wp-block-embed-twitter\">\n<div class=\"wp-block-embed__wrapper\">\n<div class=\"twitter-tweet twitter-tweet-rendered\"><iframe id=\"twitter-widget-5\" class=\"\" title=\"X p\u0159\u00edsp\u011bvek\" src=\"https:\/\/platform.twitter.com\/embed\/Tweet.html?dnt=true&amp;embedId=twitter-widget-5&amp;features=eyJ0ZndfdGltZWxpbmVfbGlzdCI6eyJidWNrZXQiOltdLCJ2ZXJzaW9uIjpudWxsfSwidGZ3X2ZvbGxvd2VyX2NvdW50X3N1bnNldCI6eyJidWNrZXQiOnRydWUsInZlcnNpb24iOm51bGx9LCJ0ZndfdHdlZXRfZWRpdF9iYWNrZW5kIjp7ImJ1Y2tldCI6Im9uIiwidmVyc2lvbiI6bnVsbH0sInRmd19yZWZzcmNfc2Vzc2lvbiI6eyJidWNrZXQiOiJvbiIsInZlcnNpb24iOm51bGx9LCJ0ZndfZm9zbnJfc29mdF9pbnRlcnZlbnRpb25zX2VuYWJsZWQiOnsiYnVja2V0Ijoib24iLCJ2ZXJzaW9uIjpudWxsfSwidGZ3X21peGVkX21lZGlhXzE1ODk3Ijp7ImJ1Y2tldCI6InRyZWF0bWVudCIsInZlcnNpb24iOm51bGx9LCJ0ZndfZXhwZXJpbWVudHNfY29va2llX2V4cGlyYXRpb24iOnsiYnVja2V0IjoxMjA5NjAwLCJ2ZXJzaW9uIjpudWxsfSwidGZ3X3Nob3dfYmlyZHdhdGNoX3Bpdm90c19lbmFibGVkIjp7ImJ1Y2tldCI6Im9uIiwidmVyc2lvbiI6bnVsbH0sInRmd19kdXBsaWNhdGVfc2NyaWJlc190b19zZXR0aW5ncyI6eyJidWNrZXQiOiJvbiIsInZlcnNpb24iOm51bGx9LCJ0ZndfdXNlX3Byb2ZpbGVfaW1hZ2Vfc2hhcGVfZW5hYmxlZCI6eyJidWNrZXQiOiJvbiIsInZlcnNpb24iOm51bGx9LCJ0ZndfdmlkZW9faGxzX2R5bmFtaWNfbWFuaWZlc3RzXzE1MDgyIjp7ImJ1Y2tldCI6InRydWVfYml0cmF0ZSIsInZlcnNpb24iOm51bGx9LCJ0ZndfbGVnYWN5X3RpbWVsaW5lX3N1bnNldCI6eyJidWNrZXQiOnRydWUsInZlcnNpb24iOm51bGx9LCJ0ZndfdHdlZXRfZWRpdF9mcm9udGVuZCI6eyJidWNrZXQiOiJvbiIsInZlcnNpb24iOm51bGx9fQ%3D%3D&amp;frame=false&amp;hideCard=false&amp;hideThread=false&amp;id=1829378255012409470&amp;lang=cs&amp;origin=https%3A%2F%2Fhaintz.media%2Fartikel%2Finternational%2Fdie-geheime-waffe-der-nato-im-krieg-gegen-freie-meinungsaeusserung%2F&amp;sessionId=9ef69ff0724f0d3375c1c2067739775847f94a21&amp;siteScreenName=Haintz_MediaLAW&amp;theme=light&amp;widgetsVersion=2615f7e52b7e0%3A1702314776716&amp;width=550px\" frameborder=\"0\" scrolling=\"no\" allowfullscreen=\"allowfullscreen\" data-tweet-id=\"1829378255012409470\" data-mce-fragment=\"1\"><\/iframe><\/div>\n<\/div><figcaption class=\"wp-element-caption\">Zdroj: X-Post Mike Benz<\/figcaption><\/figure>\n<p>Vazby Atlantick\u00e9 rady na NATO a americk\u00e9 zpravodajsk\u00e9 slu\u017eby ohro\u017euj\u00ed demokracii. P\u0159esto\u017ee se tv\u00e1\u0159\u00ed jako obr\u00e1nci svobody, ve skute\u010dnosti slou\u017e\u00ed \u00fatlaku a manipuluj\u00ed ve\u0159ejn\u00fdm m\u00edn\u011bn\u00edm, aby potla\u010dili nesouhlasn\u00e9 hlasy.<\/p>\n<p>Zvl\u00e1\u0161t\u011b nyn\u00ed, kdy je svoboda projevu celosv\u011btov\u011b ohro\u017eena, mus\u00ed b\u00fdt organizace jako Atlantick\u00e1 rada kriticky prozkoum\u00e1ny. Demokracii lze p\u0159ed dal\u0161\u00ed eroz\u00ed ochr\u00e1nit pouze transparentnost\u00ed a odpov\u011bdnost\u00ed. \u00daloha Atlantick\u00e9 rady v glob\u00e1ln\u00ed cenzu\u0159e mus\u00ed b\u00fdt vystavena ochran\u011b z\u00e1kladn\u00edch pr\u00e1v ob\u010dan\u016f a zaji\u0161t\u011bn\u00ed skute\u010dn\u00e9 demokracie.<\/p>\n<p><em><strong>Zdroj: <a href=\"https:\/\/haintz.media\/artikel\/international\/die-geheime-waffe-der-nato-im-krieg-gegen-freie-meinungsaeusserung\/\">X-Post Tucker Carlson<\/a><\/strong><\/em><\/p>\n<p>&nbsp;<\/p>\n","protected":false},"excerpt":{"rendered":"<p>Atlantick\u00e1 rada a NATO vedou st\u00ednovou v\u00e1lku proti svobod\u011b slova. S napojen\u00edm na CIA a&#8230;<\/p>\n","protected":false},"author":2,"featured_media":61471,"comment_status":"closed","ping_status":"closed","sticky":false,"template":"","format":"standard","meta":[],"categories":[7],"tags":[63,39,380,553,37],"_links":{"self":[{"href":"https:\/\/www.infokuryr.cz\/n\/wp-json\/wp\/v2\/posts\/61470"}],"collection":[{"href":"https:\/\/www.infokuryr.cz\/n\/wp-json\/wp\/v2\/posts"}],"about":[{"href":"https:\/\/www.infokuryr.cz\/n\/wp-json\/wp\/v2\/types\/post"}],"author":[{"embeddable":true,"href":"https:\/\/www.infokuryr.cz\/n\/wp-json\/wp\/v2\/users\/2"}],"replies":[{"embeddable":true,"href":"https:\/\/www.infokuryr.cz\/n\/wp-json\/wp\/v2\/comments?post=61470"}],"version-history":[{"count":1,"href":"https:\/\/www.infokuryr.cz\/n\/wp-json\/wp\/v2\/posts\/61470\/revisions"}],"predecessor-version":[{"id":61472,"href":"https:\/\/www.infokuryr.cz\/n\/wp-json\/wp\/v2\/posts\/61470\/revisions\/61472"}],"wp:featuredmedia":[{"embeddable":true,"href":"https:\/\/www.infokuryr.cz\/n\/wp-json\/wp\/v2\/media\/61471"}],"wp:attachment":[{"href":"https:\/\/www.infokuryr.cz\/n\/wp-json\/wp\/v2\/media?parent=61470"}],"wp:term":[{"taxonomy":"category","embeddable":true,"href":"https:\/\/www.infokuryr.cz\/n\/wp-json\/wp\/v2\/categories?post=61470"},{"taxonomy":"post_tag","embeddable":true,"href":"https:\/\/www.infokuryr.cz\/n\/wp-json\/wp\/v2\/tags?post=61470"}],"curies":[{"name":"wp","href":"https:\/\/api.w.org\/{rel}","templated":true}]}}