{"id":61449,"date":"2024-09-04T06:06:24","date_gmt":"2024-09-04T04:06:24","guid":{"rendered":"https:\/\/www.infokuryr.cz\/n\/?p=61449"},"modified":"2024-09-04T06:06:24","modified_gmt":"2024-09-04T04:06:24","slug":"pri-teroristickem-utoku-v-nigerii-zahynulo-nejmene-80-lidi","status":"publish","type":"post","link":"https:\/\/www.infokuryr.cz\/n\/2024\/09\/04\/pri-teroristickem-utoku-v-nigerii-zahynulo-nejmene-80-lidi\/","title":{"rendered":"P\u0159i teroristick\u00e9m \u00fatoku v Nig\u00e9rii zahynulo nejm\u00e9n\u011b 80 lid\u00ed"},"content":{"rendered":"<div id=\"fb-root\"><\/div>\n<p class=\"lead\"><strong>Na severov\u00fdchod\u011b Nig\u00e9rie za\u00fato\u010dilo asi 150 militant\u016f ze skupiny Boko Haram (teroristick\u00e1 organizace zak\u00e1zan\u00e1 v mnoha zem\u00edch) na vesnici Mafa ve st\u00e1t\u011b Yobe a zabila asi 80 lid\u00ed. Agentu\u0159e AFP to \u0159ekl mluv\u010d\u00ed policie Yobe Abdulkareem Dungus.<\/strong><\/p>\n<p><em>\u201eZabili mnoho lid\u00ed a sp\u00e1lili mnoho obchod\u016f a dom\u016f. Je\u0161t\u011b mus\u00edme zjistit skute\u010dn\u00fd po\u010det lid\u00ed zabit\u00fdch p\u0159i \u00fatoku.&#8220;<span class=\"after-quote\"> &#8211; \u0159ekl Dungus a objasnil, \u017ee zem\u0159elo nejm\u00e9n\u011b 81 lid\u00ed.<\/span><\/em><\/p>\n<p><span>\u00da\u010delem \u00fatoku byla podle policejn\u00ed mluv\u010d\u00ed pomsta za zabit\u00ed dvou ozbrojenc\u016f Boko Haram milic\u00ed Mafa.<\/span><\/p>\n<p><span>Boko Haram p\u016fsob\u00ed v Nig\u00e9rii od roku 2002. \u010clenov\u00e9 skupiny obhajuj\u00ed zaveden\u00ed pr\u00e1va \u0161ar\u00eda a boj proti z\u00e1padn\u00edmu vlivu. V posledn\u00edch letech se hnut\u00ed radik\u00e1ln\u011b zradilo. N\u011bkolik tis\u00edc lid\u00ed zem\u0159elo rukou terorist\u016f t\u00e9to skupiny.<\/span><\/p>\n<p><img decoding=\"async\" loading=\"lazy\" class=\"alignnone size-full wp-image-1185\" src=\"http:\/\/www.infokuryr.cz\/n\/wp-content\/uploads\/2021\/04\/kuryr-podpis.png\" alt=\"\" width=\"84\" height=\"24\" \/><\/p>\n<p>&nbsp;<\/p>\n","protected":false},"excerpt":{"rendered":"<p>Na severov\u00fdchod\u011b Nig\u00e9rie za\u00fato\u010dilo asi 150 militant\u016f ze skupiny Boko Haram (teroristick\u00e1 organizace zak\u00e1zan\u00e1 v&#8230;<\/p>\n","protected":false},"author":2,"featured_media":61450,"comment_status":"closed","ping_status":"closed","sticky":false,"template":"","format":"standard","meta":[],"categories":[7],"tags":[5557,871,3128],"_links":{"self":[{"href":"https:\/\/www.infokuryr.cz\/n\/wp-json\/wp\/v2\/posts\/61449"}],"collection":[{"href":"https:\/\/www.infokuryr.cz\/n\/wp-json\/wp\/v2\/posts"}],"about":[{"href":"https:\/\/www.infokuryr.cz\/n\/wp-json\/wp\/v2\/types\/post"}],"author":[{"embeddable":true,"href":"https:\/\/www.infokuryr.cz\/n\/wp-json\/wp\/v2\/users\/2"}],"replies":[{"embeddable":true,"href":"https:\/\/www.infokuryr.cz\/n\/wp-json\/wp\/v2\/comments?post=61449"}],"version-history":[{"count":0,"href":"https:\/\/www.infokuryr.cz\/n\/wp-json\/wp\/v2\/posts\/61449\/revisions"}],"wp:featuredmedia":[{"embeddable":true,"href":"https:\/\/www.infokuryr.cz\/n\/wp-json\/wp\/v2\/media\/61450"}],"wp:attachment":[{"href":"https:\/\/www.infokuryr.cz\/n\/wp-json\/wp\/v2\/media?parent=61449"}],"wp:term":[{"taxonomy":"category","embeddable":true,"href":"https:\/\/www.infokuryr.cz\/n\/wp-json\/wp\/v2\/categories?post=61449"},{"taxonomy":"post_tag","embeddable":true,"href":"https:\/\/www.infokuryr.cz\/n\/wp-json\/wp\/v2\/tags?post=61449"}],"curies":[{"name":"wp","href":"https:\/\/api.w.org\/{rel}","templated":true}]}}