{"id":6144,"date":"2021-11-14T04:38:49","date_gmt":"2021-11-14T03:38:49","guid":{"rendered":"http:\/\/www.infokuryr.cz\/n\/?p=6144"},"modified":"2021-11-14T04:38:49","modified_gmt":"2021-11-14T03:38:49","slug":"p-c-roberts-vakcina-zabiji-vic-lidi-nez-covid","status":"publish","type":"post","link":"https:\/\/www.infokuryr.cz\/n\/2021\/11\/14\/p-c-roberts-vakcina-zabiji-vic-lidi-nez-covid\/","title":{"rendered":"P.C.Roberts: Vakc\u00edna zab\u00edj\u00ed v\u00edc lid\u00ed ne\u017e Covid\u00a0\u00a0\u00a0\u00a0\u00a0"},"content":{"rendered":"<div id=\"fb-root\"><\/div>\n<p>Mil\u00ed \u010dten\u00e1\u0159i.V\u00edme, \u017ee americk\u00fd N\u00e1rodn\u00ed institut zdrav\u00ed poskytl finance Univerzit\u011b Severn\u00ed Karol\u00edny a pozd\u011bji i laborato\u0159i v \u010d\u00ednsk\u00e9m Wu-chanu na v\u00fdzkum toho, do jak\u00e9 m\u00edry, a zda v\u016fbec, m\u00e1 dosavadn\u00edm zp\u016fsobem veden\u00e9 ta\u017een\u00ed proti Covidu smysl.<\/p>\n<p>V\u00edme, \u017ee vakc\u00edna \u010dlov\u011bka nechr\u00e1n\u00ed. V\u00edme, \u017ee do t\u011bla \u010dlov\u011bka vpravuje pathogen. V\u00edme, \u017ee vakc\u00edna zp\u016fsobuje smrt a nemoci. Mluv\u00ed o tom fakta. Av\u0161ak kampa\u0148 za to, aby se v\u0161ichni lid\u00e9 nechali \u201enao\u010dkovat\u201c touto\u201cvakc\u00ednou\u201c, kter\u00e1 je daleko nebezpe\u010dn\u011bj\u0161\u00ed ne\u017e s\u00e1m Covid, b\u011b\u017e\u00ed d\u00e1l. Co\u017e je d\u016fkazem bu\u010f tot\u00e1ln\u00ed ne\u010destnosti \u010di stupidity zdravotnick\u00e9ho establishmentu i politick\u00fdch v\u016fdc\u016f, \u010di napl\u0148ov\u00e1n\u00edm kampan\u011b, jej\u00edm\u017e c\u00edlem je redukovat po\u010det lid\u00ed na na\u0161\u00ed planet\u011b.<\/p>\n<p>Jihoafrick\u00fd l\u00e9ka\u0159 vysv\u011btluje, jak byl upraven\u00fd vektor (naz\u00fdvan\u00fd virem), a upraven\u00e1 l\u00e1tka (naz\u00fdvan\u00e1 vakc\u00ednou), vytvo\u0159eny s c\u00edlem zredukovat sv\u011btovou populaci.<\/p>\n<p>\u010ct\u011bte pe\u010dliv\u011b. Tento doktor \u0159\u00edk\u00e1, \u017ee jakmile si uv\u011bdom\u00edte, jak vypad\u00e1 hern\u00ed pl\u00e1n sou\u010dasn\u00e9ho ta\u017een\u00ed proti Covidu, d\u00e1v\u00e1 opa\u010dn\u00fd \u00fa\u010dinek sou\u010dasn\u00e9ho protikovidov\u00e9ho protokolu na lidsk\u00e9 zdrav\u00ed smysl. Maj\u00ed v \u00famyslu zab\u00edt v\u011bt\u0161inu z n\u00e1s. To je smysl tzv. hrotov\u00e9ho proteinu ve \u201evakc\u00edn\u011b\u201c.<\/p>\n<p><a href=\"https:\/\/www.bitchute.com\/video\/IQoUmvcoiStX\/\">https:\/\/www.bitchute.com\/video\/IQoUmvcoiStX\/ <\/a>\u201e<\/p>\n<p>V\u0161imn\u011bte si, \u017ee jsou to pr\u00e1v\u011b\u00a0 ti zdravotni\u010dt\u00ed pracovn\u00edci, kte\u0159\u00ed na vlastn\u00ed o\u010di spat\u0159ili \u00fa\u010dinky \u201evakc\u00edny\u201c na lidi, kte\u0159\u00ed dnes rad\u011bji opou\u0161t\u011bj\u00ed sv\u00e1 zam\u011bstn\u00e1n\u00ed, ne\u017e aby se sami nechali t\u00e9\u017e nao\u010dkovat.<\/p>\n<p>V\u0161imn\u011bte si, \u017ee zdravotnick\u00e9 \u00fa\u0159ady z\u00e1padn\u00edho sv\u011bta nijak neznepokojuje, jak se shora uveden\u00fd fakt prom\u00edt\u00e1 do dramatick\u00e9ho ze\u0161t\u00edhlen\u00ed cel\u00e9ho tam\u011bj\u0161\u00edho zdravotnick\u00e9ho perzon\u00e1lu. Co\u017e nazna\u010duje, \u017ee jihoafrick\u00fd l\u00e9ka\u0159 sv\u00e9 tvrzen\u00ed o skute\u010dn\u00e9m posl\u00e1n\u00ed \u201evakc\u00edny\u201cnep\u0159eh\u00e1n\u00ed.<\/p>\n<p><a href=\"https:\/\/www.globalresearch.ca\/nhs-lose-tens-thousands-staff-over-mandatory-covid-vaccines\/5761255\">https:\/\/www.globalresearch.ca\/nhs-lose-tens-thousands-staff-over-mandatory-covid-vaccines\/5761255 <\/a><\/p>\n<p>V\u0161imn\u011bte si faktu, \u017ee italsk\u00e9 zdravotnick\u00e9 \u00fa\u0159ady pot\u00e9, co dosavadn\u00ed seznam italsk\u00fdch ob\u011bt\u00ed Covidu omezily\u00a0 na ty mrtv\u00e9, kte\u0159\u00ed zem\u0159eli skute\u010dn\u011b jen na Covid ( a ne tedy t\u00e9\u017e sou\u010dasn\u011b na rakovinu, infarkt, mrtvici atd.), zredukovaly dosavadn\u00ed ozn\u00e1men\u00fd po\u010det osob zem\u0159el\u00fdch na Covid, z 130 000 na 3 783. Tzn., \u017ee p\u016fvodn\u011b ozn\u00e1men\u00fd po\u010det zem\u0159el\u00fdch byl 32,5 kr\u00e1t vy\u0161\u0161\u00ed: https.<a href=\"https:\/\/www.paulcraigroberts.org\/2021\/11\/09\/fake-mortality-data-corrected-italian-institute-of-health-reduces-official-covid-death-toll-from-130000-to-4000\/\">:\/\/www.paulcraigroberts.org\/2021\/11\/09\/fake-mortality-data-corrected-italian-institute-of-health-reduces-official-covid-death-toll-from-130000-to-4000\/ <\/a><\/p>\n<p>Nejnov\u011bj\u0161\u00ed \u00fadaje \u00da\u0159adu n\u00e1rodn\u00ed statistiky Spojen\u00e9ho kr\u00e1lovstv\u00ed \u0159\u00edkaj\u00ed, \u017ee lid\u00e9, kte\u0159\u00ed byli proti Covidu o\u010dkov\u00e1ni u\u017e dvakr\u00e1t, um\u00edraj\u00ed z nejr\u016fzn\u011bj\u0161\u00edch p\u0159\u00ed\u010din \u0161estkr\u00e1t \u010dast\u011bji ne\u017e osoby neo\u010dkovan\u00e9.<\/p>\n<p>Covidov\u00e1 pand\u00e9mie se tedy ze v\u0161ech \u00fahl\u016f jev\u00ed jako hoax. Jak\u00fd je jej\u00ed smysl?<\/p>\n<p><em>Vybral a p\u0159elo\u017eil Lubom\u00edr Man<\/em><\/p>\n<p>&nbsp;<\/p>\n","protected":false},"excerpt":{"rendered":"<p>Mil\u00ed \u010dten\u00e1\u0159i.V\u00edme, \u017ee americk\u00fd N\u00e1rodn\u00ed institut zdrav\u00ed poskytl finance Univerzit\u011b Severn\u00ed Karol\u00edny a pozd\u011bji i&#8230;<\/p>\n","protected":false},"author":2,"featured_media":810,"comment_status":"closed","ping_status":"closed","sticky":false,"template":"","format":"standard","meta":[],"categories":[7],"tags":[23,908],"_links":{"self":[{"href":"https:\/\/www.infokuryr.cz\/n\/wp-json\/wp\/v2\/posts\/6144"}],"collection":[{"href":"https:\/\/www.infokuryr.cz\/n\/wp-json\/wp\/v2\/posts"}],"about":[{"href":"https:\/\/www.infokuryr.cz\/n\/wp-json\/wp\/v2\/types\/post"}],"author":[{"embeddable":true,"href":"https:\/\/www.infokuryr.cz\/n\/wp-json\/wp\/v2\/users\/2"}],"replies":[{"embeddable":true,"href":"https:\/\/www.infokuryr.cz\/n\/wp-json\/wp\/v2\/comments?post=6144"}],"version-history":[{"count":0,"href":"https:\/\/www.infokuryr.cz\/n\/wp-json\/wp\/v2\/posts\/6144\/revisions"}],"wp:featuredmedia":[{"embeddable":true,"href":"https:\/\/www.infokuryr.cz\/n\/wp-json\/wp\/v2\/media\/810"}],"wp:attachment":[{"href":"https:\/\/www.infokuryr.cz\/n\/wp-json\/wp\/v2\/media?parent=6144"}],"wp:term":[{"taxonomy":"category","embeddable":true,"href":"https:\/\/www.infokuryr.cz\/n\/wp-json\/wp\/v2\/categories?post=6144"},{"taxonomy":"post_tag","embeddable":true,"href":"https:\/\/www.infokuryr.cz\/n\/wp-json\/wp\/v2\/tags?post=6144"}],"curies":[{"name":"wp","href":"https:\/\/api.w.org\/{rel}","templated":true}]}}