{"id":61438,"date":"2024-09-04T05:43:15","date_gmt":"2024-09-04T03:43:15","guid":{"rendered":"https:\/\/www.infokuryr.cz\/n\/?p=61438"},"modified":"2024-09-04T05:43:15","modified_gmt":"2024-09-04T03:43:15","slug":"trump-seznam-pedofilnich-klientu-epsteina-bude-zverejnen","status":"publish","type":"post","link":"https:\/\/www.infokuryr.cz\/n\/2024\/09\/04\/trump-seznam-pedofilnich-klientu-epsteina-bude-zverejnen\/","title":{"rendered":"Trump: Seznam pedofiln\u00edch klient\u016f Epsteina \u201ebude\u201c zve\u0159ejn\u011bn"},"content":{"rendered":"<div id=\"fb-root\"><\/div>\n<p><span style=\"font-size: 18pt;\"><strong>Republik\u00e1nsk\u00fd kandid\u00e1t na prezidenta USA v podcastov\u00e9m rozhovoru nazna\u010dil zve\u0159ejn\u011bn\u00ed z\u00e1padn\u00edch pedofil\u016f<\/strong><\/span><\/p>\n<p><span>Republik\u00e1nsk\u00fd kandid\u00e1t na prezidenta Donald Trump navrhl, \u017ee\u00a0<\/span><em><span>\u201e\u010dern\u00e1 kniha\u201c<\/span><\/em><span>\u00a0 zesnul\u00e9ho obchodn\u00edka se sexem Jeffreyma Epsteinema by byla zve\u0159ejn\u011bna, pokud by byl zvolen prezidentem.<\/span><\/p>\n<p><span>Epstein pracoval jako finan\u010dn\u00edk a l\u00e9ta se st\u00fdkal s bohat\u00fdmi a slavn\u00fdmi, p\u0159edstavoval je des\u00edtk\u00e1m mlad\u00fdch \u017een \u2013 z nich\u017e n\u011bkter\u00e9 byly v t\u00e9 dob\u011b nezletil\u00e9 \u2013 a l\u00e9tal s nimi na sv\u016fj soukrom\u00fd ostrov v Karibiku letadlem zvan\u00fdm \u201eLolita Express\u201c. &#8218;.\u00a0<\/span><\/p>\n<p><em><span>\u201eNa jeho ostrov jsem na\u0161t\u011bst\u00ed nikdy nejel. Ale spousta lid\u00ed ano,\u201c<\/span><\/em><span>\u00a0\u0159ekl Trump v\u00a0<\/span><a href=\"https:\/\/youtu.be\/qCbfTN-caFI\"><span>rozhovoru<\/span><\/a><span>\u00a0pro podcast Lex Fridman, kter\u00fd byl zve\u0159ejn\u011bn v \u00fater\u00fd.<\/span><\/p>\n<p><em><span>\u201eJe to velmi zaj\u00edmav\u00e9, \u017ee? Mimochodem, pravd\u011bpodobn\u011b bude,\u201c<\/span><\/em><span>\u00a0\u0159ekl Trump Fridmanovi pot\u00e9, co hostitel \u0159ekl, \u017ee je\u00a0<\/span><em><span>\u201evelmi zvl\u00e1\u0161tn\u00ed\u201c<\/span><\/em><span>\u00a0, \u017ee seznam lid\u00ed, kte\u0159\u00ed cestovali do Little St. James, nebyl nikdy zve\u0159ejn\u011bn.<\/span><\/p>\n<div class=\"rtcode\">\n<div class=\"twitter-tweet twitter-tweet-rendered\"><iframe id=\"twitter-widget-0\" class=\"\" title=\"P\u0159\u00edsp\u011bvek X\" src=\"https:\/\/platform.twitter.com\/embed\/Tweet.html?creatorScreenName=RT_com&amp;dnt=false&amp;embedId=twitter-widget-0&amp;features=eyJ0ZndfdGltZWxpbmVfbGlzdCI6eyJidWNrZXQiOltdLCJ2ZXJzaW9uIjpudWxsfSwidGZ3X2ZvbGxvd2VyX2NvdW50X3N1bnNldCI6eyJidWNrZXQiOnRydWUsInZlcnNpb24iOm51bGx9LCJ0ZndfdHdlZXRfZWRpdF9iYWNrZW5kIjp7ImJ1Y2tldCI6Im9uIiwidmVyc2lvbiI6bnVsbH0sInRmd19yZWZzcmNfc2Vzc2lvbiI6eyJidWNrZXQiOiJvbiIsInZlcnNpb24iOm51bGx9LCJ0ZndfZm9zbnJfc29mdF9pbnRlcnZlbnRpb25zX2VuYWJsZWQiOnsiYnVja2V0Ijoib24iLCJ2ZXJzaW9uIjpudWxsfSwidGZ3X21peGVkX21lZGlhXzE1ODk3Ijp7ImJ1Y2tldCI6InRyZWF0bWVudCIsInZlcnNpb24iOm51bGx9LCJ0ZndfZXhwZXJpbWVudHNfY29va2llX2V4cGlyYXRpb24iOnsiYnVja2V0IjoxMjA5NjAwLCJ2ZXJzaW9uIjpudWxsfSwidGZ3X3Nob3dfYmlyZHdhdGNoX3Bpdm90c19lbmFibGVkIjp7ImJ1Y2tldCI6Im9uIiwidmVyc2lvbiI6bnVsbH0sInRmd19kdXBsaWNhdGVfc2NyaWJlc190b19zZXR0aW5ncyI6eyJidWNrZXQiOiJvbiIsInZlcnNpb24iOm51bGx9LCJ0ZndfdXNlX3Byb2ZpbGVfaW1hZ2Vfc2hhcGVfZW5hYmxlZCI6eyJidWNrZXQiOiJvbiIsInZlcnNpb24iOm51bGx9LCJ0ZndfdmlkZW9faGxzX2R5bmFtaWNfbWFuaWZlc3RzXzE1MDgyIjp7ImJ1Y2tldCI6InRydWVfYml0cmF0ZSIsInZlcnNpb24iOm51bGx9LCJ0ZndfbGVnYWN5X3RpbWVsaW5lX3N1bnNldCI6eyJidWNrZXQiOnRydWUsInZlcnNpb24iOm51bGx9LCJ0ZndfdHdlZXRfZWRpdF9mcm9udGVuZCI6eyJidWNrZXQiOiJvbiIsInZlcnNpb24iOm51bGx9fQ%3D%3D&amp;frame=false&amp;hideCard=false&amp;hideThread=false&amp;id=1831012558171689135&amp;lang=cs&amp;maxWidth=560px&amp;origin=https%3A%2F%2Fswentr.site%2Fnews%2F603467-trump-epstein-client-list%2F&amp;sessionId=a590f326cee6d06c9b69bee55851f3261b38d555&amp;siteScreenName=RT_com&amp;theme=light&amp;widgetsVersion=2615f7e52b7e0%3A1702314776716&amp;width=550px\" frameborder=\"0\" scrolling=\"no\" allowfullscreen=\"allowfullscreen\" data-tweet-id=\"1831012558171689135\" data-mce-fragment=\"1\"><\/iframe><\/div>\n<\/div>\n<p><span>Trump p\u0159irovnal odhalen\u00ed Epsteina k odtajn\u011bn\u00ed posledn\u00edch zb\u00fdvaj\u00edc\u00edch dokument\u016f souvisej\u00edc\u00edch s atent\u00e1tem na prezidenta Johna F. Kennedyho v roce 1963 a \u0159ekl, \u017ee se\u00a0<\/span><em><span>na to \u201eur\u010dit\u011b pod\u00edv\u00e1\u201c<\/span><\/em><span>\u00a0a\u00a0<\/span><em><span>\u201ebude naklon\u011bn\u201c<\/span><\/em><span>\u00a0zve\u0159ejnit seznam klient\u016f.<\/span><\/p>\n<p><span>Trump ji\u017e d\u0159\u00edve \u0159ekl, \u017ee jako prezident (2017\u20132021) se sna\u017eil uvolnit soubory Kennedyho, jen aby ho americk\u00e1 zpravodajsk\u00e1 komunita na posledn\u00ed chv\u00edli p\u0159esv\u011bd\u010dila, \u017ee by to n\u011bjak po\u0161kodilo. Od t\u00e9 doby sl\u00edbil Robertu F. Kennedymu Jr., \u017ee odtajn\u00ed dokumenty o zavra\u017ed\u011bn\u00ed jeho str\u00fdce pot\u00e9, co\u00a0ho b\u00fdval\u00fd demokrat minul\u00fd m\u011bs\u00edc\u00a0<\/span><a href=\"https:\/\/swentr.site\/news\/603004-kennedy-trump-endorsement\/\"><span>podpo\u0159il .<\/span><\/a><\/p>\n<p><span>Odhalen\u00ed, \u017ee Epstein l\u00e1kal mlad\u00e9 \u017eeny \u2013 mnoh\u00e9 z nich je\u0161t\u011b nedos\u00e1hly z\u00e1konn\u00e9ho v\u011bku pohlavn\u00edho styku \u2013 a kupl\u00ed\u0159 je vyd\u00e1val mocn\u00fdm a prominentn\u00edm zn\u00e1m\u00fdm, byla kl\u00ed\u010dov\u00e1 p\u0159i zat\u010den\u00ed finan\u010dn\u00edka v roce 2019.\u00a0<\/span><\/p>\n<p><span>FBI p\u0159i prohl\u00eddk\u00e1ch jeho rezidence v New Yorku a na karibsk\u00e9m ostrov\u011b \u00fadajn\u011b objevila videa, kter\u00e1 potenci\u00e1ln\u011b obsahuj\u00ed kompromituj\u00edc\u00ed materi\u00e1ly na jeho\u00a0<\/span><em><span>\u201ehosty\u201c.<\/span><\/em><span>\u00a0Tyto d\u016fkazy z\u016fstaly pod z\u00e1mkem i pot\u00e9, co Epstein zem\u0159el ve sv\u00e9 cele na Manhattanu v srpnu 2019, ofici\u00e1ln\u011b kv\u016fli sebevra\u017ed\u011b.<\/span><\/p>\n<p><span>Epsteinova n\u011bkdej\u0161\u00ed p\u0159\u00edtelkyn\u011b a spolupachatelka, Ghislaine Maxwellov\u00e1, byla zat\u010dena v roce 2020. Nakonec byla odsouzena za sexu\u00e1ln\u00ed obchodov\u00e1n\u00ed s d\u011btmi a odsouzena k 20 let\u016fm za m\u0159\u00ed\u017eemi. Zat\u00edmco ve\u0159ejnost n\u011bkter\u00e1 jm\u00e9na obchodovan\u00fdch mladistv\u00fdch zjistila, jm\u00e9na lid\u00ed, se kter\u00fdmi byli obchodov\u00e1ni, z\u016fstala utajena.<\/span><\/p>\n<p><img decoding=\"async\" loading=\"lazy\" class=\"alignnone size-full wp-image-1185\" src=\"http:\/\/www.infokuryr.cz\/n\/wp-content\/uploads\/2021\/04\/kuryr-podpis.png\" alt=\"\" width=\"84\" height=\"24\" \/><\/p>\n<p>&nbsp;<\/p>\n","protected":false},"excerpt":{"rendered":"<p>Republik\u00e1nsk\u00fd kandid\u00e1t na prezidenta USA v podcastov\u00e9m rozhovoru nazna\u010dil zve\u0159ejn\u011bn\u00ed z\u00e1padn\u00edch pedofil\u016f Republik\u00e1nsk\u00fd kandid\u00e1t na&#8230;<\/p>\n","protected":false},"author":2,"featured_media":47899,"comment_status":"closed","ping_status":"closed","sticky":false,"template":"","format":"standard","meta":[],"categories":[7],"tags":[3891,280,452,7860],"_links":{"self":[{"href":"https:\/\/www.infokuryr.cz\/n\/wp-json\/wp\/v2\/posts\/61438"}],"collection":[{"href":"https:\/\/www.infokuryr.cz\/n\/wp-json\/wp\/v2\/posts"}],"about":[{"href":"https:\/\/www.infokuryr.cz\/n\/wp-json\/wp\/v2\/types\/post"}],"author":[{"embeddable":true,"href":"https:\/\/www.infokuryr.cz\/n\/wp-json\/wp\/v2\/users\/2"}],"replies":[{"embeddable":true,"href":"https:\/\/www.infokuryr.cz\/n\/wp-json\/wp\/v2\/comments?post=61438"}],"version-history":[{"count":0,"href":"https:\/\/www.infokuryr.cz\/n\/wp-json\/wp\/v2\/posts\/61438\/revisions"}],"wp:featuredmedia":[{"embeddable":true,"href":"https:\/\/www.infokuryr.cz\/n\/wp-json\/wp\/v2\/media\/47899"}],"wp:attachment":[{"href":"https:\/\/www.infokuryr.cz\/n\/wp-json\/wp\/v2\/media?parent=61438"}],"wp:term":[{"taxonomy":"category","embeddable":true,"href":"https:\/\/www.infokuryr.cz\/n\/wp-json\/wp\/v2\/categories?post=61438"},{"taxonomy":"post_tag","embeddable":true,"href":"https:\/\/www.infokuryr.cz\/n\/wp-json\/wp\/v2\/tags?post=61438"}],"curies":[{"name":"wp","href":"https:\/\/api.w.org\/{rel}","templated":true}]}}