{"id":61437,"date":"2024-09-04T05:17:07","date_gmt":"2024-09-04T03:17:07","guid":{"rendered":"https:\/\/www.infokuryr.cz\/n\/?p=61437"},"modified":"2024-09-04T05:17:07","modified_gmt":"2024-09-04T03:17:07","slug":"zelenskij-cisti-ukrajinske-ministry","status":"publish","type":"post","link":"https:\/\/www.infokuryr.cz\/n\/2024\/09\/04\/zelenskij-cisti-ukrajinske-ministry\/","title":{"rendered":"Zelenskij \u010dist\u00ed ukrajinsk\u00e9 ministry"},"content":{"rendered":"<div id=\"fb-root\"><\/div>\n<p><span style=\"font-size: 18pt;\"><strong>Nejvy\u0161\u0161\u00ed diplomat ukrajinsk\u00e9ho v\u016fdce je \u00fadajn\u011b na sek\u00e1n\u00ed po vln\u011b v\u00fdpaln\u00e9ho a rezignac\u00ed<\/strong><\/span><\/p>\n<p><span>Ukrajinsk\u00fd prezident Vladimir Zelenskyj zah\u00e1jil zjevnou \u010distku vysok\u00fdch \u00fa\u0159edn\u00edk\u016f, v \u00fater\u00fd odvolal z\u00e1stupce vedouc\u00edho sv\u00e9ho \u00fa\u0159adu a p\u0159ijal rezigna\u010dn\u00ed dopisy od t\u0159\u00ed ministr\u016f a tak\u00e9 od m\u00edstop\u0159edsedy vl\u00e1dy zem\u011b.<\/span><\/p>\n<p><span>Zelensk\u00e9ho z\u00e1stupce vedouc\u00edho \u00fa\u0159adu Rostislav Shurma byl v \u00fater\u00fd odvol\u00e1n podle vyhl\u00e1\u0161ky zve\u0159ejn\u011bn\u00e9 na webu \u00fa\u0159adu. Nebyl uveden \u017e\u00e1dn\u00fd d\u016fvod pro jeho odvol\u00e1n\u00ed.<\/span><\/p>\n<p><span>P\u0159edseda ukrajinsk\u00e9ho parlamentu Ruslan Stefanchuk kr\u00e1tce pot\u00e9 na Facebooku uvedl, \u017ee v\u0161e odevzdali m\u00edstop\u0159edsedkyn\u011b vl\u00e1dy pro evropskou integraci Olga Stefanishina, ministr pro strategick\u00fd pr\u016fmysl Aleksandr Kamyshin, ministr spravedlnosti Denis Maliuski a ministr ochrany \u017eivotn\u00edho prost\u0159ed\u00ed Ruslan Strilets. rezigna\u010dn\u00ed dopisy.<\/span><\/p>\n<p><span>Zelenskyj tak\u00e9 zva\u017euje propu\u0161t\u011bn\u00ed ministra zahrani\u010d\u00ed Dmitrije Kuleby a mnoha dal\u0161\u00edch \u00fa\u0159edn\u00edk\u016f, uvedla ukrajinsk\u00e1 m\u00e9dia s odvol\u00e1n\u00edm na anonymn\u00ed zdroje.<\/span><\/p>\n<p><span>Od za\u010d\u00e1tku konfliktu s Ruskem v roce 2022 Zelenskyj pravideln\u011b prov\u00e1d\u011bl \u010distky vysok\u00fdch vojensk\u00fdch a politick\u00fdch \u010dinitel\u016f. B\u00fdval\u00fd vrchn\u00ed velitel ukrajinsk\u00fdch ozbrojen\u00fdch sil Valerij Zalu\u017enyj byl vyhozen za\u010d\u00e1tkem tohoto roku pot\u00e9, co Ukrajina ztratila \u2013 podle Ruska \u2013 zhruba 160 000 mu\u017e\u016f v katastrof\u00e1ln\u00ed protiofenz\u00edv\u011b lo\u0148sk\u00e9ho l\u00e9ta.<\/span><\/p>\n<p><span>Loni v z\u00e1\u0159\u00ed byl odvol\u00e1n ministr obrany Alexej Reznikov kv\u016fli sv\u00e9 \u00fadajn\u00e9 roli ve velk\u00fdch korup\u010dn\u00edch skand\u00e1lech, o kter\u00fdch se v\u011b\u0159ilo, \u017ee br\u00e1nily ofenz\u00edv\u011b.<\/span><\/p>\n<p><span>V ned\u00e1vn\u00e9m kole st\u0159elby Zelenskyj propustil n\u011bkolik vysok\u00fdch \u00fa\u0159edn\u00edk\u016f, kter\u00e9 Washington Post popsal jako\u00a0<\/span><em><span>\u201ereformisty&#8230; kte\u0159\u00ed se zd\u00e1li b\u00fdt obzvl\u00e1\u0161t\u011b bl\u00edzko Washingtonu\u201c.<\/span><\/em><\/p>\n<p><span>Obvykle t\u011bmto \u010distk\u00e1m p\u0159edch\u00e1zely krut\u00e9 ztr\u00e1ty na bitevn\u00edm poli. V t\u00fddnech, kter\u00e9 p\u0159edch\u00e1zely \u00fatern\u00edm palb\u00e1m, se podle nejnov\u011bj\u0161\u00edch \u00fadaj\u016f rusk\u00e9ho ministerstva obrany zastavila ukrajinsk\u00e1 p\u0159eshrani\u010dn\u00ed ofenz\u00edva do rusk\u00e9 Kursk\u00e9 oblasti se ztr\u00e1tou v\u00edce ne\u017e 9300 voj\u00e1k\u016f a t\u00e9m\u011b\u0159 750 obrn\u011bn\u00fdch vozidel.\u00a0<\/span><\/p>\n<p><span>Vzhledem k tomu, \u017ee ukrajinsk\u00e9 jednotky, kter\u00e9 jsou nejv\u00edce bitvami zocelen\u00e9, byly odklon\u011bny, aby podpo\u0159ily ochabuj\u00edc\u00ed Kurskou ofenz\u00edvu, rusk\u00e9 s\u00edly dos\u00e1hly rychl\u00fdch zisk\u016f na Donbasu, p\u0159i\u010dem\u017e kl\u00ed\u010dov\u00e9 logistick\u00e9 centrum\u00a0<\/span><a href=\"https:\/\/swentr.site\/russia\/603320-zelensky-blamed-battlefield-setbacks\/\" target=\"_blank\" rel=\"noopener noreferrer\"><span>Pokrovsk<\/span><\/a><span>\u00a0je nyn\u00ed na dosah moskevsk\u00fdch jednotek.<\/span><\/p>\n<p><span>Podle zpr\u00e1vy Financial Times z minul\u00e9ho t\u00fddne Zelensk\u00e9ho vlastn\u00ed voj\u00e1ci, z\u00e1konod\u00e1rci a vojen\u0161t\u00ed analytici obvi\u0148uj\u00ed z rychle se zhor\u0161uj\u00edc\u00ed situace na Donbasu.\u00a0<\/span><\/p>\n<p><img decoding=\"async\" loading=\"lazy\" class=\"alignnone size-full wp-image-1185\" src=\"http:\/\/www.infokuryr.cz\/n\/wp-content\/uploads\/2021\/04\/kuryr-podpis.png\" alt=\"\" width=\"84\" height=\"24\" \/><\/p>\n<p>&nbsp;<\/p>\n","protected":false},"excerpt":{"rendered":"<p>Nejvy\u0161\u0161\u00ed diplomat ukrajinsk\u00e9ho v\u016fdce je \u00fadajn\u011b na sek\u00e1n\u00ed po vln\u011b v\u00fdpaln\u00e9ho a rezignac\u00ed Ukrajinsk\u00fd prezident&#8230;<\/p>\n","protected":false},"author":2,"featured_media":48931,"comment_status":"closed","ping_status":"closed","sticky":false,"template":"","format":"standard","meta":[],"categories":[7],"tags":[1426,26,7084],"_links":{"self":[{"href":"https:\/\/www.infokuryr.cz\/n\/wp-json\/wp\/v2\/posts\/61437"}],"collection":[{"href":"https:\/\/www.infokuryr.cz\/n\/wp-json\/wp\/v2\/posts"}],"about":[{"href":"https:\/\/www.infokuryr.cz\/n\/wp-json\/wp\/v2\/types\/post"}],"author":[{"embeddable":true,"href":"https:\/\/www.infokuryr.cz\/n\/wp-json\/wp\/v2\/users\/2"}],"replies":[{"embeddable":true,"href":"https:\/\/www.infokuryr.cz\/n\/wp-json\/wp\/v2\/comments?post=61437"}],"version-history":[{"count":0,"href":"https:\/\/www.infokuryr.cz\/n\/wp-json\/wp\/v2\/posts\/61437\/revisions"}],"wp:featuredmedia":[{"embeddable":true,"href":"https:\/\/www.infokuryr.cz\/n\/wp-json\/wp\/v2\/media\/48931"}],"wp:attachment":[{"href":"https:\/\/www.infokuryr.cz\/n\/wp-json\/wp\/v2\/media?parent=61437"}],"wp:term":[{"taxonomy":"category","embeddable":true,"href":"https:\/\/www.infokuryr.cz\/n\/wp-json\/wp\/v2\/categories?post=61437"},{"taxonomy":"post_tag","embeddable":true,"href":"https:\/\/www.infokuryr.cz\/n\/wp-json\/wp\/v2\/tags?post=61437"}],"curies":[{"name":"wp","href":"https:\/\/api.w.org\/{rel}","templated":true}]}}