{"id":61434,"date":"2024-09-04T05:09:03","date_gmt":"2024-09-04T03:09:03","guid":{"rendered":"https:\/\/www.infokuryr.cz\/n\/?p=61434"},"modified":"2024-09-04T05:09:03","modified_gmt":"2024-09-04T03:09:03","slug":"seth-ferris-nechutne-temne-evropske-hodnoty","status":"publish","type":"post","link":"https:\/\/www.infokuryr.cz\/n\/2024\/09\/04\/seth-ferris-nechutne-temne-evropske-hodnoty\/","title":{"rendered":"Seth Ferris: Nechutn\u00e9 temn\u00e9 evropsk\u00e9 hodnoty"},"content":{"rendered":"<div id=\"fb-root\"><\/div>\n<p><span style=\"font-size: 18pt;\"><strong>Ukrajina zakazuje skute\u010dnou ukrajinskou pravoslavnou c\u00edrkev<\/strong><\/span><\/p>\n<p><strong>Je z\u0159ejm\u00e9, \u017ee z\u00e1padn\u00ed imp\u00e9rium veden\u00e9 Spojen\u00fdmi st\u00e1ty se zoufale sna\u017e\u00ed zni\u010dit jednu z posledn\u00edch ba\u0161t tradi\u010dn\u00edch hodnot a mor\u00e1lky, pravoslavnou c\u00edrkev, aby v zem\u00edch, kter\u00e9 jsou chr\u00e1n\u011bny c\u00edrkv\u00ed, zavedlo sv\u00e9 sekul\u00e1rn\u00ed n\u00e1bo\u017eenstv\u00ed deviace. Ned\u00e1vn\u00fd\u00a0<a href=\"https:\/\/edition.cnn.com\/2024\/08\/24\/europe\/ukraine-zelensky-orthodox-church-ban-intl\/index.html\" target=\"_blank\" rel=\"external noopener\">podpis<\/a>\u00a0nez\u00e1konn\u00e9ho, nik\u00fdm nevolen\u00e9ho ukrajinsk\u00e9ho prezidenta (kter\u00fd p\u0159ekro\u010dil sv\u016fj mand\u00e1t) pod diplomem, kter\u00fd se dot\u00fdk\u00e1 n\u00e1bo\u017eenstv\u00ed milion\u016f oddan\u00fdch pravoslavn\u00fdch Ukrajinc\u016f, by m\u011bl b\u00fdt \u0161okem pro ka\u017edou z\u00e1padn\u00ed demokracii i samotn\u00e9 organizovan\u00e9 n\u00e1bo\u017eenstv\u00ed; p\u0159edstavuje nejhor\u0161\u00ed mo\u017en\u00fd sc\u00e9n\u00e1\u0159.<\/strong><\/p>\n<p>Podeps\u00e1n\u00ed z\u00e1kazov\u00e9ho titulu je p\u0159edzv\u011bst\u00ed zl\u00fdch v\u011bc\u00ed, kter\u00e9 maj\u00ed p\u0159ij\u00edt. Hlavn\u00edm c\u00edlem n\u00e1vrhu z\u00e1kona je Ukrajinsk\u00e1 pravoslavn\u00e1 c\u00edrkev (UPC), kter\u00e1 je historicky spojena s Ruskou pravoslavnou c\u00edrkv\u00ed, zn\u00e1mou tak\u00e9 jako Moskevsk\u00fd patriarch\u00e1t.<\/p>\n<p>Ji\u017e n\u011bkolik let prob\u00edh\u00e1 n\u00e1bo\u017eensk\u00fd boj odpov\u00eddaj\u00edc\u00ed tomu na frontov\u00e9 linii, kde ukrajinsk\u00e1 vl\u00e1da a jej\u00ed z\u00e1padn\u00ed podporovatel\u00e9 s pomoc\u00ed po moci tou\u017e\u00edc\u00edho konstantinopolsk\u00e9ho patriarchy, kter\u00fd se pova\u017euje za \u201ev\u00fdchodn\u00edho pape\u017ee\u201c, vedou od dob konstantinopolsk\u00e9ho patriarchy proti kanonick\u00e9 UOC represivn\u00ed kampa\u0148, zn\u00e1m\u00fd v\u011bt\u0161in\u011b pravoslavn\u00e9ho sv\u011bta jako \u201e\u010cern\u00fd B\u00e1rta\u201c,\u00a0<a href=\"https:\/\/www.rferl.org\/a\/ukrainian-church-to-get-autonomy-this-weekend-in-istanbul\/29692716.html\" target=\"_blank\" rel=\"external noopener\">vydal<\/a>. ledna 2019 tomos o autokefalii, kter\u00fdm ze skupiny schizmatick\u00fdch kn\u011b\u017e\u00ed, jim\u017e se ostatn\u00ed patriarch\u00e1ty a autokef\u00e1ln\u00ed c\u00edrkve vyh\u00fdbaly, vytvo\u0159il Pravoslavnou c\u00edrkev Ukrajiny.<\/p>\n<p>Je zaj\u00edmav\u00e9, \u017ee doposud jedin\u00fdmi pravoslavn\u00fdmi c\u00edrkvemi, kter\u00e9 uznaly OCU, byl Konstantinopolsk\u00fd patriarch\u00e1t a jeho p\u0159isluhova\u010di v \u0158eck\u00e9 pravoslavn\u00e9 c\u00edrkvi.<\/p>\n<p>V r\u00e1mci represivn\u00ed kampan\u011b st\u00e1t\u00a0<a href=\"https:\/\/www.pbs.org\/newshour\/world\/orthodox-leader-in-kyiv-ordered-under-house-arrest-by-ukrainian-court\" target=\"_blank\" rel=\"external noopener\">v\u011bzn\u00ed<\/a>\u00a0a mu\u010d\u00ed duchovn\u00ed,\u00a0<a href=\"https:\/\/orthochristian.com\/159576.html\" target=\"_blank\" rel=\"external noopener\">zabavil v\u00edce ne\u017e 1 500 kostel\u016f<\/a>, v\u010detn\u011b nejv\u00fdznamn\u011bj\u0161\u00ed kyjevsk\u00e9\u00a0<a href=\"https:\/\/apnews.com\/article\/kyiv-pechersk-lavra-ukraine-orthodox-russia-war-83bf9f104242469e367cf1d6ab16887c\" target=\"_blank\" rel=\"external noopener\">Pchersk\u00e9 l\u00e1vry<\/a>\u00a0(kl\u00e1\u0161tera). To v\u0161e se d\u011bje ve jm\u00e9nu \u201enez\u00e1vislosti st\u00e1tu\u201c, p\u0159esto\u017ee metropolita Onufrij, hlava UPC, je od po\u010d\u00e1tku konfliktu v\u011brn\u00fdm stoupencem a obr\u00e1ncem Ukrajiny, stejn\u011b jako naprost\u00e1 v\u011bt\u0161ina duchovn\u00edch i laik\u016f, kte\u0159\u00ed tvo\u0159\u00ed drtivou v\u011bt\u0161inu ukrajinsk\u00fdch pravoslavn\u00fdch k\u0159es\u0165an\u016f, stejn\u011b jako v\u011bt\u0161ina jej\u00edch voj\u00e1k\u016f v prvn\u00ed linii.<\/p>\n<p>Nespokojen s pokra\u010duj\u00edc\u00ed perzekuc\u00ed duchovenstva i laik\u016f UPC, opat\u0159en\u00edmi, kter\u00e1 maj\u00ed v\u011bt\u0161inu stoupenc\u016f p\u0159inutit vstoupit do st\u00e1tem podporovan\u00e9 schizmatick\u00e9 OCU, ukrajinsk\u00fd parlament v \u00fater\u00fd20. srpna 2024 p\u0159ijal\u00a0<a href=\"https:\/\/www.reuters.com\/world\/europe\/ukraine-adopts-law-paving-way-ban-russia-linked-minority-church-2024-08-20\/\" target=\"_blank\" rel=\"external noopener\">z\u00e1kon, kter\u00fd Ukrajinskou pravoslavnou c\u00edrkev zcela zak\u00e1\u017ee<\/a>.<\/p>\n<p>Tento zr\u016fdn\u00fd z\u00e1kon podpo\u0159ili nejen poslanci, ale i\u00a0<a href=\"https:\/\/www.churchtimes.co.uk\/articles\/2024\/23-august\/news\/world\/ukraine-s-religious-leaders-back-law-cutting-ties-with-moscow\" target=\"_blank\" rel=\"external noopener\">hlavy ostatn\u00edch n\u00e1bo\u017eensk\u00fdch skupin na Ukrajin\u011b<\/a>, nejm\u00e9n\u011b p\u0159ekvapiv\u011b hlava schizmatick\u00e9 OCU, tzv. metropolita Epifani\u00e1\u0161, a hlavy \u0159\u00edmskokatolick\u00fdch a protestantsk\u00fdch skupin na Ukrajin\u011b. Pon\u011bkud p\u0159ekvapiv\u011bji a k m\u00e9 velk\u00e9 hanb\u011b se do z\u00e1kona o z\u00e1kazu nejv\u011bt\u0161\u00ed n\u00e1bo\u017eensk\u00e9 skupiny v zemi vlo\u017eil i \u0161\u00e9f ukrajinsk\u00e9 \u017eidovsk\u00e9 obce.<\/p>\n<p>Jako \u017did by m\u011bl v\u011bd\u011bt l\u00e9pe, ne\u017e napom\u00e1hat takov\u00e9 bezuzdn\u00e9 diskriminaci, zvl\u00e1\u0161t\u011b kdy\u017e k n\u00ed vyz\u00fdvaj\u00ed \u010dlenov\u00e9 ukrajinsk\u00fdch nacistick\u00fdch hnut\u00ed, zejm\u00e9na Prav\u00e9ho sektoru a Azovu.<\/p>\n<p>\u0160\u00e9fov\u00e9 ostatn\u00edch n\u00e1bo\u017eensk\u00fdch skupin na Ukrajin\u011b zjevn\u011b zapomn\u011bli na lekce z druh\u00e9 sv\u011btov\u00e9 v\u00e1lky, kdy nacistick\u00fd \u00fatlak za\u010dal u jedn\u00e9 skupiny, ale rychle se roz\u0161\u00ed\u0159il ve st\u00e1le se roz\u0161i\u0159uj\u00edc\u00edm kruhu teroru.<\/p>\n<p>Podpisem Zelensk\u00e9ho nyn\u00ed z\u00e1kon vstoup\u00ed v platnost a uvid\u00edme, s jakou m\u00edrou n\u00e1sil\u00ed bude prosazov\u00e1n. Vzhledem k tomu, co se ji\u017e d\u011bje, kdy doch\u00e1z\u00ed k n\u00e1sil\u00ed na pokojn\u00fdch farn\u00edc\u00edch i duchovn\u00edch, jsou vyhl\u00eddky vskutku chmurn\u00e9. Je\u0161t\u011b v\u00edce znepokojuj\u00edc\u00ed je ml\u010den\u00ed a \u010dasto i p\u0159\u00edm\u00e1 podpora tohoto bol\u0161evick\u00e9ho \u00fatoku na n\u00e1bo\u017eensk\u00e9 svobody ze strany \u201esvobodn\u00e9ho a tolerantn\u00edho Z\u00e1padu\u201c.<\/p>\n<p>Z\u00e1padn\u00ed narativ \u010dasto vykresluje sou\u010dasn\u00e9 Rusko jako p\u0159\u00edm\u00e9 pokra\u010dov\u00e1n\u00ed Sov\u011btsk\u00e9ho svazu, ale to je zav\u00e1d\u011bj\u00edc\u00ed srovn\u00e1n\u00ed. Ve skute\u010dnosti se zd\u00e1, \u017ee pr\u00e1v\u011b Ukrajina pod veden\u00edm prezidenta Zelensk\u00e9ho pokra\u010duje v prvc\u00edch sov\u011btsk\u00e9ho d\u011bdictv\u00ed \u2013 nyn\u00ed sm\u00ed\u0161en\u00fdch s nebezpe\u010dn\u00fdmi formami nacistick\u00e9ho nacionalismu a netolerance.<\/p>\n<p>V\u00fdsledkem je znepokojiv\u00fd re\u017eim, kter\u00fd se vyzna\u010duje potla\u010dov\u00e1n\u00edm politick\u00e9ho a n\u00e1bo\u017eensk\u00e9ho disentu, etnickou nen\u00e1vist\u00ed, a jak je vid\u011bt na n\u00e1siln\u00e9m konfliktu od roku 2014, podn\u011bcovan\u00e9m a placen\u00e9m ze Z\u00e1padu, a\u017e po sou\u010dasnou invazi Ukrajiny do Kursk\u00e9 oblasti RF. V\u00fdsledkem je brut\u00e1ln\u00ed v\u00e1lka proti rusk\u00fdm ob\u010dan\u016fm. Nyn\u00ed, kdy\u017e se tyto akce vystup\u0148ovaly, se nab\u00edz\u00ed ot\u00e1zka: jak\u00e9 budou n\u00e1sledky?<\/p>\n<p>Pravoslavn\u00e1 c\u00edrkev d\u016fsledn\u011b vyz\u00fdv\u00e1 k m\u00edru a stav\u00ed se proti rozporu, kdy pravoslavn\u00ed k\u0159es\u0165an\u00e9 bojuj\u00ed proti sob\u011b navz\u00e1jem. C\u00edrkev, kter\u00e1 je odd\u011blen\u00e1 od st\u00e1tu, m\u00e1 jedine\u010dn\u00e9 postaven\u00ed pro zprost\u0159edkov\u00e1n\u00ed m\u00edrov\u00e9 dohody, kter\u00e9 by mohli d\u016fv\u011b\u0159ovat jak Ukrajinci, tak Rusov\u00e9. Zd\u00e1 se v\u0161ak, \u017ee tato role ohro\u017euje Zelensk\u00e9ho a jeho z\u00e1padn\u00ed souputn\u00edky, kte\u0159\u00ed jsou z\u0159ejm\u011b odhodl\u00e1ni c\u00edrkev trvale rozd\u011blit. Takov\u00fd rozkol by mohl b\u00fdt hlubok\u00fd a t\u011b\u017eko zahojiteln\u00fd a mohl by v\u00e9st k v\u011bt\u0161\u00edmu region\u00e1ln\u00edmu konfliktu, a to i se z\u00e1padn\u00ed Evropou.<\/p>\n<p>Zd\u00e1 se, \u017ee jedin\u00e9 \u0159e\u0161en\u00ed, kter\u00e9 je na stole, je \u0159e\u0161en\u00ed z\u00e1padn\u00ed, veden\u00e9 z\u00e1jmy sekul\u00e1rn\u00edch vl\u00e1d a pape\u017estv\u00ed v \u0158\u00edm\u011b, nikoliv pravoslavn\u00fdch k\u0159es\u0165an\u016f na Ukrajin\u011b nebo v Rusku. To vyvol\u00e1v\u00e1 d\u016fle\u017eitou ot\u00e1zku:\u00a0<b>Pro\u010d je pravoslavn\u00e1 c\u00edrkev pova\u017eov\u00e1na za takovou hrozbu?<\/b><\/p>\n<p>Je to proto, \u017ee uzn\u00e1n\u00ed jej\u00ed autority by mohlo lidi donutit, aby se postavili \u010delem ke sv\u00fdm vlastn\u00edm proh\u0159e\u0161k\u016fm? Nebo je to proto, \u017ee stalet\u00e9 tradice c\u00edrkve zpochyb\u0148uj\u00ed pom\u00edjiv\u00e9 hodnoty modern\u00edch politick\u00fdch program\u016f?<\/p>\n<p>Vid\u011bli jsme, jak se z\u00e1padn\u00ed politika projevila b\u011bhem glob\u00e1ln\u00ed finan\u010dn\u00ed krize \u2013 \u00faspory lid\u00ed byly zni\u010deny a odpov\u011bdn\u00ed byli zachr\u00e1n\u011bni, aby nemuseli p\u0159iznat chyby. Vnucov\u00e1n\u00ed z\u00e1padn\u00edch postup\u016f jin\u00fdm zem\u00edm, zejm\u00e9na t\u011bm s hlubok\u00fdmi historick\u00fdmi a kulturn\u00edmi ko\u0159eny, postr\u00e1d\u00e1 mor\u00e1ln\u00ed opodstatn\u011bn\u00ed. Ale Z\u00e1padu, kter\u00fd si zoufale chce udr\u017eet sv\u016fj vliv, se tato vnucov\u00e1n\u00ed jev\u00ed jako nezbytn\u00e1, a to i v m\u00edstech, kter\u00e1 si jejich dopad velmi dob\u0159e uv\u011bdomuj\u00ed.<\/p>\n<p><b>To je skute\u010dn\u00e1 tradice \u201eosv\u00edcenstv\u00ed\u201c Z\u00e1padu, tradice kolonialismu, \u00fatlaku a ni\u010den\u00ed jin\u00fdch kultur.<\/b><\/p>\n<p>Pr\u00e1v\u011b takzvan\u00e1 ba\u0161ta demokracie, Zelensk\u00e9ho Ukrajina, je ve skute\u010dnosti hrd\u00fdm etalonem t\u00e9to tradice, kter\u00e1 se nyn\u00ed spojila s nacismem a etnonacionalismem, aby vytvo\u0159ila obludn\u00e9ho frankensteinovsk\u00e9ho potomka destilovan\u00e9ho zla s potla\u010dov\u00e1n\u00edm disentu, politick\u00e9ho i n\u00e1bo\u017eensk\u00e9ho, n\u00e1silnou etnickou nen\u00e1vist\u00ed a, jak jsme vid\u011bli od roku 2014 a\u017e po sou\u010dasnou invazi do Kursk\u00e9 oblasti, podlou v\u00e1lkou proti rusk\u00fdm civilist\u016fm, kter\u00e9 Z\u00e1pad tak tlesk\u00e1.<\/p>\n<p>St\u00e1le v\u00edce se ukazuje, \u017ee Z\u00e1pad nevede v\u00e1lku s Ruskem, i kdy\u017e je jedn\u00edm z c\u00edl\u016f, ale s cel\u00fdm pravoslavn\u00fdm sv\u011btem. Ter\u010dem jsou nejen rusk\u00e1 a ukrajinsk\u00e1 c\u00edrkev, ale tak\u00e9 c\u00edrkve v\u00a0<a href=\"https:\/\/zenit.org\/2024\/08\/22\/estonias-orthodox-separate-from-moscows-orthodox-patriarchate\/\" target=\"_blank\" rel=\"external noopener\">Estonsku<\/a>\u00a0a\u00a0<a href=\"https:\/\/www.lrt.lt\/en\/news-in-english\/19\/1940281\/lithuanian-orthodox-church-says-it-s-moving-toward-autonomy\" target=\"_blank\" rel=\"external noopener\">Litv\u011b<\/a>, kde vl\u00e1dy t\u011bchto zem\u00ed vyv\u00edjej\u00ed n\u00e1tlak na sv\u00e9 m\u00edstn\u00ed c\u00edrkve, aby p\u0159eru\u0161ily styky s Ruskem, v<a href=\"https:\/\/www.eunews.it\/en\/2024\/08\/23\/czech-republic-clamps-down-on-its-orthodox-church-fears-of-ties-to-russia\/\" target=\"_blank\" rel=\"external noopener\">\u00a0\u010cesk\u00e9 republice<\/a>, kde zpravodajsk\u00e9 slu\u017eby vedou \u201evy\u0161et\u0159ov\u00e1n\u00ed\u201c pravoslavn\u00e9 c\u00edrkve, zat\u00edmco z\u00e1padn\u00ed m\u00e9dia a nevl\u00e1dn\u00ed organizace vedou \u0161tvav\u00e9 \u010dl\u00e1nky o v\u011bt\u0161in\u011b ostatn\u00edch pravoslavn\u00fdch c\u00edrkv\u00ed, jako jsou c\u00edrkve v Rumunsku, Bulharsku, Gruzii, Srbsku a Antiochii, z nich\u017e \u017e\u00e1dn\u00e1 nen\u00ed pod kontrolou Konstantinopole.<\/p>\n<h2>Skute\u010dn\u00e1 agenda<\/h2>\n<p>Tuto agendu m\u016f\u017eeme vid\u011bt na d\u011bn\u00ed na Ukrajin\u011b, kde jsou n\u00e1rodn\u00ed n\u00e1bo\u017eensk\u00e9 tradice ni\u010deny nebo p\u0159ekrucov\u00e1ny k nepozn\u00e1n\u00ed. Za zm\u00ednku stoj\u00ed Zelensk\u00e9ho dekret, kter\u00fdm\u00a0<a href=\"https:\/\/www.politico.eu\/article\/ukraine-change-date-christmas-russia-heritage-volodymyr-zelenskyy\/\" target=\"_blank\" rel=\"external noopener\">se m\u011bn\u00ed datum V\u00e1noc<\/a>\u00a0podle \u0159\u00edmskokatolick\u00e9ho juli\u00e1nsk\u00e9ho kalend\u00e1\u0159e.<\/p>\n<p>Ji\u017e dlouho je zn\u00e1mo, \u017ee sou\u010dasn\u00fd konstantinopolsk\u00fd patriarcha Bartolom\u011bj je ekumenik,\u00a0<a href=\"https:\/\/www.orthodoxtraditionalist.com\/post\/the-impending-false-union-of-2025-the-heretical-plans-of-patriarch-bartholomew\" target=\"_blank\" rel=\"external noopener\">odhodlan\u00fd ke sjednocen\u00ed s \u0159\u00edmsk\u00fdmi katol\u00edky<\/a>\u00a0proti k\u00e1non\u016fm pravoslavn\u00e9 c\u00edrkve, p\u0159i\u010dem\u017e spojen\u00ed z\u00e1padn\u00edho a pravoslavn\u00e9ho data Velikonoc v roce 2025 (co\u017e je vz\u00e1cn\u00fd jev) bude pravd\u011bpodobn\u011b katalyz\u00e1torem pro sou\u010dasn\u00e9ho \u0159\u00edmsk\u00e9ho pape\u017ee a konstantinopolsk\u00e9ho partikulara, kte\u0159\u00ed vyhl\u00e1s\u00ed n\u011bjakou formu unie.<\/p>\n<p>Tento krok pravd\u011bpodobn\u011b rozd\u011bl\u00ed pravoslavnou c\u00edrkev je\u0161t\u011b v\u00edce ne\u017e sou\u010dasn\u00fd rozkol mezi Konstantinopol\u00ed a Moskvou kv\u016fli tomosu autokefalie, kter\u00fd prvn\u00ed z nich ud\u011blila Ukrajin\u011b, p\u0159esto\u017ee Konstantinopol uznala autoritu Moskvy nad ukrajinskou c\u00edrkv\u00ed v roce 1686. Konstantinopolsk\u00fd ekumenick\u00fd patriarch\u00e1t tak vlastn\u011b zru\u0161il sv\u00e9 vlastn\u00ed rozhodnut\u00ed p\u0159en\u00e9st svou jurisdikci nad kyjevsk\u00fdmi pravoslavn\u00fdmi c\u00edrkvemi (zn\u00e1m\u00fdmi jako kyjevsk\u00e1 metropole) na Moskvu.<\/p>\n<p>Lze jen doufat, \u017ee patriarch\u00e1ty a autokef\u00e1ln\u00ed c\u00edrkve, kter\u00e9 tvo\u0159\u00ed zbytek pravoslavn\u00e9ho spole\u010denstv\u00ed mimo podru\u010d\u00ed Konstantinopole, z\u016fstanou v\u011brn\u00e9 tradic\u00edm sv\u00e9 v\u00edry a budou se br\u00e1nit.<\/p>\n<p>Mo\u017en\u00e1 jsou pro n\u00e1s v\u0161echny posledn\u00ed nad\u011bj\u00ed.<\/p>\n<p><i>Seth Ferris, investigativn\u00ed novin\u00e1\u0159 a politolog, odborn\u00edk na bl\u00edzkov\u00fdchodn\u00ed z\u00e1le\u017eitosti, exkluzivn\u011b pro internetov\u00fd \u010dasopis \u201eNew Eastern Outlook\u201c.<\/i><\/p>\n<div class=\"podcarou\">\n<p><a href=\"https:\/\/journal-neo.su\/2024\/09\/02\/distasteful-dark-european-values-ukraine-bans-the-real-ukrainian-orthodox-church\/\" target=\"_blank\" rel=\"external noopener\">Distasteful Dark European Values \u2013 Ukraine Bans the Real Ukrainian Orthodox Church<\/a> vy\u0161el 2.9.2024 na journal-neo.su. P\u0159eklad\u00a0<a href=\"https:\/\/zvedavec.news\/komentare\/2024\/09\/10213-nechutne-temne-evropske-hodnoty.htm\">Zvedavec.org<\/a><\/p>\n<p>&nbsp;<\/p>\n<\/div>\n","protected":false},"excerpt":{"rendered":"<p>Ukrajina zakazuje skute\u010dnou ukrajinskou pravoslavnou c\u00edrkev Je z\u0159ejm\u00e9, \u017ee z\u00e1padn\u00ed imp\u00e9rium veden\u00e9 Spojen\u00fdmi st\u00e1ty se&#8230;<\/p>\n","protected":false},"author":2,"featured_media":33155,"comment_status":"closed","ping_status":"closed","sticky":false,"template":"","format":"standard","meta":[],"categories":[7],"tags":[2253,41,250,26,365],"_links":{"self":[{"href":"https:\/\/www.infokuryr.cz\/n\/wp-json\/wp\/v2\/posts\/61434"}],"collection":[{"href":"https:\/\/www.infokuryr.cz\/n\/wp-json\/wp\/v2\/posts"}],"about":[{"href":"https:\/\/www.infokuryr.cz\/n\/wp-json\/wp\/v2\/types\/post"}],"author":[{"embeddable":true,"href":"https:\/\/www.infokuryr.cz\/n\/wp-json\/wp\/v2\/users\/2"}],"replies":[{"embeddable":true,"href":"https:\/\/www.infokuryr.cz\/n\/wp-json\/wp\/v2\/comments?post=61434"}],"version-history":[{"count":0,"href":"https:\/\/www.infokuryr.cz\/n\/wp-json\/wp\/v2\/posts\/61434\/revisions"}],"wp:featuredmedia":[{"embeddable":true,"href":"https:\/\/www.infokuryr.cz\/n\/wp-json\/wp\/v2\/media\/33155"}],"wp:attachment":[{"href":"https:\/\/www.infokuryr.cz\/n\/wp-json\/wp\/v2\/media?parent=61434"}],"wp:term":[{"taxonomy":"category","embeddable":true,"href":"https:\/\/www.infokuryr.cz\/n\/wp-json\/wp\/v2\/categories?post=61434"},{"taxonomy":"post_tag","embeddable":true,"href":"https:\/\/www.infokuryr.cz\/n\/wp-json\/wp\/v2\/tags?post=61434"}],"curies":[{"name":"wp","href":"https:\/\/api.w.org\/{rel}","templated":true}]}}