{"id":61433,"date":"2024-09-04T05:05:17","date_gmt":"2024-09-04T03:05:17","guid":{"rendered":"https:\/\/www.infokuryr.cz\/n\/?p=61433"},"modified":"2024-09-04T05:05:17","modified_gmt":"2024-09-04T03:05:17","slug":"papez-frantisek-rika-ze-odmitnuti-hordy-migrantu-je-tezkym-hrichem","status":"publish","type":"post","link":"https:\/\/www.infokuryr.cz\/n\/2024\/09\/04\/papez-frantisek-rika-ze-odmitnuti-hordy-migrantu-je-tezkym-hrichem\/","title":{"rendered":"Pape\u017e Franti\u0161ek \u0159\u00edk\u00e1, \u017ee odm\u00edtnut\u00ed hordy migrant\u016f je \u201et\u011b\u017ek\u00fdm h\u0159\u00edchem\u201c"},"content":{"rendered":"<div id=\"fb-root\"><\/div>\n<p><strong>\u0158\u00edmskokatolick\u00fd \u201eKrist\u016fv n\u00e1m\u011bstek\u201c pape\u017e Franti\u0161ek op\u011bt mluv\u00ed o pot\u0159eb\u011b Evropy v\u00edtat s otev\u0159enou n\u00e1ru\u010d\u00ed v\u0161echny neleg\u00e1ln\u00ed migranty, kte\u0159\u00ed v sou\u010dasnosti zaplavuj\u00ed kontinent.<\/strong><\/p>\n<p><span>Pape\u017e Franti\u0161ek tento t\u00fdden p\u0159ed svou pravidelnou pape\u017eskou audienc\u00ed prohl\u00e1sil, \u017ee je \u201et\u011b\u017ek\u00fdm h\u0159\u00edchem pro kohokoli \u2013 samoz\u0159ejm\u011b krom\u011b Vatik\u00e1nu \u2013 odm\u00edtat neleg\u00e1ln\u00ed migranty\u201c.<\/span><\/p>\n<p><span>Odvol\u00e1vaj\u00edc se na St\u0159edozemn\u00ed mo\u0159e jako Mare Nostrum, klasick\u00fd n\u00e1zev pro vodn\u00ed plochu, kterou pou\u017e\u00edvali sta\u0159\u00ed \u0158\u00edman\u00e9, pape\u017e Franti\u0161ek tvrd\u00ed, \u017ee by m\u011blo b\u00fdt \u201em\u00edstem komunikace mezi n\u00e1rody a civilizacemi, ale m\u00edsto toho se stalo h\u0159bitovem\u201c.<\/span><\/p>\n<p><span>Tis\u00edck\u00e1m \u00famrt\u00ed migrant\u016f, kter\u00e9 byly hl\u00e1\u0161eny v posledn\u00edch t\u00fddnech v cel\u00e9m regionu, se podle pape\u017ee dalo zcela vyhnout, pokud by rozen\u00ed Evropan\u00e9 p\u0159ed v\u0161echny z nich rozvinuli \u010derven\u00fd koberec.<\/span><\/p>\n<p><em><span>\u201eTi, kte\u0159\u00ed systematicky pracuj\u00ed a vyu\u017e\u00edvaj\u00ed v\u0161ech dostupn\u00fdch prost\u0159edk\u016f, aby zatla\u010dili migranty zp\u011bt, jsou nep\u0159\u00e1tel\u00e9 Boha,\u201c<\/span><\/em><span>\u00a0pokra\u010doval pape\u017e Franti\u0161ek.<\/span><\/p>\n<p><em><span>\u201eA kdy\u017e se to d\u011bl\u00e1 se sv\u011bdom\u00edm a \u00famysln\u011b, je to t\u011b\u017ek\u00fd h\u0159\u00edch,\u201c<\/span><\/em><span>\u00a0dodal pape\u017e a pokra\u010doval v citaci z P\u00edsma, kde se \u0159\u00edk\u00e1:\u00a0<\/span><em><span>\u201eNebude\u0161 k\u0159ivdit ani utla\u010dovat cizince.\u201c<\/span><\/em><\/p>\n<p><em><span>\u201eB\u016fh je tady s migranty a trp\u00ed s nimi,\u201c<\/span><\/em><span>\u00a0prohl\u00e1sil Franti\u0161ek s t\u00edm, \u017ee v\u0161echny tyto hordy migrant\u016f jen hledaj\u00ed cestu ke sp\u00e1se.<\/span><\/p>\n<p><span>(Souvisej\u00edc\u00ed: Pamatujete si b\u011bhem \u201epandemie\u201c koronaviru, kdy\u017e pape\u017e Franti\u0161ek\u00a0<\/span><a href=\"https:\/\/www.naturalnews.com\/2021-04-15-pope-francis-new-world-order-vaccinated-slaves.html\" target=\"_blank\" rel=\"noopener\"><span>vyzval<\/span><\/a><span>\u00a0k vytvo\u0159en\u00ed globalistick\u00e9ho Nov\u00e9ho sv\u011btov\u00e9ho \u0159\u00e1du ob\u00fdvan\u00e9ho jen pln\u011b proo\u010dkovan\u00fdmi otroky?)<\/span><\/p>\n<h2><span>Zru\u0161te v\u0161echny z\u00e1padn\u00ed hranice, \u0159\u00edk\u00e1 pape\u017e Franti\u0161ek<\/span><\/h2>\n<p><span>Jak je pro n\u011bj zvykem, pape\u017e Franti\u0161ek op\u011bt odsoudil my\u0161lenku n\u00e1rodn\u00edch hranic, konkr\u00e9tn\u011b na cel\u00e9m Z\u00e1pad\u011b, kam globalist\u00e9 pos\u00edlaj\u00ed v\u0161echny neleg\u00e1ln\u00ed migranty.<\/span><\/p>\n<p><span>P\u0159esto\u017ee Vatik\u00e1n, kde \u017eije pape\u017e a jeho c\u00edrkev, je jedn\u00edm z nejopevn\u011bn\u011bj\u0161\u00edch pozemk\u016f na cel\u00e9m sv\u011bt\u011b a je obklopen masivn\u00ed zd\u00ed tlustou n\u011bkolik metr\u016f, je Franti\u0161ek p\u0159esv\u011bd\u010den, \u017ee v\u0161ichni ostatn\u00ed by m\u011bli zbourat sv\u00e9 zdi a vpustit dovnit\u0159 migrant\u016f.<\/span><\/p>\n<p><span>Podle pape\u017ee nejen\u017ee je t\u0159eba odstranit v\u0161echny n\u00e1rodn\u00ed hranice na cel\u00e9m Z\u00e1pad\u011b, ale z\u00e1padn\u00ed st\u00e1ty se mus\u00ed jak\u00fdmkoli mo\u017en\u00fdm zp\u016fsobem v\u011bnovat \u201eroz\u0161i\u0159ov\u00e1n\u00ed bezpe\u010dn\u00fdch a trvale otev\u0159en\u00fdch koridor\u016f pro migranty\u201c.<\/span><\/p>\n<p><span>Podle n\u011bj jde jednodu\u0161e o \u201eglob\u00e1ln\u00ed \u0159\u00edzen\u00ed migrace zalo\u017een\u00e9 na spravedlnosti, bratrstv\u00ed a solidarit\u011b\u201c.<\/span><\/p>\n<p><span>P\u0159esto\u017ee St\u0159edozemn\u00ed mo\u0159e je pro migranty nejnebezpe\u010dn\u011bj\u0161\u00edm p\u0159echodem pro neleg\u00e1ln\u00ed vstup do Evropy z m\u011bst jako severn\u00ed Afrika a Bl\u00edzk\u00fd v\u00fdchod, jde nad\u00e1le o migranty nej\u010dast\u011bji pou\u017e\u00edvanou trasu, i kdy\u017e se jejich p\u0159epln\u011bn\u00e9, provizorn\u00ed lod\u011b \u010dasto potop\u00ed.<\/span><\/p>\n<p><span>Kdy\u017e pandemie neleg\u00e1ln\u00ed migrace v Evrop\u011b kolem roku 2015 skute\u010dn\u011b za\u010dala nab\u00edrat na s\u00edle, St\u0159edozemn\u00ed mo\u0159e se stalo hlavn\u00edm pr\u016fchodem pro miliony neleg\u00e1ln\u00edch migrant\u016f.<\/span><\/p>\n<p><span>Jen v roce 2023 cestovalo p\u0159es St\u0159edozemn\u00ed mo\u0159e do Evropy v\u00edce ne\u017e 290 000\u00a0<\/span><a href=\"https:\/\/www.badatel.net\/madarsky-premier-orban-odhalil-sorosov-plan-nahradit-povodnych-europanov-nelegalnymi-migrantmi\/\"><span>migrant\u016f<\/span><\/a><span>\u00a0a uprchl\u00edk\u016f, co\u017e p\u0159edstavuje 55procentn\u00ed n\u00e1r\u016fst od roku 2022. V lo\u0148sk\u00e9m roce zahynulo p\u0159i pokusu o p\u0159echod p\u0159es St\u0159edozemn\u00ed mo\u0159e p\u0159ibli\u017en\u011b 3 100 migrant\u016f.<\/span><\/p>\n<h2><span>Reakce lid\u00ed na pape\u017eova slova<\/span><\/h2>\n<p><em><span>\u201eCo kdyby m\u00edsto toho prodali Vatik\u00e1n a v\u0161echny ostatn\u00ed majetky a bohatstv\u00ed ve vlastnictv\u00ed \u0159\u00edmskokatolick\u00e9 c\u00edrkve?\u201c<\/span><\/em><span>\u00a0navrhl jeden koment\u00e1tor, aby pape\u017e Franti\u0161ek a jeho katoli\u010dt\u00ed kamar\u00e1di za\u010dali praktikovat to, co k\u00e1\u017e\u00ed jin\u00fdm.<\/span><\/p>\n<p><em><span>\u201ePo\u0161lete ty pen\u00edze v\u0161em chud\u00fdm zem\u00edm\u2026 a u\u017e nebudou \u017e\u00e1dn\u00ed migranti\u2026 nebo dejte ka\u017ed\u00e9ho jednoho migranta mezi vatik\u00e1nsk\u00e9 zdi a nechte je nakrmit t\u011bmi pedofily.\u201c<\/span><\/em><\/p>\n<p><span>Dal\u0161\u00ed koment\u00e1tor varoval, \u017ee katolick\u00e1 c\u00edrkev je zn\u00e1m\u00e1 spoluprac\u00ed se CIA p\u0159i manipulov\u00e1n\u00ed voleb a instalaci loutek.<\/span><\/p>\n<p><em><span>\u201eTak\u017ee, co kdyby si uklidili sv\u016fj vlastn\u00ed d\u016fm p\u0159edt\u00edm, ne\u017e \u0159eknou ostatn\u00edm, \u017ee by m\u011bli p\u0159ijmout nes\u010detn\u00e9 miliony \u010dasto n\u00e1siln\u00fdch divoch\u016f, kte\u0159\u00ed se hem\u017e\u00ed v evropsk\u00fdch m\u011bstech a \u0161\u00ed\u0159\u00ed n\u00e1sil\u00ed a teror?\u201c<\/span><\/em><\/p>\n<p><span>\u0158\u00edk\u00e1 pape\u017e Franti\u0161ek skute\u010dn\u011b za Krista nebo je to rouha\u010dsk\u00fd podvodn\u00edk? Zjist\u011bte v\u00edce na str\u00e1nce\u00a0<\/span><a href=\"https:\/\/prophecy.news\/\" target=\"_blank\" rel=\"noopener\"><span>Prophecy.news<\/span><\/a><span> .<\/span><\/p>\n<p><span>Autor: Ethan Huff, Zdroj:\u00a0<\/span><a href=\"https:\/\/www.naturalnews.com\/2024-09-01-pope-francis-rejecting-migrant-hordes-grave-sin.html\" target=\"_blank\" rel=\"noopener\"><span>naturalnews.com<\/span><\/a><\/p>\n<p><span style=\"font-size: 14pt;\"><strong>Pozn\u00e1mka redakce:<\/strong><\/span><\/p>\n<p><strong>Zeptejte se kolik migrant\u016f p\u0159ijal na\u00a0 \u00fazem\u00ed Vatik\u00e1nu pape\u017e? Ani jednoho!\u00a0<\/strong><\/p>\n<p>&nbsp;<\/p>\n<p>&nbsp;<\/p>\n","protected":false},"excerpt":{"rendered":"<p>\u0158\u00edmskokatolick\u00fd \u201eKrist\u016fv n\u00e1m\u011bstek\u201c pape\u017e Franti\u0161ek op\u011bt mluv\u00ed o pot\u0159eb\u011b Evropy v\u00edtat s otev\u0159enou n\u00e1ru\u010d\u00ed v\u0161echny&#8230;<\/p>\n","protected":false},"author":2,"featured_media":50368,"comment_status":"closed","ping_status":"closed","sticky":false,"template":"","format":"standard","meta":[],"categories":[7],"tags":[6623,119,254],"_links":{"self":[{"href":"https:\/\/www.infokuryr.cz\/n\/wp-json\/wp\/v2\/posts\/61433"}],"collection":[{"href":"https:\/\/www.infokuryr.cz\/n\/wp-json\/wp\/v2\/posts"}],"about":[{"href":"https:\/\/www.infokuryr.cz\/n\/wp-json\/wp\/v2\/types\/post"}],"author":[{"embeddable":true,"href":"https:\/\/www.infokuryr.cz\/n\/wp-json\/wp\/v2\/users\/2"}],"replies":[{"embeddable":true,"href":"https:\/\/www.infokuryr.cz\/n\/wp-json\/wp\/v2\/comments?post=61433"}],"version-history":[{"count":0,"href":"https:\/\/www.infokuryr.cz\/n\/wp-json\/wp\/v2\/posts\/61433\/revisions"}],"wp:featuredmedia":[{"embeddable":true,"href":"https:\/\/www.infokuryr.cz\/n\/wp-json\/wp\/v2\/media\/50368"}],"wp:attachment":[{"href":"https:\/\/www.infokuryr.cz\/n\/wp-json\/wp\/v2\/media?parent=61433"}],"wp:term":[{"taxonomy":"category","embeddable":true,"href":"https:\/\/www.infokuryr.cz\/n\/wp-json\/wp\/v2\/categories?post=61433"},{"taxonomy":"post_tag","embeddable":true,"href":"https:\/\/www.infokuryr.cz\/n\/wp-json\/wp\/v2\/tags?post=61433"}],"curies":[{"name":"wp","href":"https:\/\/api.w.org\/{rel}","templated":true}]}}