{"id":61402,"date":"2024-09-04T00:41:30","date_gmt":"2024-09-03T22:41:30","guid":{"rendered":"https:\/\/www.infokuryr.cz\/n\/?p=61402"},"modified":"2024-09-03T15:04:41","modified_gmt":"2024-09-03T13:04:41","slug":"turecko-podava-zadost-o-vstup-do-brics-erdoganovy-riskantni-hry-mezi-vychodem-a-zapadem","status":"publish","type":"post","link":"https:\/\/www.infokuryr.cz\/n\/2024\/09\/04\/turecko-podava-zadost-o-vstup-do-brics-erdoganovy-riskantni-hry-mezi-vychodem-a-zapadem\/","title":{"rendered":"Turecko pod\u00e1v\u00e1 \u017e\u00e1dost o vstup do BRICS: Erdoganovy riskantn\u00ed hry mezi V\u00fdchodem a Z\u00e1padem"},"content":{"rendered":"<div id=\"fb-root\"><\/div>\n<div class=\"elementor-element elementor-element-ce0c00d articlestyle elementor-widget elementor-widget-theme-post-content\" data-id=\"ce0c00d\" data-element_type=\"widget\" data-widget_type=\"theme-post-content.default\">\n<div class=\"elementor-widget-container\">\n<p><strong><span>Turecko by se mohlo ofici\u00e1ln\u011b st\u00e1t kandid\u00e1tem na \u010dlenstv\u00ed v multipol\u00e1rn\u00ed skupin\u011b st\u00e1t\u016f na nadch\u00e1zej\u00edc\u00edm summitu BRICS+ v Rusku. Ofici\u00e1ln\u00ed pod\u00e1n\u00ed p\u0159ihl\u00e1\u0161ky ke \u010dlenstv\u00ed ji\u017e prob\u011bhlo. Prezident Erdogan si jednostrannou geopolitickou orientaci sv\u00e9 zem\u011b moc nemysl\u00ed.<\/span><\/strong><\/p>\n<p><span>Turecko\u00a0<\/span><a href=\"https:\/\/finance.yahoo.com\/news\/turkey-bids-join-brics-push-101621425.html\"><span>ofici\u00e1ln\u011b podalo \u017e\u00e1dost o vstup do skupiny zem\u00ed BRICS<\/span><\/a><span> , jak uv\u00e1d\u00ed zpravodajsk\u00e1 slu\u017eba Bloomberg. P\u0159ekvapiv\u00fd krok podtrhuje touhu prezidenta Recepa Tayyipa Erdogana redefinovat glob\u00e1ln\u00ed roli sv\u00e9 zem\u011b a nav\u00e1zat spojenectv\u00ed nad r\u00e1mec tradi\u010dn\u00edch z\u00e1padn\u00edch partner\u016f.<\/span><\/p>\n<p><span>Turecko projevilo sv\u016fj z\u00e1jem o vstup do BRICS p\u0159ed m\u011bs\u00edci. Informovala\u00a0o tom tehdy\u00a0<\/span><a href=\"https:\/\/report24.news\/ausweitung-von-beziehungen-die-tuerkei-will-brics-beitreten\/\"><span>Report24<\/span><\/a><span>\u00a0. Na\u010dasov\u00e1n\u00ed je v\u00fdbu\u0161n\u00e9: Zem\u011b je u\u017e des\u00edtky let \u010dlenem NATO, ale z\u00e1rove\u0148 udr\u017euje \u00fazk\u00e9 vztahy s Ruskem \u2013 i po jeho invazi na Ukrajinu. \u017d\u00e1dost o \u010dlenstv\u00ed v BRICS odr\u00e1\u017e\u00ed Erdoganovu vizi multipol\u00e1rn\u00edho sv\u011btov\u00e9ho \u0159\u00e1du, v n\u011bm\u017e by Turecko m\u011blo fungovat jako most mezi V\u00fdchodem a Z\u00e1padem.<\/span><\/p>\n<p><span>\u201eTurecko se m\u016f\u017ee st\u00e1t silnou, prosperuj\u00edc\u00ed, respektovanou a efektivn\u00ed zem\u00ed, pokud zlep\u0161\u00ed sv\u00e9 vztahy s V\u00fdchodem a Z\u00e1padem z\u00e1rove\u0148,\u201c prohl\u00e1sil ned\u00e1vno v Istanbulu Erdogan, zn\u00e1m\u00fd tak\u00e9 jako \u201esult\u00e1n Bosporu\u201c. &#8222;Jak\u00e1koli jin\u00e1 metoda Turecku neprosp\u011bje, ale po\u0161kod\u00ed.&#8220;<\/span><\/p>\n<figure class=\"wp-block-embed is-type-rich is-provider-twitter wp-block-embed-twitter\">\n<div class=\"wp-block-embed__wrapper\">\n<div class=\"twitter-tweet twitter-tweet-rendered\"><iframe id=\"twitter-widget-0\" class=\"\" title=\"X p\u0159\u00edsp\u011bvek\" src=\"https:\/\/platform.twitter.com\/embed\/Tweet.html?dnt=true&amp;embedId=twitter-widget-0&amp;features=eyJ0ZndfdGltZWxpbmVfbGlzdCI6eyJidWNrZXQiOltdLCJ2ZXJzaW9uIjpudWxsfSwidGZ3X2ZvbGxvd2VyX2NvdW50X3N1bnNldCI6eyJidWNrZXQiOnRydWUsInZlcnNpb24iOm51bGx9LCJ0ZndfdHdlZXRfZWRpdF9iYWNrZW5kIjp7ImJ1Y2tldCI6Im9uIiwidmVyc2lvbiI6bnVsbH0sInRmd19yZWZzcmNfc2Vzc2lvbiI6eyJidWNrZXQiOiJvbiIsInZlcnNpb24iOm51bGx9LCJ0ZndfZm9zbnJfc29mdF9pbnRlcnZlbnRpb25zX2VuYWJsZWQiOnsiYnVja2V0Ijoib24iLCJ2ZXJzaW9uIjpudWxsfSwidGZ3X21peGVkX21lZGlhXzE1ODk3Ijp7ImJ1Y2tldCI6InRyZWF0bWVudCIsInZlcnNpb24iOm51bGx9LCJ0ZndfZXhwZXJpbWVudHNfY29va2llX2V4cGlyYXRpb24iOnsiYnVja2V0IjoxMjA5NjAwLCJ2ZXJzaW9uIjpudWxsfSwidGZ3X3Nob3dfYmlyZHdhdGNoX3Bpdm90c19lbmFibGVkIjp7ImJ1Y2tldCI6Im9uIiwidmVyc2lvbiI6bnVsbH0sInRmd19kdXBsaWNhdGVfc2NyaWJlc190b19zZXR0aW5ncyI6eyJidWNrZXQiOiJvbiIsInZlcnNpb24iOm51bGx9LCJ0ZndfdXNlX3Byb2ZpbGVfaW1hZ2Vfc2hhcGVfZW5hYmxlZCI6eyJidWNrZXQiOiJvbiIsInZlcnNpb24iOm51bGx9LCJ0ZndfdmlkZW9faGxzX2R5bmFtaWNfbWFuaWZlc3RzXzE1MDgyIjp7ImJ1Y2tldCI6InRydWVfYml0cmF0ZSIsInZlcnNpb24iOm51bGx9LCJ0ZndfbGVnYWN5X3RpbWVsaW5lX3N1bnNldCI6eyJidWNrZXQiOnRydWUsInZlcnNpb24iOm51bGx9LCJ0ZndfdHdlZXRfZWRpdF9mcm9udGVuZCI6eyJidWNrZXQiOiJvbiIsInZlcnNpb24iOm51bGx9fQ%3D%3D&amp;frame=false&amp;hideCard=false&amp;hideThread=false&amp;id=1830553592467456215&amp;lang=cs&amp;origin=https%3A%2F%2Freport24.news%2Ftuerkei-reicht-antrag-fuer-brics-beitritt-ein-erdogans-riskantes-spiel-zwischen-ost-und-west%2F&amp;sessionId=93d61f6ddbe795cf485c6880996498e4b6a1cb5f&amp;theme=light&amp;widgetsVersion=2615f7e52b7e0%3A1702314776716&amp;width=550px\" frameborder=\"0\" scrolling=\"no\" allowfullscreen=\"allowfullscreen\" data-tweet-id=\"1830553592467456215\" data-mce-fragment=\"1\"><\/iframe><\/div>\n<\/div>\n<\/figure>\n<p><span>Reakc\u00ed na zablokovan\u00e1 p\u0159\u00edstupov\u00e1 jedn\u00e1n\u00ed do EU je i sbl\u00ed\u017een\u00ed se zem\u011bmi BRICS \u2013 Braz\u00edli\u00ed, Ruskem, Indi\u00ed, \u010c\u00ednou a Ji\u017en\u00ed Afrikou. V kandidatu\u0159e Turecka do EU do\u0161lo po l\u00e9ta k mal\u00e9mu pokroku, co\u017e v Anka\u0159e vyvol\u00e1v\u00e1 frustraci.<\/span><\/p>\n<figure class=\"wp-block-embed is-type-rich is-provider-twitter wp-block-embed-twitter\">\n<div class=\"wp-block-embed__wrapper\">\n<div class=\"twitter-tweet twitter-tweet-rendered\"><iframe id=\"twitter-widget-1\" class=\"\" title=\"X p\u0159\u00edsp\u011bvek\" src=\"https:\/\/platform.twitter.com\/embed\/Tweet.html?dnt=true&amp;embedId=twitter-widget-1&amp;features=eyJ0ZndfdGltZWxpbmVfbGlzdCI6eyJidWNrZXQiOltdLCJ2ZXJzaW9uIjpudWxsfSwidGZ3X2ZvbGxvd2VyX2NvdW50X3N1bnNldCI6eyJidWNrZXQiOnRydWUsInZlcnNpb24iOm51bGx9LCJ0ZndfdHdlZXRfZWRpdF9iYWNrZW5kIjp7ImJ1Y2tldCI6Im9uIiwidmVyc2lvbiI6bnVsbH0sInRmd19yZWZzcmNfc2Vzc2lvbiI6eyJidWNrZXQiOiJvbiIsInZlcnNpb24iOm51bGx9LCJ0ZndfZm9zbnJfc29mdF9pbnRlcnZlbnRpb25zX2VuYWJsZWQiOnsiYnVja2V0Ijoib24iLCJ2ZXJzaW9uIjpudWxsfSwidGZ3X21peGVkX21lZGlhXzE1ODk3Ijp7ImJ1Y2tldCI6InRyZWF0bWVudCIsInZlcnNpb24iOm51bGx9LCJ0ZndfZXhwZXJpbWVudHNfY29va2llX2V4cGlyYXRpb24iOnsiYnVja2V0IjoxMjA5NjAwLCJ2ZXJzaW9uIjpudWxsfSwidGZ3X3Nob3dfYmlyZHdhdGNoX3Bpdm90c19lbmFibGVkIjp7ImJ1Y2tldCI6Im9uIiwidmVyc2lvbiI6bnVsbH0sInRmd19kdXBsaWNhdGVfc2NyaWJlc190b19zZXR0aW5ncyI6eyJidWNrZXQiOiJvbiIsInZlcnNpb24iOm51bGx9LCJ0ZndfdXNlX3Byb2ZpbGVfaW1hZ2Vfc2hhcGVfZW5hYmxlZCI6eyJidWNrZXQiOiJvbiIsInZlcnNpb24iOm51bGx9LCJ0ZndfdmlkZW9faGxzX2R5bmFtaWNfbWFuaWZlc3RzXzE1MDgyIjp7ImJ1Y2tldCI6InRydWVfYml0cmF0ZSIsInZlcnNpb24iOm51bGx9LCJ0ZndfbGVnYWN5X3RpbWVsaW5lX3N1bnNldCI6eyJidWNrZXQiOnRydWUsInZlcnNpb24iOm51bGx9LCJ0ZndfdHdlZXRfZWRpdF9mcm9udGVuZCI6eyJidWNrZXQiOiJvbiIsInZlcnNpb24iOm51bGx9fQ%3D%3D&amp;frame=false&amp;hideCard=false&amp;hideThread=false&amp;id=1830577610155237392&amp;lang=cs&amp;origin=https%3A%2F%2Freport24.news%2Ftuerkei-reicht-antrag-fuer-brics-beitritt-ein-erdogans-riskantes-spiel-zwischen-ost-und-west%2F&amp;sessionId=93d61f6ddbe795cf485c6880996498e4b6a1cb5f&amp;theme=light&amp;widgetsVersion=2615f7e52b7e0%3A1702314776716&amp;width=550px\" frameborder=\"0\" scrolling=\"no\" allowfullscreen=\"allowfullscreen\" data-tweet-id=\"1830577610155237392\" data-mce-fragment=\"1\"><\/iframe><\/div>\n<\/div>\n<\/figure>\n<p><span>Erdogan\u016fv zahrani\u010dn\u011bpolitick\u00fd kurz v\u0161ak nen\u00ed bez rizik. Novoosmansk\u00e1 a nacionalistick\u00e1 orientace jeho politiky se pravideln\u011b st\u0159et\u00e1v\u00e1 se z\u00e1padn\u00edmi z\u00e1jmy. Vztahy s USA a dal\u0161\u00edmi partnery NATO jsou napjat\u00e9, v neposledn\u00ed \u0159ad\u011b kv\u016fli postoji Turecka v ukrajinsk\u00e9m konfliktu.<\/span><\/p>\n<figure class=\"wp-block-embed is-type-rich is-provider-twitter wp-block-embed-twitter\">\n<div class=\"wp-block-embed__wrapper\">\n<div class=\"twitter-tweet twitter-tweet-rendered\"><iframe id=\"twitter-widget-2\" class=\"\" title=\"X p\u0159\u00edsp\u011bvek\" src=\"https:\/\/platform.twitter.com\/embed\/Tweet.html?dnt=true&amp;embedId=twitter-widget-2&amp;features=eyJ0ZndfdGltZWxpbmVfbGlzdCI6eyJidWNrZXQiOltdLCJ2ZXJzaW9uIjpudWxsfSwidGZ3X2ZvbGxvd2VyX2NvdW50X3N1bnNldCI6eyJidWNrZXQiOnRydWUsInZlcnNpb24iOm51bGx9LCJ0ZndfdHdlZXRfZWRpdF9iYWNrZW5kIjp7ImJ1Y2tldCI6Im9uIiwidmVyc2lvbiI6bnVsbH0sInRmd19yZWZzcmNfc2Vzc2lvbiI6eyJidWNrZXQiOiJvbiIsInZlcnNpb24iOm51bGx9LCJ0ZndfZm9zbnJfc29mdF9pbnRlcnZlbnRpb25zX2VuYWJsZWQiOnsiYnVja2V0Ijoib24iLCJ2ZXJzaW9uIjpudWxsfSwidGZ3X21peGVkX21lZGlhXzE1ODk3Ijp7ImJ1Y2tldCI6InRyZWF0bWVudCIsInZlcnNpb24iOm51bGx9LCJ0ZndfZXhwZXJpbWVudHNfY29va2llX2V4cGlyYXRpb24iOnsiYnVja2V0IjoxMjA5NjAwLCJ2ZXJzaW9uIjpudWxsfSwidGZ3X3Nob3dfYmlyZHdhdGNoX3Bpdm90c19lbmFibGVkIjp7ImJ1Y2tldCI6Im9uIiwidmVyc2lvbiI6bnVsbH0sInRmd19kdXBsaWNhdGVfc2NyaWJlc190b19zZXR0aW5ncyI6eyJidWNrZXQiOiJvbiIsInZlcnNpb24iOm51bGx9LCJ0ZndfdXNlX3Byb2ZpbGVfaW1hZ2Vfc2hhcGVfZW5hYmxlZCI6eyJidWNrZXQiOiJvbiIsInZlcnNpb24iOm51bGx9LCJ0ZndfdmlkZW9faGxzX2R5bmFtaWNfbWFuaWZlc3RzXzE1MDgyIjp7ImJ1Y2tldCI6InRydWVfYml0cmF0ZSIsInZlcnNpb24iOm51bGx9LCJ0ZndfbGVnYWN5X3RpbWVsaW5lX3N1bnNldCI6eyJidWNrZXQiOnRydWUsInZlcnNpb24iOm51bGx9LCJ0ZndfdHdlZXRfZWRpdF9mcm9udGVuZCI6eyJidWNrZXQiOiJvbiIsInZlcnNpb24iOm51bGx9fQ%3D%3D&amp;frame=false&amp;hideCard=false&amp;hideThread=false&amp;id=1830061165566898625&amp;lang=cs&amp;origin=https%3A%2F%2Freport24.news%2Ftuerkei-reicht-antrag-fuer-brics-beitritt-ein-erdogans-riskantes-spiel-zwischen-ost-und-west%2F&amp;sessionId=93d61f6ddbe795cf485c6880996498e4b6a1cb5f&amp;theme=light&amp;widgetsVersion=2615f7e52b7e0%3A1702314776716&amp;width=550px\" frameborder=\"0\" scrolling=\"no\" allowfullscreen=\"allowfullscreen\" data-tweet-id=\"1830061165566898625\" data-mce-fragment=\"1\"><\/iframe><\/div>\n<\/div>\n<\/figure>\n<p><span>Tureck\u00e9 veden\u00ed se p\u0159itom sna\u017e\u00ed ponechat v\u0161echny mo\u017enosti otev\u0159en\u00e9. Tureck\u00fd ministr zahrani\u010d\u00ed se na konci srpna poprv\u00e9 po p\u011bti letech z\u00fa\u010dastnil zased\u00e1n\u00ed ministr\u016f EU \u2013 na znamen\u00ed dobr\u00e9 v\u016fle v\u016f\u010di Bruselu. Ozn\u00e1mena byla tak\u00e9 \u00fa\u010dast na setk\u00e1n\u00ed BRICS+ v Rusku.<\/span><\/p>\n<p><span>Odborn\u00edci pova\u017euj\u00ed tureckou zahrani\u010dn\u00ed politiku za riskantn\u00ed balancov\u00e1n\u00ed. Zem\u011b chce na jedn\u00e9 stran\u011b plnit sv\u00e9 z\u00e1vazky v\u016f\u010di NATO a na stran\u011b druh\u00e9 budovat nov\u00e1 partnerstv\u00ed na v\u00fdchod\u011b. Zda bude tato strategie fungovat z dlouhodob\u00e9ho hlediska, se teprve uvid\u00ed.<\/span><\/p>\n<figure class=\"wp-block-embed is-type-rich is-provider-twitter wp-block-embed-twitter\">\n<div class=\"wp-block-embed__wrapper\">\n<div class=\"twitter-tweet twitter-tweet-rendered\"><iframe id=\"twitter-widget-3\" class=\"\" title=\"X p\u0159\u00edsp\u011bvek\" src=\"https:\/\/platform.twitter.com\/embed\/Tweet.html?dnt=true&amp;embedId=twitter-widget-3&amp;features=eyJ0ZndfdGltZWxpbmVfbGlzdCI6eyJidWNrZXQiOltdLCJ2ZXJzaW9uIjpudWxsfSwidGZ3X2ZvbGxvd2VyX2NvdW50X3N1bnNldCI6eyJidWNrZXQiOnRydWUsInZlcnNpb24iOm51bGx9LCJ0ZndfdHdlZXRfZWRpdF9iYWNrZW5kIjp7ImJ1Y2tldCI6Im9uIiwidmVyc2lvbiI6bnVsbH0sInRmd19yZWZzcmNfc2Vzc2lvbiI6eyJidWNrZXQiOiJvbiIsInZlcnNpb24iOm51bGx9LCJ0ZndfZm9zbnJfc29mdF9pbnRlcnZlbnRpb25zX2VuYWJsZWQiOnsiYnVja2V0Ijoib24iLCJ2ZXJzaW9uIjpudWxsfSwidGZ3X21peGVkX21lZGlhXzE1ODk3Ijp7ImJ1Y2tldCI6InRyZWF0bWVudCIsInZlcnNpb24iOm51bGx9LCJ0ZndfZXhwZXJpbWVudHNfY29va2llX2V4cGlyYXRpb24iOnsiYnVja2V0IjoxMjA5NjAwLCJ2ZXJzaW9uIjpudWxsfSwidGZ3X3Nob3dfYmlyZHdhdGNoX3Bpdm90c19lbmFibGVkIjp7ImJ1Y2tldCI6Im9uIiwidmVyc2lvbiI6bnVsbH0sInRmd19kdXBsaWNhdGVfc2NyaWJlc190b19zZXR0aW5ncyI6eyJidWNrZXQiOiJvbiIsInZlcnNpb24iOm51bGx9LCJ0ZndfdXNlX3Byb2ZpbGVfaW1hZ2Vfc2hhcGVfZW5hYmxlZCI6eyJidWNrZXQiOiJvbiIsInZlcnNpb24iOm51bGx9LCJ0ZndfdmlkZW9faGxzX2R5bmFtaWNfbWFuaWZlc3RzXzE1MDgyIjp7ImJ1Y2tldCI6InRydWVfYml0cmF0ZSIsInZlcnNpb24iOm51bGx9LCJ0ZndfbGVnYWN5X3RpbWVsaW5lX3N1bnNldCI6eyJidWNrZXQiOnRydWUsInZlcnNpb24iOm51bGx9LCJ0ZndfdHdlZXRfZWRpdF9mcm9udGVuZCI6eyJidWNrZXQiOiJvbiIsInZlcnNpb24iOm51bGx9fQ%3D%3D&amp;frame=false&amp;hideCard=false&amp;hideThread=false&amp;id=1830583654680080695&amp;lang=cs&amp;origin=https%3A%2F%2Freport24.news%2Ftuerkei-reicht-antrag-fuer-brics-beitritt-ein-erdogans-riskantes-spiel-zwischen-ost-und-west%2F&amp;sessionId=93d61f6ddbe795cf485c6880996498e4b6a1cb5f&amp;theme=light&amp;widgetsVersion=2615f7e52b7e0%3A1702314776716&amp;width=550px\" frameborder=\"0\" scrolling=\"no\" allowfullscreen=\"allowfullscreen\" data-tweet-id=\"1830583654680080695\" data-mce-fragment=\"1\"><\/iframe><\/div>\n<\/div>\n<\/figure>\n<p><span>V ka\u017ed\u00e9m p\u0159\u00edpad\u011b \u017e\u00e1dost o \u010dlenstv\u00ed v BRICS jasn\u011b ukazuje Erdoganovy ambice postavit Turecko jako glob\u00e1ln\u00edho hr\u00e1\u010de. V m\u011bn\u00edc\u00edm se sv\u011btov\u00e9m \u0159\u00e1du spol\u00e9h\u00e1 na flexibilitu a pragmatismus \u2013 i kdy\u017e by to mohlo z\u00e1padn\u00ed spojence urazit. Vzhledem ke geostrategicky p\u0159\u00edzniv\u00e9 poloze sv\u00e9 zem\u011b v\u0161ak Erdogan m\u016f\u017ee hazardovat vysoko a dovolit si v\u00edce ne\u017e mnoho jin\u00fdch st\u00e1t\u016f NATO.<\/span><\/p>\n<p><img decoding=\"async\" loading=\"lazy\" class=\"alignnone size-full wp-image-1185\" src=\"http:\/\/www.infokuryr.cz\/n\/wp-content\/uploads\/2021\/04\/kuryr-podpis.png\" alt=\"\" width=\"84\" height=\"24\" \/><\/p>\n<p>&nbsp;<\/p>\n<\/div>\n<\/div>\n<div class=\"elementor-element elementor-element-ef8547e elementor-widget elementor-widget-shortcode\" data-id=\"ef8547e\" data-element_type=\"widget\" data-widget_type=\"shortcode.default\">\n<div class=\"elementor-widget-container\">\n<div class=\"elementor-shortcode\">\n<div class=\"cadblock hidemobile\" data-taxes=\"-1\" data-pos=\"main\" data-num=\"1\">\n<div class=\"cxt\"><\/div>\n<\/div>\n<\/div>\n<\/div>\n<\/div>\n","protected":false},"excerpt":{"rendered":"<p>Turecko by se mohlo ofici\u00e1ln\u011b st\u00e1t kandid\u00e1tem na \u010dlenstv\u00ed v multipol\u00e1rn\u00ed skupin\u011b st\u00e1t\u016f na nadch\u00e1zej\u00edc\u00edm&#8230;<\/p>\n","protected":false},"author":2,"featured_media":61403,"comment_status":"closed","ping_status":"closed","sticky":false,"template":"","format":"standard","meta":[],"categories":[7],"tags":[1161,56,55,1515],"_links":{"self":[{"href":"https:\/\/www.infokuryr.cz\/n\/wp-json\/wp\/v2\/posts\/61402"}],"collection":[{"href":"https:\/\/www.infokuryr.cz\/n\/wp-json\/wp\/v2\/posts"}],"about":[{"href":"https:\/\/www.infokuryr.cz\/n\/wp-json\/wp\/v2\/types\/post"}],"author":[{"embeddable":true,"href":"https:\/\/www.infokuryr.cz\/n\/wp-json\/wp\/v2\/users\/2"}],"replies":[{"embeddable":true,"href":"https:\/\/www.infokuryr.cz\/n\/wp-json\/wp\/v2\/comments?post=61402"}],"version-history":[{"count":0,"href":"https:\/\/www.infokuryr.cz\/n\/wp-json\/wp\/v2\/posts\/61402\/revisions"}],"wp:featuredmedia":[{"embeddable":true,"href":"https:\/\/www.infokuryr.cz\/n\/wp-json\/wp\/v2\/media\/61403"}],"wp:attachment":[{"href":"https:\/\/www.infokuryr.cz\/n\/wp-json\/wp\/v2\/media?parent=61402"}],"wp:term":[{"taxonomy":"category","embeddable":true,"href":"https:\/\/www.infokuryr.cz\/n\/wp-json\/wp\/v2\/categories?post=61402"},{"taxonomy":"post_tag","embeddable":true,"href":"https:\/\/www.infokuryr.cz\/n\/wp-json\/wp\/v2\/tags?post=61402"}],"curies":[{"name":"wp","href":"https:\/\/api.w.org\/{rel}","templated":true}]}}