{"id":61399,"date":"2024-09-04T00:39:03","date_gmt":"2024-09-03T22:39:03","guid":{"rendered":"https:\/\/www.infokuryr.cz\/n\/?p=61399"},"modified":"2024-09-03T14:56:21","modified_gmt":"2024-09-03T12:56:21","slug":"jeremy-scahill-jak-usa-umoznily-netanjahuovi-sabotovat-primeri-v-pasmu-gazy","status":"publish","type":"post","link":"https:\/\/www.infokuryr.cz\/n\/2024\/09\/04\/jeremy-scahill-jak-usa-umoznily-netanjahuovi-sabotovat-primeri-v-pasmu-gazy\/","title":{"rendered":"Jeremy Scahill: Jak USA umo\u017enily Netanjahuovi sabotovat p\u0159\u00edm\u011b\u0159\u00ed v p\u00e1smu Gazy"},"content":{"rendered":"<div id=\"fb-root\"><\/div>\n<div class=\"elementor-element elementor-element-1fb4c2c elementor-widget elementor-widget-theme-post-content\" data-id=\"1fb4c2c\" data-element_type=\"widget\" data-widget_type=\"theme-post-content.default\">\n<div class=\"elementor-widget-container\">\n<p><span>Pot\u00e9, co byla v p\u00e1smu Gazy nalezena t\u011bla \u0161esti dal\u0161\u00edch izraelsk\u00fdch rukojm\u00edch Hamasu, s\u00edl\u00ed v Izraeli tlak na vl\u00e1du, aby dos\u00e1hla dohody o p\u0159\u00edm\u011b\u0159\u00ed a propustila zb\u00fdvaj\u00edc\u00ed rukojm\u00ed a voj\u00e1ky zajat\u00e9 7. \u0159\u00edjna. Ned\u011bln\u00ed zpr\u00e1va, \u017ee v\u011bzni, v\u010detn\u011b dvoj\u00edho americk\u00e9ho ob\u010dana, byli objeveni v tunelu v Raf\u00e1hu, d\u00e1le podpo\u0159ila hn\u011bv proti premi\u00e9rovi Benjaminu Netanjahuovi, zejm\u00e9na mezi rodinami t\u011bch, kte\u0159\u00ed jsou dr\u017eeni v zajet\u00ed v Gaze. Obvinili premi\u00e9ra, \u017ee sabotoval jedn\u00e1n\u00ed o osvobozen\u00ed jejich p\u0159\u00edbuzn\u00fdch, \u0159ekli: &#8222;Jejich krev je na jeho rukou.&#8220;<\/span><\/p>\n<p><span>Vysoc\u00ed izrael\u0161t\u00ed p\u0159edstavitel\u00e9, zejm\u00e9na ministr obrany, se p\u0159ipojili k ve\u0159ejn\u00fdm v\u00fdzv\u00e1m, aby Netanjahu p\u0159estal br\u00e1nit jedn\u00e1n\u00edm o p\u0159\u00edm\u011b\u0159\u00ed, zat\u00edmco Ham\u00e1s prohl\u00e1sil, \u017ee se nez\u00fa\u010dastn\u00ed \u017e\u00e1dn\u00e9ho procesu, pokud USA nep\u0159esv\u011bd\u010d\u00ed Izrael, aby souhlasil s t\u00edm, aby p\u0159ijal vyjedn\u00e1vac\u00ed r\u00e1mec, kter\u00fd Ham\u00e1s souhlasil za\u010d\u00e1tkem \u010dervence. Jak Ham\u00e1s, tak rodiny izraelsk\u00fdch v\u011bz\u0148\u016f st\u00e1le dr\u017een\u00fdch v Gaze uvedli, \u017ee Netanjahu nese odpov\u011bdnost za pokra\u010dov\u00e1n\u00ed v\u00e1lky a zabr\u00e1n\u011bn\u00ed v\u00fdm\u011bn\u011b zajatc\u016f.<\/span><\/p>\n<p><span>B\u00edl\u00fd d\u016fm zjevn\u011b douf\u00e1, \u017ee ud\u00e1losti posledn\u00edch 24 hodin zm\u011bn\u00ed dosavadn\u00ed kurz. Pot\u00e9, co byl v sobotu ve\u010der informov\u00e1n o rukojm\u00edch nalezen\u00fdch v Rafahu, prezident Joe Biden, kter\u00fd je na dovolen\u00e9 v Delaware, \u0159ekl: &#8222;V\u011b\u0159\u00edm, \u017ee jsme bl\u00edzko k dohod\u011b,&#8220; dodal: &#8222;V\u011b\u0159\u00edme, \u017ee se n\u00e1m dohoda da\u0159\u00ed.&#8220; , proto\u017ee v\u0161ichni \u0159ekli, \u017ee souhlas\u00ed se z\u00e1sadami.\u201c<\/span><\/p>\n<p><span>V ned\u011bli odpoledne vypukly v n\u011bkter\u00fdch \u010d\u00e1stech Izraele pouli\u010dn\u00ed protesty a starosta Tel Avivu na pond\u011bl\u00ed vyhl\u00e1sil obecn\u00ed st\u00e1vku. \u201eUmo\u017en\u00edme v\u0161em zam\u011bstnanc\u016fm vyj\u00edt do ulic a podpo\u0159it boj rodin,\u201c napsal na Twitter\/X.<\/span><\/p>\n<p><span>Po ned\u011bln\u00edm setk\u00e1n\u00ed se sdru\u017een\u00edm rodinn\u00fdch p\u0159\u00edslu\u0161n\u00edk\u016f izraelsk\u00fdch v\u011bz\u0148\u016f vyhl\u00e1sil \u0161\u00e9f nejv\u011bt\u0161\u00ed izraelsk\u00e9 odborov\u00e9 federace Histadrut gener\u00e1ln\u00ed st\u00e1vku. Pokud tato akce p\u0159ekro\u010d\u00ed symbolickou st\u00e1vku v d\u00e9lce jednoho nebo dvou dn\u016f, mohla by se pro Netanjahua st\u00e1t velkou kriz\u00ed. &#8222;Netanjahu opustil rukojm\u00ed.&#8220; To je nyn\u00ed fakt,\u201c uvedlo rodinn\u00e9 sdru\u017een\u00ed v prohl\u00e1\u0161en\u00ed. \u201eVyz\u00fdv\u00e1me ve\u0159ejnost k p\u0159\u00edprav\u011b. Uvedeme zemi do klidu. Opu\u0161t\u011bn\u00ed skon\u010dilo.&#8220;<\/span><\/p>\n<p><span>Viceprezidentka Kamala Harrisov\u00e1 vydala prohl\u00e1\u0161en\u00ed potvrzuj\u00edc\u00ed izraelskou verzi ud\u00e1lost\u00ed kolem v\u011bz\u0148\u016f objeven\u00fdch v Raf\u00e1hu a opakuj\u00edc\u00ed Netanjahu\u016fv slib odstranit Ham\u00e1s. \u201eHamas je krut\u00e1 teroristick\u00e1 organizace. S t\u011bmito vra\u017edami m\u00e1 Hamas na rukou v\u00edce americk\u00e9 krve,\u201c \u0159ekla s odkazem na smrt Hershe Goldberga-Polina, dvoj\u00edho ob\u010dana, jeho\u017e rodi\u010de po\u010d\u00e1tkem tohoto m\u011bs\u00edce hovo\u0159ili na Demokratick\u00e9m n\u00e1rodn\u00edm shrom\u00e1\u017ed\u011bn\u00ed v Chicagu. Goldberg-Polin byl 7. \u0159\u00edjna unesen z hudebn\u00edho festivalu Nova a p\u0159i\u0161el o \u010d\u00e1st pa\u017ee, kdy\u017e v krytu, kde se skr\u00fdval, vybuchl gran\u00e1t. &#8222;Hrozba, kterou Hamas p\u0159edstavuje pro izraelsk\u00fd lid &#8211; a americk\u00e9 ob\u010dany v Izraeli &#8211; mus\u00ed b\u00fdt odstran\u011bna a Hamas nem\u016f\u017ee ovl\u00e1dat Gazu.&#8220;<\/span><\/p>\n<p><span>Ham\u00e1s zat\u00edm nedal podrobnou odpov\u011b\u010f na izraelsk\u00e9 obvin\u011bn\u00ed, \u017ee ozbrojenci Hamasu zavra\u017edili \u0161est v\u011bz\u0148\u016f, ale z jejich smrti obvinili Izrael. &#8222;Zlo\u010dinn\u00e9ho teroristu Benjamina Netanjahua a zaujatou americkou vl\u00e1du pova\u017eujeme za odpov\u011bdn\u00e9 za selh\u00e1n\u00ed vyjedn\u00e1v\u00e1n\u00ed o ukon\u010den\u00ed agrese proti na\u0161emu lidu a propu\u0161t\u011bn\u00ed v\u011bz\u0148\u016f v\u00fdm\u011bnou,&#8220; uvedla skupina v prohl\u00e1\u0161en\u00ed. &#8222;Tak\u00e9 ho \u010din\u00edme zodpov\u011bdn\u00fdm za \u017eivoty v\u011bz\u0148\u016f zabit\u00fdch kulkami jeho arm\u00e1dy.&#8220;<\/span><\/p>\n<p><span>B\u00edl\u00fd d\u016fm v posledn\u00edch t\u00fddnech vykresloval sv\u00e9 \u00fasil\u00ed o p\u0159\u00edm\u011b\u0159\u00ed, jako by \u0161lo jen o vy\u0159e\u0161en\u00ed n\u011bkolika technick\u00fdch detail\u016f, a Harrisov\u00e1 \u0159ekla, \u017ee \u201ene\u00fanavn\u011b\u201c s Bidenem \u201enep\u0159etr\u017eit\u011b\u201c pracuje na p\u0159\u00edm\u011b\u0159\u00ed ve v\u00e1lce v Gaze. . Ale zat\u00edmco se ameri\u010dt\u00ed vyjednava\u010di sna\u017eili Netanjahua uchl\u00e1cholit, izraelsk\u00fd v\u016fdce vedl ne\u00fanavnou dvoum\u011bs\u00ed\u010dn\u00ed kampa\u0148, aby dohodu zma\u0159il, a Ham\u00e1s tento proces odsoudil s tvrzen\u00edm, \u017ee respektuje r\u00e1mec USA, na kter\u00e9m se dohodl na za\u010d\u00e1tku \u010dervence.<\/span><\/p>\n<p><span>P\u0159edstavitel Hamasu zapojen\u00fd do vyjedn\u00e1v\u00e1n\u00ed o p\u0159\u00edm\u011b\u0159\u00ed \u0159ekl Drop Site News, \u017ee viceprezident a dal\u0161\u00ed ameri\u010dt\u00ed p\u0159edstavitel\u00e9 z\u00e1m\u011brn\u011b uvedli ve\u0159ejnost v omyl ohledn\u011b procesu, proto\u017ee se ob\u00e1vali, \u017ee v\u00e1lka v Gaze po\u0161kod\u00ed \u0161ance demokrat\u016f na v\u00edt\u011bzstv\u00ed v listopadu.<\/span><\/p>\n<p><span>\u201eKamala Harrisov\u00e1 je nyn\u00ed posedl\u00e1 t\u00edm, jak m\u016f\u017ee porazit Trumpa, jak m\u016f\u017ee vyhr\u00e1t volby, a v\u00ed, \u017ee genocida v Gaze a tyto masakry jsou kl\u00ed\u010dov\u00fdm prvkem kampan\u011b,\u201c \u0159ekl Basem Naim, \u010dlen politick\u00e9 kancel\u00e1\u0159e Hamasu. . &#8222;Chce vzbudit dojem, \u017ee se d\u011bje n\u011bco, co nen\u00ed v po\u0159\u00e1dku.&#8220;<\/span><\/p>\n<p><span>V rozhovoru Naim \u0159ekl, \u017ee a\u010dkoli USA cht\u011bj\u00ed \u2013 z politick\u00fdch d\u016fvod\u016f \u2013 do\u010dasn\u00e9 p\u0159\u00edm\u011b\u0159\u00ed, kter\u00e9 by umo\u017enilo propu\u0161t\u011bn\u00ed Izraelc\u016f dr\u017een\u00fdch v zajet\u00ed v Gaze a dod\u00e1n\u00ed pomoci do oble\u017een\u00e9ho P\u00e1sma, netrv\u00e1 na tom, aby Izrael ukon\u010dil svou v\u00e1lku proti Palestinci v Gaze.<\/span><\/p>\n<p><span>&#8222;Cht\u011bj\u00ed p\u0159\u00edm\u011b\u0159\u00ed, ale nejsou pro trval\u00e9 ukon\u010den\u00ed v\u00e1lky,&#8220; \u0159ekl Naim. &#8222;Prob\u00edh\u00e1 taktick\u00e1 diskuse o tom, jak dos\u00e1hnout [Izraelsk\u00fdch] c\u00edl\u016f jin\u00fdm zp\u016fsobem, kter\u00fd nepo\u0161kod\u00ed reputaci USA na mezin\u00e1rodn\u00ed \u00farovni a z\u00e1rove\u0148 podporuje genocidu, proto\u017ee v\u011bd\u00ed, \u017ee to ohroz\u00ed jejich \u0161ance na volebn\u00ed v\u00edt\u011bzstv\u00ed.&#8220;<\/span><\/p>\n<p><span>V\u011b\u0159\u00ed, \u017ee USA tak\u00e9 uznaly, \u017ee izraelsk\u00e9 v\u00e1lky z n\u011bj ud\u011blaly vyvrhele v o\u010d\u00edch velk\u00e9 \u010d\u00e1sti sv\u011bta a ohro\u017euj\u00ed \u017eivotaschopnost n\u00e1roda, kter\u00fd je \u00fast\u0159edn\u00edm bodem americk\u00e9 dominance v regionu. &#8222;Strategick\u00e9 z\u00e1jmy Ameriky udr\u017eet Izrael jako progresivn\u00ed frontovou z\u00e1kladnu jsou ohro\u017eeny,&#8220; \u0159ekl Naim.<\/span><\/p>\n<h3 class=\"wp-block-heading has-medium-font-size\"><span style=\"font-size: 18pt;\">Vytvo\u0159en\u00ed r\u00e1mce<\/span><\/h3>\n<p><span>V kv\u011btnu Biden p\u0159edlo\u017eil \u201ecestovn\u00ed mapu pro trval\u00e9 p\u0159\u00edm\u011b\u0159\u00ed a propu\u0161t\u011bn\u00ed v\u0161ech rukojm\u00edch\u201c, kterou navrhl samotn\u00fd Izrael. \u201eTohle je skute\u010dn\u011b kl\u00ed\u010dov\u00fd okam\u017eik. &#8222;Izrael p\u0159edlo\u017eil sv\u016fj n\u00e1vrh,&#8220; \u0159ekl Biden 31. \u201eHamas \u0159\u00edk\u00e1, \u017ee chce p\u0159\u00edm\u011b\u0159\u00ed. Tato dohoda je p\u0159\u00edle\u017eitost\u00ed dok\u00e1zat, zda to mysl\u00ed opravdu v\u00e1\u017en\u011b. Hamas mus\u00ed nab\u00eddku p\u0159ijmout.&#8220;<\/span><\/p>\n<p><span>10. \u010dervna p\u0159ijala Rada bezpe\u010dnosti OSN rezoluci, kter\u00e1 tento r\u00e1mec podporuje. 2. \u010dervence Hamas ozn\u00e1mil, \u017ee souhlasil s obnoven\u00edm rozhovor\u016f o p\u0159\u00edm\u011b\u0159\u00ed zalo\u017een\u00fdch na tomto r\u00e1mci. &#8222;Jsme p\u0159ipraveni na jedn\u00e1n\u00ed zam\u011b\u0159en\u00e1 na zastaven\u00ed agrese a \u00fapln\u00e9 sta\u017een\u00ed z p\u00e1sma Gazy,&#8220; \u0159ekl vysok\u00fd vyjednava\u010d Khalil Al-Hayya, z\u00e1stupce v\u016fdce Hamasu Yahya Sinwar. &#8222;Jsme p\u0159ipraveni na skute\u010dn\u00e1 jedn\u00e1n\u00ed, pokud Netanjahu dodr\u017e\u00ed z\u00e1sady nast\u00edn\u011bn\u00e9 prezidentem Bidenem.&#8220;<\/span><\/p>\n<p><span>V t\u00e9 dob\u011b vyjednava\u010di Hamasu nazna\u010dili, \u017ee jsou otev\u0159en\u00ed t\u0159\u00edf\u00e1zov\u00e9 dohod\u011b, kter\u00e1 nevy\u017eaduje okam\u017eit\u00fd z\u00e1vazek k trval\u00e9mu p\u0159\u00edm\u011b\u0159\u00ed a \u00fapln\u00e9 sta\u017een\u00ed izraelsk\u00fdch sil z Gazy jako p\u0159edpoklad pro pokra\u010dov\u00e1n\u00ed procesu. P\u0159edt\u00edm Ham\u00e1s trval na tom, \u017ee jak\u00e1koli dohoda mus\u00ed obsahovat jasn\u011b definovan\u00e9 kroky, kter\u00e9 zajist\u00ed ukon\u010den\u00ed izraelsk\u00e9 v\u00e1lky.<\/span><\/p>\n<p><span>Drop Site News vid\u011bl intern\u00ed vyjedn\u00e1vac\u00ed dokumenty ukazuj\u00edc\u00ed, \u017ee Ham\u00e1s 2. \u010dervence form\u00e1ln\u011b informoval mezin\u00e1rodn\u00ed zprost\u0159edkovatele, \u017ee p\u0159ijal r\u00e1mcovou dohodu, kter\u00e1 byla podle Ham\u00e1su pozm\u011bn\u011bna USA a 24. \u010dervna Izraelem byla schv\u00e1lena. Zm\u011bna odstranila v\u00fdraz, na kter\u00e9m Ham\u00e1s d\u0159\u00edve trval na tom, \u017ee jedn\u00e1n\u00ed o \u201enezbytn\u00fdch opat\u0159en\u00edch pro n\u00e1vrat k trval\u00e9mu p\u0159\u00edm\u011b\u0159\u00ed (permanentn\u00edmu p\u0159\u00edm\u011b\u0159\u00ed)\u201c by m\u011bla prob\u011bhnout nejpozd\u011bji 14 dn\u00ed po zah\u00e1jen\u00ed prvn\u00ed f\u00e1ze dohody n\u00e1vrh z\u00edskan\u00fd slu\u017ebou Drop Site News. Hamas vid\u011bl tento kompromis jako siln\u00fd d\u016fkaz sv\u00e9 ochoty dos\u00e1hnout dohody.<\/span><\/p>\n<p><span>\u201ePokud si zmapujete vyjedn\u00e1v\u00e1n\u00ed za posledn\u00edch 10 m\u011bs\u00edc\u016f, uvid\u00edte konzistentn\u00ed vzorec od Izraelc\u016f: poka\u017ed\u00e9, kdy\u017e jsme bl\u00edzko k dohod\u011b, bu\u010f sp\u00e1chaj\u00ed nov\u00e9 masakry, nebo se od dohody odch\u00fdl\u00ed a p\u0159idaj\u00ed nov\u00e9 podm\u00ednky, \u0159ekl Naim.<\/span><\/p>\n<p><span>Izraelsk\u00e1 vl\u00e1da na \u017e\u00e1dost o koment\u00e1\u0159 nereagovala.<\/span><\/p>\n<h3 class=\"wp-block-heading has-medium-font-size\"><span style=\"font-size: 18pt;\">Netanjahu\u016fv \u201epu\u010d\u201c proti jeho vlastn\u00edmu n\u00e1vrhu na p\u0159\u00edm\u011b\u0159\u00ed<\/span><\/h3>\n<p><span>Od za\u010d\u00e1tku \u010dervence Netanjahu zes\u00edlil izraelsk\u00e9 \u00fatoky v p\u00e1smu Gazy, opakovan\u011b p\u0159id\u00e1val do r\u00e1mcov\u00e9 dohody nov\u00e9 podm\u00ednky a v Teher\u00e1nu zavra\u017edil Ismaila Haniyeha, politick\u00e9ho v\u016fdce Hamasu a jeho hlavn\u00edho vyjednava\u010de. Netanjahuovy nov\u00e9 po\u017eadavky zahrnuj\u00ed pr\u00e1vo pokra\u010dovat v obsazov\u00e1n\u00ed filadelfsk\u00e9ho koridoru pod\u00e9l hranice s Egyptem, udr\u017eovat kontrolu nad p\u0159echodem Rafah a rozm\u00edstit izraelsk\u00e9 jednotky ve st\u0159edu p\u00e1sma Gazy pod\u00e9l osy Netzarim, kde s\u00edly IDF z\u0159izuj\u00ed kontroln\u00ed stanovi\u0161t\u011b k prohled\u00e1v\u00e1n\u00ed. Palestinci se sna\u017e\u00ed vr\u00e1tit do sv\u00fdch domov\u016f v severn\u00edm p\u00e1smu Gazy.<\/span><\/p>\n<p><span>Egypt se vyslovil proti izraelsk\u00fdm n\u00e1vrh\u016fm z\u016fstat ve Filadelfsk\u00e9m koridoru. Izrael vyzval K\u00e1hiru, aby upravila dohodu z roku 2005, bezpe\u010dnostn\u00ed p\u0159\u00edlohu smlouvy z Camp Davidu podepsan\u00e9 v roce 1979, kter\u00e1 zakazuje Izraeli rozm\u00edstit tam sv\u00e9 s\u00edly. Egypt to odm\u00edtl a \u0159ekl: \u201eZah\u00e1jen\u00ed diskuse o zm\u011bn\u011b smlouvy z Camp Davidu by mohlo v\u00e9st k nov\u00fdm kriz\u00edm, kter\u00fdm smlouva nemohla odolat, zejm\u00e9na vzhledem k rostouc\u00edmu hn\u011bvu v Egypt\u011b kv\u016fli izraelsk\u00fdm praktik\u00e1m [v Gaze] Madr Masr ned\u00e1vno zve\u0159ejnil satelitn\u00ed sn\u00edmky ukazuj\u00edc\u00ed, \u017ee Izrael zv\u00fd\u0161il svou p\u0159\u00edtomnost pod\u00e9l Netzarimu. Izraelsk\u00e9 s\u00edly za\u010daly buldozery pod\u00e9l t\u00e9to osy p\u011bt m\u011bs\u00edc\u016f po za\u010d\u00e1tku v\u00e1lky a trvaly na tom, \u017ee si tam cht\u011bj\u00ed udr\u017eet p\u0159\u00edtomnost v r\u00e1mci dohody s Hamasem.<\/span><\/p>\n<p><span>\u201eNikdo v Ham\u00e1su nem\u016f\u017ee p\u0159ijmout jakoukoli formu izraelsk\u00e9 p\u0159\u00edtomnosti v koridoru Netzarim a prov\u011b\u0159ov\u00e1n\u00ed lid\u00ed, kdy\u017e se vr\u00e1t\u00ed dom\u016f. A nikdo neakceptuje toto a vojenskou p\u0159\u00edtomnost v koridoru Philadelphia a p\u0159echodu Rafah,\u201c \u0159ekl Naim. &#8222;Mysl\u00edm, \u017ee jedin\u00fd zp\u016fsob, jak dos\u00e1hnout dohody, je odstranit tyto body z jak\u00e9koli dohody,&#8220; jinak &#8222;to znamen\u00e1, \u017ee p\u0159ij\u00edm\u00e1me trvalou okupaci Gazy.&#8220;<\/span><\/p>\n<p><span>Naim tak\u00e9 \u0159ekl, \u017ee Izrael trv\u00e1 na nov\u00e9m vetu ohledn\u011b propu\u0161t\u011bn\u00ed palestinsk\u00fdch v\u011bz\u0148\u016f, co\u017e br\u00e1n\u00ed propu\u0161t\u011bn\u00ed kl\u00ed\u010dov\u00fdch politick\u00fdch v\u011bz\u0148\u016f, v\u010detn\u011b t\u011bch z Hamasu a dal\u0161\u00edch odbojov\u00fdch skupin, kte\u0159\u00ed si odpyk\u00e1vaj\u00ed mnohalet\u00e9 tresty. &#8222;Netanjahu zcela zm\u011bnil podm\u00ednky v\u00fdm\u011bny v\u011bz\u0148\u016f, o kter\u00fdch se ji\u017e n\u011bkolik m\u011bs\u00edc\u016f vyjedn\u00e1valo,&#8220; \u0159ekl Naim. &#8222;Mysl\u00edm, \u017ee by bylo ostudn\u00e9, aby jak\u00fdkoli Palestinec p\u0159ijal takovou dohodu.&#8220;<\/span><\/p>\n<p><span>Nam\u00edsto toho, aby USA trvaly na dodr\u017eov\u00e1n\u00ed toho, co Biden v kv\u011btnu ozna\u010dil za vlastn\u00ed n\u00e1vrh Izraele, ustoupily Netanjahuovu \u00fasil\u00ed o neomezenou p\u0159\u00edtomnost izraelsk\u00fdch sil v p\u00e1smu Gazy a neomezenou kampa\u0148 vojensk\u00fdch \u00fatok\u016f. Od zavra\u017ed\u011bn\u00ed Haniyeha a jmenov\u00e1n\u00ed Sinwara, v\u016fdce Hamasu v Gaze, jeho n\u00e1stupcem, Ham\u00e1s prohl\u00e1sil, \u017ee se nez\u00fa\u010dastn\u00ed toho, co popisuje jako zmanipulovan\u00fd proces, kter\u00fd se vyd\u00e1v\u00e1 za vyjedn\u00e1v\u00e1n\u00ed. &#8222;Nov\u00e9 podm\u00ednky, kter\u00e9 [Netanjahu] p\u0159id\u00e1v\u00e1, jsou ranou pro jeho vlastn\u00ed n\u00e1vrh,&#8220; \u0159ekl Naim.<\/span><\/p>\n<div class=\"wp-block-image\" style=\"text-align: center;\">\n<figure class=\"aligncenter size-large\"><img decoding=\"async\" loading=\"lazy\" class=\"aligncenter\" src=\"https:\/\/i0.wp.com\/substackcdn.com\/image\/fetch\/w_1456,c_limit,f_webp,q_auto:good,fl_progressive:steep\/https%3A%2F%2Fsubstack-post-media.s3.amazonaws.com%2Fpublic%2Fimages%2F4e946801-d382-4210-bf37-a6935cf57c3d_5322x3550.jpeg?w=800&amp;ssl=1\" alt=\"\" width=\"735\" height=\"490\" data-recalc-dims=\"1\" \/><figcaption class=\"wp-element-caption\"><em>Americk\u00fd ministr zahrani\u010d\u00ed Antony Blinken se 20. srpna 2024 setkal v El-Alameinu s egyptsk\u00fdm prezidentem Abdel Fattahem el-Sisim. Foto KEVIN MOHATT\/POOL\/AFP prost\u0159ednictv\u00edm Getty Images.<\/em><\/figcaption><\/figure>\n<\/div>\n<p class=\"has-medium-font-size\"><span style=\"font-size: 18pt;\"><strong>Blinkenova ztr\u00e1ta d\u016fv\u011bryhodnosti<\/strong><\/span><\/p>\n<p><span>Za\u010d\u00e1tkem srpna B\u00edl\u00fd d\u016fm zd\u016fraznil, \u017ee p\u0159\u00edm\u011b\u0159\u00ed je na dosah, a p\u0159edstavil to, co nazval \u201ekone\u010dn\u00fdm n\u00e1vrhem na zastaven\u00ed\u201c k vy\u0159e\u0161en\u00ed zb\u00fdvaj\u00edc\u00edch probl\u00e9m\u016f. &#8222;Jsme bl\u00ed\u017e ne\u017e kdykoli p\u0159edt\u00edm,&#8220; \u0159ekl Biden 16. O \u010dty\u0159i dny pozd\u011bji se ministr zahrani\u010d\u00ed Antony Blinken setkal s Netanjahuem v Tel Avivu. &#8222;Podporuje to,&#8220; \u0159ekl Blinken novin\u00e1\u0159\u016fm po setk\u00e1n\u00ed. &#8222;Nyn\u00ed je na Hamasu, aby ud\u011blal tot\u00e9\u017e.&#8220; Jen n\u011bkolik hodin po Blinkenov\u011b odchodu z Izraele Netanjahuovi lid\u00e9 rozeslali zpr\u00e1vy, kter\u00e9 tato tvrzen\u00ed pop\u00edraj\u00ed a tvrd\u00ed, \u017ee izraelsk\u00fd premi\u00e9r ve skute\u010dnosti p\u0159esv\u011bd\u010dil Blinkena, aby podpo\u0159il pokra\u010duj\u00edc\u00ed okupaci \u010d\u00e1st\u00ed zem\u011b Izraelem. P\u00e1smo Gazy. USA to pop\u0159ely.<\/span><\/p>\n<p><span>&#8222;Blinken po\u0161kodil cel\u00fd proces, proto\u017ee ztratil svou d\u016fv\u011bryhodnost jako uzn\u00e1van\u00e9ho prost\u0159edn\u00edka,&#8220; \u0159ekl Naim. \u201eDnes vid\u00edme nejhor\u0161\u00ed p\u0159\u00edklad velmoci ministra zahrani\u010d\u00ed. Velmi slab\u00e9, velmi slab\u00e9. Je velk\u00fdm selh\u00e1n\u00edm.&#8220;<\/span><\/p>\n<p><span>Naim \u0159ekl, \u017ee takzvan\u00e9 n\u00e1vrhy proviz\u00ed z velk\u00e9 \u010d\u00e1sti obhajuj\u00ed Ham\u00e1s, aby p\u0159ijal n\u011bkter\u00e9 aspekty nov\u00fdch po\u017eadavk\u016f p\u0159edlo\u017een\u00fdch Netanjahuem pot\u00e9, co Ham\u00e1s souhlasil s Bidenovou r\u00e1mcovou dohodou OSN.<\/span><\/p>\n<p><span>&#8222;Jsme p\u0159ipraveni sednout si k vyjedn\u00e1v\u00e1n\u00ed, kdy\u017e diskutujeme o prov\u00e1d\u011bc\u00edm pl\u00e1nu k realizaci toho, na \u010dem jsme se dohodli 2. \u010dervence,&#8220; \u0159ekl Naim. &#8222;Nejsme p\u0159ipraveni jednat o nov\u00e9m n\u00e1vrhu, proto\u017ee [Netanjahu] p\u0159idal nov\u00e9 podm\u00ednky, kter\u00e9 nemaj\u00ed nic spole\u010dn\u00e9ho s t\u011bmi star\u00fdmi.&#8220;<\/span><\/p>\n<p><span>B\u00edl\u00fd d\u016fm trv\u00e1 na tom, \u017ee d\u011bl\u00e1 pokrok. &#8222;Diskuze na vysok\u00e9 \u00farovni v K\u00e1hi\u0159e v posledn\u00edch dnech byly konstruktivn\u00ed a byly vedeny ve snaze v\u0161ech stran dos\u00e1hnout kone\u010dn\u00e9 a provediteln\u00e9 dohody,&#8220; uvedl \u00fa\u0159edn\u00edk ministerstva zahrani\u010d\u00ed v prohl\u00e1\u0161en\u00ed pro Drop Site News. \u201eProces bude pokra\u010dovat v pracovn\u00edch skupin\u00e1ch k dal\u0161\u00edmu objasn\u011bn\u00ed zb\u00fdvaj\u00edc\u00edch ot\u00e1zek a podrobnost\u00ed. Zd\u016fraz\u0148ujeme nal\u00e9havost dohody pro v\u0161echny strany.&#8220;<\/span><\/p>\n<p><span>Ham\u00e1s tvrd\u00ed, \u017ee se p\u0159\u00edmo ne\u00fa\u010dastnil vyjedn\u00e1v\u00e1n\u00ed nebo \u201epracovn\u00edch skupin\u201c, ale pouze obdr\u017eel informace od egyptsk\u00fdch a katarsk\u00fdch zprost\u0159edkovatel\u016f a pot\u00e9 poskytl sv\u00e9 odpov\u011bdi. &#8222;Nezapojili jsme se do jedn\u00e1n\u00ed,&#8220; \u0159ekl Naim. &#8222;Posledn\u00ed kolo jedn\u00e1n\u00ed bylo pouze mezi prost\u0159edn\u00edky, Ameri\u010dany a [Izraelem].&#8220;<\/span><\/p>\n<p><span>Dodal, \u017ee zprost\u0159edkovatel\u00e9 Hamasu informovali, \u017ee Netanjahuovy izraelsk\u00e9 delegace se nezdaj\u00ed b\u00fdt zmocn\u011bny k rozhodov\u00e1n\u00ed a \u017ee \u010dasto, kdy\u017e se zd\u00e1lo mo\u017en\u00e9 dos\u00e1hnout pokroku, Netanjahu n\u00e1vrhy sv\u00e9 vlastn\u00ed delegace vetoval. &#8222;Nem\u00e1te \u017e\u00e1dnou pravomoc v\u00e1\u017en\u011b vyjedn\u00e1vat o jak\u00e9mkoli probl\u00e9mu,&#8220; \u0159ekl Naim. \u201eProb\u00edhaj\u00ed pouze jedn\u00e1n\u00ed mezi zprost\u0159edkovateli a Izraelci. P\u0159esn\u011bji \u0159e\u010deno, jedn\u00e1 se o jedn\u00e1n\u00ed mezi zprost\u0159edkovateli, Ameri\u010dany a Netanjahuem. A v tomto p\u0159\u00edpad\u011b je prost\u0159edn\u00edkem izraelsk\u00e1 delegace.<\/span><\/p>\n<p><span>Ve \u010dtvrtek izraelsk\u00fd bezpe\u010dnostn\u00ed kabinet hlasoval pro podporu Netanjahuova po\u017eadavku, aby izraelsk\u00e9 s\u00edly z\u016fstaly opevn\u011bny pod\u00e9l Filadelfsk\u00e9ho koridoru mezi Gazou a Egyptem. Podle zpr\u00e1v m\u00e9di\u00ed o sch\u016fzce se proti n\u00ed ohradil Netanjahu\u016fv vlastn\u00ed ministr obrany Yoav Gallant. &#8222;D\u016fle\u017eit\u00e9 je, \u017ee Ham\u00e1s s t\u00edm nebude souhlasit, tak\u017ee nedojde k \u017e\u00e1dn\u00e9 dohod\u011b a nebudou propu\u0161t\u011bni \u017e\u00e1dn\u00ed rukojm\u00ed,&#8220; \u0159ekl Gallant. &#8222;Vedete vyjedn\u00e1v\u00e1n\u00ed s\u00e1m,&#8220; dodal, &#8222;v\u0161echno se dozv\u00edme a\u017e pot\u00e9, co byl Netanjahu\u016fv n\u00e1vrh schv\u00e1len jedin\u00fdm nesouhlasn\u00fdm hlasem od Gallanta.&#8220;<\/span><\/p>\n<p><span>Naim \u0159ekl, \u017ee ned\u00e1vn\u00fd optimismus americk\u00fdch p\u0159edstavitel\u016f ohledn\u011b dohody o ukon\u010den\u00ed v\u00e1lky byl zd\u016frazn\u011bn pokusem zast\u0159\u00edt st\u00e1le chmurn\u011bj\u0161\u00ed realitu, kter\u00e1 byla zni\u010duj\u00edc\u00ed izraelskou n\u00e1silnou invaz\u00ed do \u010d\u00e1st\u00ed Z\u00e1padn\u00edho b\u0159ehu, kter\u00e1 za\u010dala ve st\u0159edu.<\/span><\/p>\n<p><span>\u201eTo, co se d\u011bje v Gaze a na Z\u00e1padn\u00edm b\u0159ehu, je jasn\u00fdm znamen\u00edm, jasn\u00fdm znamen\u00edm, \u017ee tento konflikt pot\u0159ebuje politick\u00e9 \u0159e\u0161en\u00ed. A Palestinci maj\u00ed v\u0161echna pr\u00e1va k dosa\u017een\u00ed sv\u00fdch n\u00e1rodn\u00edch c\u00edl\u016f: d\u016fstojnosti, svobody a nez\u00e1vislosti, suverenity,\u201c \u0159ekl Naim. \u201ePokud nech\u00e1me tyto fa\u0161istick\u00e9 v\u016fdce v Izraeli, destabilizuj\u00ed situaci nejen zde, ale v cel\u00e9m regionu. Proto\u017ee den za dnem m\u011bn\u00ed tento politick\u00fd konflikt v konflikt n\u00e1bo\u017eensk\u00fd.\u201c<\/span><\/p>\n<p><em>Autor Jeremy Scahill<\/em><\/p>\n<\/div>\n<\/div>\n<div class=\"elementor-element elementor-element-8c57238 quelle dc-has-condition dc-condition-empty elementor-widget elementor-widget-heading\" data-id=\"8c57238\" data-element_type=\"widget\" data-widget_type=\"heading.default\">\n<div class=\"elementor-widget-container\">\n<h3 class=\"elementor-heading-title elementor-size-default\"><span style=\"font-size: 10pt;\"><a href=\"https:\/\/www.dropsitenews.com\/p\/netanyahu-sabotage-ceasefire-hamas\" target=\"_blank\" rel=\"nofollow noopener\">Zdroj<\/a><\/span><\/h3>\n<p>&nbsp;<\/p>\n<\/div>\n<\/div>\n","protected":false},"excerpt":{"rendered":"<p>Pot\u00e9, co byla v p\u00e1smu Gazy nalezena t\u011bla \u0161esti dal\u0161\u00edch izraelsk\u00fdch rukojm\u00edch Hamasu, s\u00edl\u00ed v&#8230;<\/p>\n","protected":false},"author":2,"featured_media":52973,"comment_status":"closed","ping_status":"closed","sticky":false,"template":"","format":"standard","meta":[],"categories":[7],"tags":[1042,348,107,37],"_links":{"self":[{"href":"https:\/\/www.infokuryr.cz\/n\/wp-json\/wp\/v2\/posts\/61399"}],"collection":[{"href":"https:\/\/www.infokuryr.cz\/n\/wp-json\/wp\/v2\/posts"}],"about":[{"href":"https:\/\/www.infokuryr.cz\/n\/wp-json\/wp\/v2\/types\/post"}],"author":[{"embeddable":true,"href":"https:\/\/www.infokuryr.cz\/n\/wp-json\/wp\/v2\/users\/2"}],"replies":[{"embeddable":true,"href":"https:\/\/www.infokuryr.cz\/n\/wp-json\/wp\/v2\/comments?post=61399"}],"version-history":[{"count":0,"href":"https:\/\/www.infokuryr.cz\/n\/wp-json\/wp\/v2\/posts\/61399\/revisions"}],"wp:featuredmedia":[{"embeddable":true,"href":"https:\/\/www.infokuryr.cz\/n\/wp-json\/wp\/v2\/media\/52973"}],"wp:attachment":[{"href":"https:\/\/www.infokuryr.cz\/n\/wp-json\/wp\/v2\/media?parent=61399"}],"wp:term":[{"taxonomy":"category","embeddable":true,"href":"https:\/\/www.infokuryr.cz\/n\/wp-json\/wp\/v2\/categories?post=61399"},{"taxonomy":"post_tag","embeddable":true,"href":"https:\/\/www.infokuryr.cz\/n\/wp-json\/wp\/v2\/tags?post=61399"}],"curies":[{"name":"wp","href":"https:\/\/api.w.org\/{rel}","templated":true}]}}