{"id":61395,"date":"2024-09-04T00:37:10","date_gmt":"2024-09-03T22:37:10","guid":{"rendered":"https:\/\/www.infokuryr.cz\/n\/?p=61395"},"modified":"2024-09-03T14:49:24","modified_gmt":"2024-09-03T12:49:24","slug":"pravda-o-valce-na-ukrajine-za-3-minuty","status":"publish","type":"post","link":"https:\/\/www.infokuryr.cz\/n\/2024\/09\/04\/pravda-o-valce-na-ukrajine-za-3-minuty\/","title":{"rendered":"Pravda o v\u00e1lce na Ukrajin\u011b (za 3 minuty)"},"content":{"rendered":"<div id=\"fb-root\"><\/div>\n<p><strong>Obrann\u00fd pr\u016fmysl chce d\u00e1le roz\u0161i\u0159ovat NATO. Pro\u010d? Proto\u017ee zem\u011b, kter\u00e9 se stanou \u010dleny, mus\u00ed masivn\u011b investovat do zbrojen\u00ed. A p\u0159edev\u0161\u00edm mus\u00ed zad\u00e1vat sv\u00e9 zak\u00e1zky konkr\u00e9tn\u00edm firm\u00e1m.<\/strong><\/p>\n<p><span>Robert F. Kennedy Jr. ve videu na X zmi\u0148uje v\u00fdrobce zbran\u00ed Northrop Grumman, Raytheon, General Dynamics, Boeing a Lockheed.<\/span><\/p>\n<p><span>V b\u0159eznu 2022 americk\u00e1 vl\u00e1da p\u0159id\u011blila Ukrajin\u011b 113 miliard dolar\u016f. Od t\u00e9 doby byly uvoln\u011bny dal\u0161\u00ed des\u00edtky miliard. Po v\u00e1lce mus\u00ed b\u00fdt v\u0161e, co jsme zni\u010dili, znovu postaveno.<\/span><\/p>\n<div class=\"twitter-tweet twitter-tweet-rendered\"><iframe id=\"twitter-widget-0\" class=\"\" title=\"X Post\" src=\"https:\/\/platform.twitter.com\/embed\/Tweet.html?dnt=false&amp;embedId=twitter-widget-0&amp;features=eyJ0ZndfdGltZWxpbmVfbGlzdCI6eyJidWNrZXQiOltdLCJ2ZXJzaW9uIjpudWxsfSwidGZ3X2ZvbGxvd2VyX2NvdW50X3N1bnNldCI6eyJidWNrZXQiOnRydWUsInZlcnNpb24iOm51bGx9LCJ0ZndfdHdlZXRfZWRpdF9iYWNrZW5kIjp7ImJ1Y2tldCI6Im9uIiwidmVyc2lvbiI6bnVsbH0sInRmd19yZWZzcmNfc2Vzc2lvbiI6eyJidWNrZXQiOiJvbiIsInZlcnNpb24iOm51bGx9LCJ0ZndfZm9zbnJfc29mdF9pbnRlcnZlbnRpb25zX2VuYWJsZWQiOnsiYnVja2V0Ijoib24iLCJ2ZXJzaW9uIjpudWxsfSwidGZ3X21peGVkX21lZGlhXzE1ODk3Ijp7ImJ1Y2tldCI6InRyZWF0bWVudCIsInZlcnNpb24iOm51bGx9LCJ0ZndfZXhwZXJpbWVudHNfY29va2llX2V4cGlyYXRpb24iOnsiYnVja2V0IjoxMjA5NjAwLCJ2ZXJzaW9uIjpudWxsfSwidGZ3X3Nob3dfYmlyZHdhdGNoX3Bpdm90c19lbmFibGVkIjp7ImJ1Y2tldCI6Im9uIiwidmVyc2lvbiI6bnVsbH0sInRmd19kdXBsaWNhdGVfc2NyaWJlc190b19zZXR0aW5ncyI6eyJidWNrZXQiOiJvbiIsInZlcnNpb24iOm51bGx9LCJ0ZndfdXNlX3Byb2ZpbGVfaW1hZ2Vfc2hhcGVfZW5hYmxlZCI6eyJidWNrZXQiOiJvbiIsInZlcnNpb24iOm51bGx9LCJ0ZndfdmlkZW9faGxzX2R5bmFtaWNfbWFuaWZlc3RzXzE1MDgyIjp7ImJ1Y2tldCI6InRydWVfYml0cmF0ZSIsInZlcnNpb24iOm51bGx9LCJ0ZndfbGVnYWN5X3RpbWVsaW5lX3N1bnNldCI6eyJidWNrZXQiOnRydWUsInZlcnNpb24iOm51bGx9LCJ0ZndfdHdlZXRfZWRpdF9mcm9udGVuZCI6eyJidWNrZXQiOiJvbiIsInZlcnNpb24iOm51bGx9fQ%3D%3D&amp;frame=false&amp;hideCard=false&amp;hideThread=false&amp;id=1829965989385290225&amp;lang=cs&amp;maxWidth=560px&amp;origin=https%3A%2F%2Funcutnews.ch%2Fdie-wahrheit-ueber-den-krieg-in-der-ukraine-in-3-minuten%2F&amp;sessionId=5ece630fc336c35cb768241003d21636f7297394&amp;theme=light&amp;widgetsVersion=2615f7e52b7e0%3A1702314776716&amp;width=550px\" frameborder=\"0\" scrolling=\"no\" allowfullscreen=\"allowfullscreen\" data-tweet-id=\"1829965989385290225\" data-mce-fragment=\"1\"><\/iframe><\/div>\n<p><span>Sen\u00e1tor Mitch McConnell se nechal sly\u0161et, \u017ee v\u0161echny pen\u00edze ve skute\u010dnosti nejdou Ukrajin\u011b, ale americk\u00fdm v\u00fdrobc\u016fm zbran\u00ed.<\/span><\/p>\n<p><span>A kdo vlastn\u00ed tyto spole\u010dnosti? BlackRock.<\/span><\/p>\n<p><span>Sen\u00e1tor Tim Scott \u0159ekl, \u017ee Ukrajina pen\u00edze nedostane jako dar, ale jako p\u016fj\u010dku. Pro\u010d tomu \u0159\u00edkaj\u00ed p\u016fj\u010dka? Aby tomu mohli kl\u00e1st podm\u00ednky, \u0159ekl Kennedy. Zva\u017ete extr\u00e9mn\u00ed st\u0159ihy. Ukrajina mus\u00ed tak\u00e9 prodat v\u0161echna sv\u00e1 st\u00e1tn\u00ed aktiva nadn\u00e1rodn\u00edm korporac\u00edm, v\u010detn\u011b ve\u0161ker\u00e9 orn\u00e9 p\u016fdy, nej\u00farodn\u011bj\u0161\u00ed zem\u011bd\u011blsk\u00e9 p\u016fdy na sv\u011bt\u011b, chlebn\u00edku Evropy.<\/span><\/p>\n<p><span>V\u00edce ne\u017e p\u016fl milionu mlad\u00fdch Ukrajinc\u016f zem\u0159elo, aby si tuto zemi udr\u017eeli na Ukrajin\u011b. T\u0159icet procent pozemk\u016f ji\u017e bylo prod\u00e1no spole\u010dnostem DuPont, Cargill a Monsanto. Kdo vlastn\u00ed tyto spole\u010dnosti? BlackRock.<\/span><\/p>\n<p><span>A kdo pom\u016f\u017ee znovu vybudovat Ukrajinu? BlackRock.<\/span><\/p>\n<p><span>D\u011blaj\u00ed to p\u0159\u00edmo p\u0159ed na\u0161ima o\u010dima. Nezaj\u00edm\u00e1 je, \u017ee to v\u00edme, proto\u017ee v\u011bd\u00ed, \u017ee se z toho mohou dostat. a jak? T\u00edm, \u017ee zajist\u00edme, \u017ee budeme i nad\u00e1le v\u00e9st v\u00e1lku proti sob\u011b. Obracej\u00ed lidi proti sob\u011b: b\u00edl\u00e9 proti \u010dern\u00fdm, levici proti pravici a tak d\u00e1le.<\/span><\/p>\n<p><img decoding=\"async\" loading=\"lazy\" class=\"alignnone size-full wp-image-1185\" src=\"http:\/\/www.infokuryr.cz\/n\/wp-content\/uploads\/2021\/04\/kuryr-podpis.png\" alt=\"\" width=\"84\" height=\"24\" \/><\/p>\n<p>&nbsp;<\/p>\n","protected":false},"excerpt":{"rendered":"<p>Obrann\u00fd pr\u016fmysl chce d\u00e1le roz\u0161i\u0159ovat NATO. Pro\u010d? Proto\u017ee zem\u011b, kter\u00e9 se stanou \u010dleny, mus\u00ed masivn\u011b&#8230;<\/p>\n","protected":false},"author":2,"featured_media":5033,"comment_status":"closed","ping_status":"closed","sticky":false,"template":"","format":"standard","meta":[],"categories":[7],"tags":[634,90,26,40],"_links":{"self":[{"href":"https:\/\/www.infokuryr.cz\/n\/wp-json\/wp\/v2\/posts\/61395"}],"collection":[{"href":"https:\/\/www.infokuryr.cz\/n\/wp-json\/wp\/v2\/posts"}],"about":[{"href":"https:\/\/www.infokuryr.cz\/n\/wp-json\/wp\/v2\/types\/post"}],"author":[{"embeddable":true,"href":"https:\/\/www.infokuryr.cz\/n\/wp-json\/wp\/v2\/users\/2"}],"replies":[{"embeddable":true,"href":"https:\/\/www.infokuryr.cz\/n\/wp-json\/wp\/v2\/comments?post=61395"}],"version-history":[{"count":1,"href":"https:\/\/www.infokuryr.cz\/n\/wp-json\/wp\/v2\/posts\/61395\/revisions"}],"predecessor-version":[{"id":61396,"href":"https:\/\/www.infokuryr.cz\/n\/wp-json\/wp\/v2\/posts\/61395\/revisions\/61396"}],"wp:featuredmedia":[{"embeddable":true,"href":"https:\/\/www.infokuryr.cz\/n\/wp-json\/wp\/v2\/media\/5033"}],"wp:attachment":[{"href":"https:\/\/www.infokuryr.cz\/n\/wp-json\/wp\/v2\/media?parent=61395"}],"wp:term":[{"taxonomy":"category","embeddable":true,"href":"https:\/\/www.infokuryr.cz\/n\/wp-json\/wp\/v2\/categories?post=61395"},{"taxonomy":"post_tag","embeddable":true,"href":"https:\/\/www.infokuryr.cz\/n\/wp-json\/wp\/v2\/tags?post=61395"}],"curies":[{"name":"wp","href":"https:\/\/api.w.org\/{rel}","templated":true}]}}