{"id":61357,"date":"2024-09-03T00:51:20","date_gmt":"2024-09-02T22:51:20","guid":{"rendered":"https:\/\/www.infokuryr.cz\/n\/?p=61357"},"modified":"2024-09-02T21:17:07","modified_gmt":"2024-09-02T19:17:07","slug":"jihoafricti-aktiviste-tvrdi-ze-vakciny-proti-opicim-nestovicim-jsou-nebezpecne-neucinne-a-zbytecne","status":"publish","type":"post","link":"https:\/\/www.infokuryr.cz\/n\/2024\/09\/03\/jihoafricti-aktiviste-tvrdi-ze-vakciny-proti-opicim-nestovicim-jsou-nebezpecne-neucinne-a-zbytecne\/","title":{"rendered":"Jihoafri\u010dt\u00ed aktivist\u00e9 tvrd\u00ed, \u017ee vakc\u00edny proti opi\u010d\u00edm ne\u0161tovic\u00edm jsou nebezpe\u010dn\u00e9, ne\u00fa\u010dinn\u00e9 a zbyte\u010dn\u00e9"},"content":{"rendered":"<div id=\"fb-root\"><\/div>\n<p><strong>Jihoafrick\u00e9 sdru\u017een\u00ed \u201eVaccine Injury Medico-Legal Study Group (SAVIMS), co\u017e v p\u0159ekladu znamen\u00e1 \u201eMedicinsko-pr\u00e1vn\u00ed studijn\u00ed skupina pro vakcina\u010dn\u00ed po\u0161kozen\u00ed\u201c prohl\u00e1sila, \u017ee nepodporuje prohl\u00e1\u0161en\u00ed africk\u00e9ho Centra pro kontrolu a prevenci (Africk\u00e9 CDC) a Sv\u011btov\u00e9 zdravotnick\u00e9 organizace (WHO) ohledn\u011b vyhl\u00e1\u0161en\u00e9 celosv\u011btov\u00e9 zdravotnick\u00e9 nouze kv\u016fli opi\u010d\u00edm ne\u0161tovic\u00edm.<\/strong><\/p>\n<p><span>Ve sv\u00e9m prohl\u00e1\u0161en\u00ed z 18. srpna 2024 napadaj\u00ed Sv\u011btovou zdravotnickou organizac\u00ed navrhovan\u00e9 zaveden\u00ed vakc\u00edny proti opi\u010d\u00edm ne\u0161tovic\u00edm po vyhl\u00e1\u0161en\u00ed nouzov\u00e9ho stavu.<\/span><\/p>\n<p><strong>V\u00a0<a href=\"https:\/\/savims.org.za\/news\/immediate-release-statement-on-proposed-emergency-roll-out-of-vaccine-program-in-africa-for-monkeypox\/\" target=\"_blank\" rel=\"noopener\">prohl\u00e1\u0161en\u00ed<\/a>\u00a0sdru\u017een\u00ed se uv\u00e1d\u00ed:<\/strong><\/p>\n<p><em><span>\u201eJsme hluboce znepokojeni ned\u00e1vn\u00fdmi prohl\u00e1\u0161en\u00edmi gener\u00e1ln\u00edho \u0159editele CDC pro Afriku Jeana Kaseye ze dne 13. srpna 2024 a gener\u00e1ln\u00edho \u0159editele WHO Tedrose Adhanoma Ghebreyesuse ze dne 14. srpna 2024. Je d\u016fle\u017eit\u00e9 otev\u0159en\u011b pouk\u00e1zat na tato ve\u0159ejn\u00e1 prohl\u00e1\u0161en\u00ed.\u201c<\/span><\/em><\/p>\n<p><span>Skupina tak\u00e9 varovala, \u017ee sou\u010dasn\u00e1 vakc\u00edna proti opi\u010d\u00edm ne\u0161tovic\u00edm m\u016f\u017ee vzk\u0159\u00edsit d\u00e1vno eradikovan\u00e9 onemocn\u011bn\u00ed prav\u00fdch ne\u0161tovic.<\/span><\/p>\n<p><span>Podle str\u00e1nky\u00a0<\/span><a href=\"https:\/\/www.infowars.com\/posts\/south-african-vaccine-injury-group-rebukes-whos-monkeypox-emergency-shots\/\" target=\"_blank\" rel=\"noopener\"><span>InfoWars.com<\/span><\/a><span>\u00a0prohl\u00e1\u0161en\u00ed skupiny uv\u00e1d\u00ed n\u011bkolik bod\u016f, kter\u00e9 jsou v rozporu s vyhl\u00e1\u0161en\u00edm nouzov\u00e9ho stavu a bezpe\u010dnost\u00ed, \u00fa\u010dinnost\u00ed a nezbytnost\u00ed vakc\u00edny proti opi\u010d\u00edm ne\u0161tovic\u00edm.<\/span><\/p>\n<p><span>Prvn\u00edm bodem je, \u017ee sou\u010dasn\u00e1 vakc\u00edna proti opi\u010d\u00edm ne\u0161tovic\u00edm je ve skute\u010dnosti vakc\u00edna proti prav\u00fdm ne\u0161tovic\u00edm, o kter\u00e9 je zn\u00e1mo, \u017ee zp\u016fsobuje v\u00e1\u017en\u00e9 vedlej\u0161\u00ed \u00fa\u010dinky a nen\u00ed \u00fa\u010dinn\u00e1 v boji proti opi\u010d\u00edm ne\u0161tovic\u00edm v 1. stadiu a m\u016f\u017ee dokonce vzk\u0159\u00edsit nemoc p\u0159\u00edm\u00fdch ne\u0161tovic. Vakc\u00edna toti\u017e obsahuje sice oslaben\u00e9, ale st\u00e1le \u017eiv\u00e9 viry prav\u00fdch ne\u0161tovic.<\/span><\/p>\n<p><span>Druh\u00fdm bodem je potenci\u00e1ln\u00ed vyu\u017eit\u00ed technologie mRNA v budouc\u00edch vakc\u00edn\u00e1ch proti opi\u010d\u00edm ne\u0161tovic\u00edm, co\u017e je technologie, kterou toto sdru\u017een\u00ed, jako\u017e i mnoh\u00e9 jin\u00e9 organizace, ozna\u010dily po zaveden\u00ed\u00a0<\/span><a href=\"https:\/\/www.badatel.net\/japonski-vedci-zistili-ze-covidove-mrna-vakciny-49-nasobne-zvysuju-riziko-zlyhania-srdca\/\"><span>mRNA vakc\u00edn<\/span><\/a><span> proti covidu za mimo\u0159\u00e1dn\u011b \u0161kodlivou.<\/span><\/p>\n<p><span>T\u0159et\u00edm bodem je nepravd\u011bpodobn\u00e9, \u017ee se od c\u00edlov\u00e9 populace z\u00edsk\u00e1 informovan\u00fd souhlas, konkr\u00e9tn\u011b \u201einformovan\u00e1\u201c \u010d\u00e1st, kv\u016fli charakteristik\u00e1m c\u00edlov\u00e9 demografick\u00e9 skupiny.<\/span><\/p>\n<p><span>\u010ctvrt\u00fdm bodem je fakt, \u017ee opi\u010d\u00ed ne\u0161tovice se \u0161\u00ed\u0159\u00ed p\u0159ev\u00e1\u017en\u011b sexu\u00e1ln\u00edm stykem, zejm\u00e9na homosexu\u00e1ln\u00edm an\u00e1ln\u00edm sexem, co\u017e znamen\u00e1, \u017ee celopopula\u010dn\u00ed o\u010dkovac\u00ed kampa\u0148 nen\u00ed nutn\u00e1.<\/span><\/p>\n<p><span>P\u00e1t\u00fd a \u0161est\u00fd bod se v prvn\u00ed \u0159ad\u011b t\u00fdkaj\u00ed nedostatku spolehliv\u00fdch d\u016fkaz\u016f o tom, zda v\u016fbec existuje pandemie opi\u010d\u00edch ne\u0161tovic.<\/span><\/p>\n<p><span>Jeden poslucha\u010d volaj\u00edc\u00ed do show Alexe Jonese ned\u00e1vno ozn\u00e1mil, \u017ee vakc\u00edna proti opi\u010d\u00edm ne\u0161tovic\u00edm se u\u017e i distribuuje nap\u0159\u00ed\u010d cel\u00fdmi USA. Telefon\u00e1t si m\u016f\u017eete poslechnout (v angli\u010dtin\u011b) v n\u00e1sleduj\u00edc\u00edm videu:<\/span><\/p>\n<div class=\"twitter-tweet twitter-tweet-rendered\"><iframe id=\"twitter-widget-0\" class=\"\" title=\"X Post\" src=\"https:\/\/platform.twitter.com\/embed\/Tweet.html?dnt=false&amp;embedId=twitter-widget-0&amp;features=eyJ0ZndfdGltZWxpbmVfbGlzdCI6eyJidWNrZXQiOltdLCJ2ZXJzaW9uIjpudWxsfSwidGZ3X2ZvbGxvd2VyX2NvdW50X3N1bnNldCI6eyJidWNrZXQiOnRydWUsInZlcnNpb24iOm51bGx9LCJ0ZndfdHdlZXRfZWRpdF9iYWNrZW5kIjp7ImJ1Y2tldCI6Im9uIiwidmVyc2lvbiI6bnVsbH0sInRmd19yZWZzcmNfc2Vzc2lvbiI6eyJidWNrZXQiOiJvbiIsInZlcnNpb24iOm51bGx9LCJ0ZndfZm9zbnJfc29mdF9pbnRlcnZlbnRpb25zX2VuYWJsZWQiOnsiYnVja2V0Ijoib24iLCJ2ZXJzaW9uIjpudWxsfSwidGZ3X21peGVkX21lZGlhXzE1ODk3Ijp7ImJ1Y2tldCI6InRyZWF0bWVudCIsInZlcnNpb24iOm51bGx9LCJ0ZndfZXhwZXJpbWVudHNfY29va2llX2V4cGlyYXRpb24iOnsiYnVja2V0IjoxMjA5NjAwLCJ2ZXJzaW9uIjpudWxsfSwidGZ3X3Nob3dfYmlyZHdhdGNoX3Bpdm90c19lbmFibGVkIjp7ImJ1Y2tldCI6Im9uIiwidmVyc2lvbiI6bnVsbH0sInRmd19kdXBsaWNhdGVfc2NyaWJlc190b19zZXR0aW5ncyI6eyJidWNrZXQiOiJvbiIsInZlcnNpb24iOm51bGx9LCJ0ZndfdXNlX3Byb2ZpbGVfaW1hZ2Vfc2hhcGVfZW5hYmxlZCI6eyJidWNrZXQiOiJvbiIsInZlcnNpb24iOm51bGx9LCJ0ZndfdmlkZW9faGxzX2R5bmFtaWNfbWFuaWZlc3RzXzE1MDgyIjp7ImJ1Y2tldCI6InRydWVfYml0cmF0ZSIsInZlcnNpb24iOm51bGx9LCJ0ZndfbGVnYWN5X3RpbWVsaW5lX3N1bnNldCI6eyJidWNrZXQiOnRydWUsInZlcnNpb24iOm51bGx9LCJ0ZndfdHdlZXRfZWRpdF9mcm9udGVuZCI6eyJidWNrZXQiOiJvbiIsInZlcnNpb24iOm51bGx9fQ%3D%3D&amp;frame=false&amp;hideCard=false&amp;hideThread=false&amp;id=1828491750568022099&amp;lang=cs&amp;origin=https%3A%2F%2Fwww.badatel.net%2Fjuhoafricki-aktivisti-tvrdia-ze-vakciny-proti-opicim-kiahnam-su-nebezpecne-neucinne-a-zbytocne%2F&amp;sessionId=98401180b7bd8e02b24b457ee152cc5272fce972&amp;theme=light&amp;widgetsVersion=2615f7e52b7e0%3A1702314776716&amp;width=550px\" frameborder=\"0\" scrolling=\"no\" allowfullscreen=\"allowfullscreen\" data-tweet-id=\"1828491750568022099\" data-mce-fragment=\"1\"><\/iframe><\/div>\n<p><span>Autor: Niamh Harrisov\u00e1, Zdroj:\u00a0<\/span><a href=\"https:\/\/thepeoplesvoice.tv\/south-african-vaccine-injury-group-say-mpox-jabs-are-dangerous-ineffective-unnecessary\/\" target=\"_blank\" rel=\"noopener\"><span>thepeoplesvoice.tv<\/span><\/a><span>\u00a0<\/span><\/p>\n<p>&nbsp;<\/p>\n","protected":false},"excerpt":{"rendered":"<p>Jihoafrick\u00e9 sdru\u017een\u00ed \u201eVaccine Injury Medico-Legal Study Group (SAVIMS), co\u017e v p\u0159ekladu znamen\u00e1 \u201eMedicinsko-pr\u00e1vn\u00ed studijn\u00ed skupina&#8230;<\/p>\n","protected":false},"author":2,"featured_media":61358,"comment_status":"closed","ping_status":"closed","sticky":false,"template":"","format":"standard","meta":[],"categories":[7],"tags":[630,2453,497,651],"_links":{"self":[{"href":"https:\/\/www.infokuryr.cz\/n\/wp-json\/wp\/v2\/posts\/61357"}],"collection":[{"href":"https:\/\/www.infokuryr.cz\/n\/wp-json\/wp\/v2\/posts"}],"about":[{"href":"https:\/\/www.infokuryr.cz\/n\/wp-json\/wp\/v2\/types\/post"}],"author":[{"embeddable":true,"href":"https:\/\/www.infokuryr.cz\/n\/wp-json\/wp\/v2\/users\/2"}],"replies":[{"embeddable":true,"href":"https:\/\/www.infokuryr.cz\/n\/wp-json\/wp\/v2\/comments?post=61357"}],"version-history":[{"count":0,"href":"https:\/\/www.infokuryr.cz\/n\/wp-json\/wp\/v2\/posts\/61357\/revisions"}],"wp:featuredmedia":[{"embeddable":true,"href":"https:\/\/www.infokuryr.cz\/n\/wp-json\/wp\/v2\/media\/61358"}],"wp:attachment":[{"href":"https:\/\/www.infokuryr.cz\/n\/wp-json\/wp\/v2\/media?parent=61357"}],"wp:term":[{"taxonomy":"category","embeddable":true,"href":"https:\/\/www.infokuryr.cz\/n\/wp-json\/wp\/v2\/categories?post=61357"},{"taxonomy":"post_tag","embeddable":true,"href":"https:\/\/www.infokuryr.cz\/n\/wp-json\/wp\/v2\/tags?post=61357"}],"curies":[{"name":"wp","href":"https:\/\/api.w.org\/{rel}","templated":true}]}}