{"id":6133,"date":"2021-11-13T06:50:25","date_gmt":"2021-11-13T05:50:25","guid":{"rendered":"http:\/\/www.infokuryr.cz\/n\/?p=6133"},"modified":"2021-11-13T06:50:25","modified_gmt":"2021-11-13T05:50:25","slug":"evropska-unie-je-paralyzovana-a-bez-sebe-vztekem-rika-nemecky-politolog-alexander-rahr-vysvetluje-proc-evropa-horici-hanbou-zada-putina-o-pomoc","status":"publish","type":"post","link":"https:\/\/www.infokuryr.cz\/n\/2021\/11\/13\/evropska-unie-je-paralyzovana-a-bez-sebe-vztekem-rika-nemecky-politolog-alexander-rahr-vysvetluje-proc-evropa-horici-hanbou-zada-putina-o-pomoc\/","title":{"rendered":"Evropsk\u00e1 unie je paralyzovan\u00e1 a bez sebe vztekem, \u0159\u00edk\u00e1 n\u011bmeck\u00fd politolog Alexander Rahr. Vysv\u011btluje, pro\u010d Evropa, ho\u0159\u00edc\u00ed hanbou, \u017e\u00e1d\u00e1 Putina o pomoc\u2026"},"content":{"rendered":"<div id=\"fb-root\"><\/div>\n<p>EU nem\u016f\u017ee postavit novou \u201e\u017eeleznou oponu\u201c ani na polsk\u00fdch hranic\u00edch u\u017e z\u00a0mor\u00e1ln\u00edch d\u016fvod\u016f.<\/p>\n<p>Evropsk\u00e1 unie se boj\u00ed znovu \u010delit migra\u010dn\u00ed krizi, ale sama nedok\u00e1\u017ee naj\u00edt v\u00fdchodisko z\u00a0t\u011b\u017ek\u00e9 situace. Toto prohl\u00e1\u0161en\u00ed u\u010dinil n\u011bmeck\u00fd politolog Alexander Rahr.<\/p>\n<p>\u00da\u0159aduj\u00edc\u00ed n\u011bmeck\u00e1 kancl\u00e9\u0159ka Angela Merkelov\u00e1 jednala s\u00a0rusk\u00fdm prezidentem Vladimirem Putinem. Rozhovor se uskute\u010dnil z\u00a0iniciativy Berl\u00edna a\u00a0t\u00e9matem jedn\u00e1n\u00ed l\u00eddr\u016f obou zem\u00ed byla situace na b\u011blorusko-polsk\u00e9 hranici, kde se v\u00a0sou\u010dasnosti nach\u00e1z\u00ed n\u011bkolik tis\u00edc migrant\u016f z\u00a0Bl\u00edzk\u00e9ho v\u00fdchodu.<\/p>\n<p>Pozd\u011bji ve sv\u00e9m prohl\u00e1\u0161en\u00ed Merkelov\u00e1 poznamenala, \u017ee vyzvala prezidenta Ruska, aby ovlivnil Minsk, aby odvedl uprchl\u00edky od hrani\u010dn\u00ed linie\u2026.<\/p>\n<p>Podle Alexandera Rahra, Evropa nem\u016f\u017ee p\u0159ij\u00edmat uprchl\u00edky z\u00a0B\u011bloruska, proto\u017ee by to bylo v\u00edt\u011bzstv\u00edm Luka\u0161enka, otev\u0159e to cestu masov\u00e9 migraci do EU a\u00a0vyvol\u00e1 r\u016fst radik\u00e1ln\u00edch protimigra\u010dn\u00edch n\u00e1lad, co\u017e nevyhnuteln\u011b ovlivn\u00ed v\u00fdsledky voleb v\u00a0r\u016fzn\u00fdch zem\u00ed.<\/p>\n<p>Alexander Rahr se domn\u00edv\u00e1, \u017ee Evropa \u010del\u00edc\u00ed migra\u010dn\u00ed krizi se boj\u00ed opakov\u00e1n\u00ed historie z\u00a0roku 2015, proto\u017ee Brusel nem\u00e1 \u017e\u00e1dn\u00e9 metody, jak s\u00a0t\u00edmto fenom\u00e9nem bojovat. Expert p\u0159ipomn\u011bl, \u017ee p\u0159ed \u0161esti lety Angela Merkelov\u00e1 prohl\u00e1sila, \u017ee nen\u00ed mo\u017en\u00e9 postavit ze\u010f, kter\u00e1 by uprchl\u00edk\u016fm zabr\u00e1nila ve vstupu do Evropsk\u00e9 unie. P\u0159esn\u011b to v\u0161ak dnes d\u011bl\u00e1 polsk\u00e9 veden\u00ed bez ohledu na mo\u017en\u00e9 d\u016fsledky.<\/p>\n<p><em>Druh\u00e1 ze\u010f stoj\u00ed na polsko-b\u011blorusk\u00e9 hranici. Ta prvn\u00ed je na ma\u010farsko-srbsk\u00e9.<\/em><\/p>\n<p><em>\u201ePokud se na polsk\u00fdch hranic\u00edch postav\u00ed ze\u010f, Evropsk\u00e1 unie zaprod\u00e1 sv\u00e9 liber\u00e1ln\u00ed hodnoty. &lt;\u2026&gt; Pokud bude ze\u010f, Evropa se nebude moci studem pod\u00edvat do zrcadla,\u201c<\/em>\u00a0zd\u016fraznil politolog.<\/p>\n<p>EU nem\u016f\u017ee postavit novou \u201e\u017eeleznou oponu\u201c ani na polsk\u00fdch hranic\u00edch u\u017e z\u00a0mor\u00e1ln\u00edch d\u016fvod\u016f.<\/p>\n<p><em>\u201eTo podkope liber\u00e1ln\u00ed syst\u00e9m a\u00a0liber\u00e1ln\u00ed normy v\u00a0Evrop\u011b a\u00a0pos\u00edl\u00ed pravicov\u00e9 strany v\u00a0EU,\u201c\u00a0<\/em>dod\u00e1v\u00e1 Rahr.<\/p>\n<p>V takov\u00e9 situaci se Evropan\u00e9 rozhodli \u201ezapojit\u201c Rusko. V\u00fdzva Merkelov\u00e9 Putinovi podle Rahra znamen\u00e1, \u017ee EU nechce budovat dialog s\u00a0b\u011blorusk\u00fdm prezidentem Alexandrem Luka\u0161enkem.<\/p>\n<p>Pravda, Moskva zase za n\u011b nechce \u0159e\u0161it probl\u00e9my Evropan\u016f. To znamen\u00e1, \u017ee v\u00a0bl\u00edzk\u00e9 budoucnosti se stav v\u011bc\u00ed na b\u011blorusko-polsk\u00e9 hranici nezm\u011bn\u00ed\u2026.<\/p>\n<p><em>\u201eEU nem\u016f\u017ee vyjedn\u00e1vat s\u00a0Luka\u0161enkem.\u00a0EU ho p\u0159ece neuzn\u00e1v\u00e1, ale uzn\u00e1v\u00e1 Tichanovskou.\u00a0EU pova\u017euje pod svou d\u016fstojnost platit Luka\u0161enkovi, aby omezil tok uprchl\u00edk\u016f, jako tomu bylo v\u00a0p\u0159\u00edpad\u011b Erdogana.\u00a0 Proto konflikt teprve za\u010d\u00edn\u00e1,\u201c\u00a0<\/em>\u0159\u00edk\u00e1 Rahr.<\/p>\n<p><span style=\"font-size: 10pt;\"><em>Zdroj:\u00a0<a href=\"https:\/\/politpuzzle.ru\/211161-rar-obyasnil-pochemu-sgorayushhaya-ot-styda-evropa-prosit-putina-o-pomoshhi\/\">Politpuzzle<\/a>, autor\u00a0 Sergej Ku\u010dajev, p\u0159eklad\u00a0<a href=\"https:\/\/www.pokec24.cz\/politika\/nemecky-politolog-evropska-unie-je-paralyzovana-a-bez-sebe-vztekem\/\">Pokec24<\/a>, p\u0159eklad Janinna<\/em><\/span><\/p>\n<p>&nbsp;<\/p>\n","protected":false},"excerpt":{"rendered":"<p>EU nem\u016f\u017ee postavit novou \u201e\u017eeleznou oponu\u201c ani na polsk\u00fdch hranic\u00edch u\u017e z\u00a0mor\u00e1ln\u00edch d\u016fvod\u016f. Evropsk\u00e1 unie&#8230;<\/p>\n","protected":false},"author":2,"featured_media":4006,"comment_status":"closed","ping_status":"closed","sticky":false,"template":"","format":"standard","meta":[],"categories":[7],"tags":[41,149,22],"_links":{"self":[{"href":"https:\/\/www.infokuryr.cz\/n\/wp-json\/wp\/v2\/posts\/6133"}],"collection":[{"href":"https:\/\/www.infokuryr.cz\/n\/wp-json\/wp\/v2\/posts"}],"about":[{"href":"https:\/\/www.infokuryr.cz\/n\/wp-json\/wp\/v2\/types\/post"}],"author":[{"embeddable":true,"href":"https:\/\/www.infokuryr.cz\/n\/wp-json\/wp\/v2\/users\/2"}],"replies":[{"embeddable":true,"href":"https:\/\/www.infokuryr.cz\/n\/wp-json\/wp\/v2\/comments?post=6133"}],"version-history":[{"count":0,"href":"https:\/\/www.infokuryr.cz\/n\/wp-json\/wp\/v2\/posts\/6133\/revisions"}],"wp:featuredmedia":[{"embeddable":true,"href":"https:\/\/www.infokuryr.cz\/n\/wp-json\/wp\/v2\/media\/4006"}],"wp:attachment":[{"href":"https:\/\/www.infokuryr.cz\/n\/wp-json\/wp\/v2\/media?parent=6133"}],"wp:term":[{"taxonomy":"category","embeddable":true,"href":"https:\/\/www.infokuryr.cz\/n\/wp-json\/wp\/v2\/categories?post=6133"},{"taxonomy":"post_tag","embeddable":true,"href":"https:\/\/www.infokuryr.cz\/n\/wp-json\/wp\/v2\/tags?post=6133"}],"curies":[{"name":"wp","href":"https:\/\/api.w.org\/{rel}","templated":true}]}}