{"id":6132,"date":"2021-11-13T06:44:23","date_gmt":"2021-11-13T05:44:23","guid":{"rendered":"http:\/\/www.infokuryr.cz\/n\/?p=6132"},"modified":"2021-11-13T06:44:23","modified_gmt":"2021-11-13T05:44:23","slug":"merkel-jiz-podruhe-s-diplomatickym-prosikem-volala-putinovi-kvuli-imigrantum-z-beloruska","status":"publish","type":"post","link":"https:\/\/www.infokuryr.cz\/n\/2021\/11\/13\/merkel-jiz-podruhe-s-diplomatickym-prosikem-volala-putinovi-kvuli-imigrantum-z-beloruska\/","title":{"rendered":"Merkel ji\u017e podruh\u00e9 s diplomatick\u00fdm pros\u00edkem volala Putinovi, kv\u016fli imigrant\u016fm z B\u011bloruska"},"content":{"rendered":"<div id=\"fb-root\"><\/div>\n<p>Imigranti na polsk\u00fdch hranic\u00edch vyhrocuj\u00ed nejen situaci humanit\u00e1rn\u00ed a politickou, ale tak\u00e9 ideologickou. Evrop\u0161t\u00ed politici za\u010d\u00ednaj\u00ed p\u0159ehodnocovat &#8222;evropsk\u00e9 hodnoty&#8220; a ideologie. Imigra\u010dn\u00ed v\u00edtac\u00ed a p\u0159erozd\u011blovac\u00ed tabu pad\u00e1, a krom toho marazmick\u00e1 situace nevrh\u00e1 dobr\u00e9 sv\u011btlo na EU, jej\u00ed lidsk\u00e1 pr\u00e1va a hodnoty. Imigranti cht\u011bj\u00ed do N\u011bmecka, a n\u011bme\u010dt\u00ed politici u\u017e hl\u00e1s\u00ed, \u017ee mus\u00ed z\u016fstat v prvn\u00ed zemi vstupu do EU. Ukazuje se i bezmocnost evropsk\u00fdch politik\u016f, a to na mezin\u00e1rodn\u00ed sc\u00e9n\u011b nen\u00ed dobr\u00e1 vizitka.<\/p>\n<p>Odch\u00e1zej\u00edc\u00ed Merkel, kter\u00e1 m\u00e1 v situaci taky m\u00e1slo na hlav\u011b, ale nav\u00edc m\u00e1 u Putina kredit star\u00e9 dobr\u00e9 zn\u00e1m\u00e9, se c\u00edt\u00ed povinov\u00e1na sv\u00e9 pozice vyu\u017e\u00edt, a obr\u00e1tila se k Putinovi ji\u017e podruh\u00e9 za dva dni s diplomatick\u00fdm pros\u00edkem, aby n\u011bco ud\u011blal. Rusko ov\u0161em v situaci nijak nejede, jak se mu to n\u011bkte\u0159\u00ed sna\u017e\u00ed p\u0159i\u0161\u00edt, a tak toho ze sv\u00e9 strany moc ud\u011blat nem\u016f\u017ee. Merkel Putinovi podsouv\u00e1 zatla\u010dit na Luka\u0161eka, ale to je taky trochu mimo. Luka\u0161enko si u Putina vydobil postaven\u00ed rovn\u00fd s rovn\u00fdm a i Putin ho ji\u017e d\u0159\u00edve nazval tvrd\u00fdm partnerem.<\/p>\n<p>Bez samotn\u00e9ho Luka\u0161enka to nep\u016fjde. A to je to, k \u010demu si Z\u00e1pad sp\u00e1lil mosty, nejd\u0159\u00edve provokov\u00e1n\u00edm p\u0159evratu v B\u011blorusku a pot\u00e9 sankcemi. Ruku k jedn\u00e1n\u00ed nab\u00edz\u00ed tedy s\u00e1m Luka\u0161enko, ale to je zas poni\u017euj\u00edc\u00ed pro nabub\u0159el\u00fd Z\u00e1pad, a hlavn\u011b &#8211; je-li Luka\u0161enko chytr\u00fdm a tvrd\u00fdm partnerem pro Putina, t\u00edm sp\u00ed\u0161e bude pro EU, kter\u00e1 na to ani nen\u00ed zvykl\u00e1, ani nem\u00e1 moc osobnost\u00ed, kter\u00e9 by mu mohla postavit.\u00a0Naposledy u Luka\u0161enka poho\u0159el americk\u00fd novin\u00e1\u0159 tak, \u017ee to jeho CNN ani neodvys\u00edlala, a bylo to naopak a CNN navzdory \u0161\u00ed\u0159eno b\u011blorusk\u00fdmi m\u00e9dii&#8230;<\/p>\n<p><a href=\"https:\/\/www.kommersant.ru\/doc\/5066222\">ZDROJ<\/a><\/p>\n<p>&nbsp;<\/p>\n","protected":false},"excerpt":{"rendered":"<p>Imigranti na polsk\u00fdch hranic\u00edch vyhrocuj\u00ed nejen situaci humanit\u00e1rn\u00ed a politickou, ale tak\u00e9 ideologickou. Evrop\u0161t\u00ed politici&#8230;<\/p>\n","protected":false},"author":2,"featured_media":2155,"comment_status":"closed","ping_status":"closed","sticky":false,"template":"","format":"standard","meta":[],"categories":[7],"tags":[119,149,1456,31,102],"_links":{"self":[{"href":"https:\/\/www.infokuryr.cz\/n\/wp-json\/wp\/v2\/posts\/6132"}],"collection":[{"href":"https:\/\/www.infokuryr.cz\/n\/wp-json\/wp\/v2\/posts"}],"about":[{"href":"https:\/\/www.infokuryr.cz\/n\/wp-json\/wp\/v2\/types\/post"}],"author":[{"embeddable":true,"href":"https:\/\/www.infokuryr.cz\/n\/wp-json\/wp\/v2\/users\/2"}],"replies":[{"embeddable":true,"href":"https:\/\/www.infokuryr.cz\/n\/wp-json\/wp\/v2\/comments?post=6132"}],"version-history":[{"count":0,"href":"https:\/\/www.infokuryr.cz\/n\/wp-json\/wp\/v2\/posts\/6132\/revisions"}],"wp:featuredmedia":[{"embeddable":true,"href":"https:\/\/www.infokuryr.cz\/n\/wp-json\/wp\/v2\/media\/2155"}],"wp:attachment":[{"href":"https:\/\/www.infokuryr.cz\/n\/wp-json\/wp\/v2\/media?parent=6132"}],"wp:term":[{"taxonomy":"category","embeddable":true,"href":"https:\/\/www.infokuryr.cz\/n\/wp-json\/wp\/v2\/categories?post=6132"},{"taxonomy":"post_tag","embeddable":true,"href":"https:\/\/www.infokuryr.cz\/n\/wp-json\/wp\/v2\/tags?post=6132"}],"curies":[{"name":"wp","href":"https:\/\/api.w.org\/{rel}","templated":true}]}}