{"id":61292,"date":"2024-09-02T05:58:18","date_gmt":"2024-09-02T03:58:18","guid":{"rendered":"https:\/\/www.infokuryr.cz\/n\/?p=61292"},"modified":"2024-09-02T05:58:18","modified_gmt":"2024-09-02T03:58:18","slug":"pravicova-strana-si-pripisuje-historicke-vitezstvi-v-nemeckych-zemskych-volbach","status":"publish","type":"post","link":"https:\/\/www.infokuryr.cz\/n\/2024\/09\/02\/pravicova-strana-si-pripisuje-historicke-vitezstvi-v-nemeckych-zemskych-volbach\/","title":{"rendered":"Pravicov\u00e1 strana si p\u0159ipisuje historick\u00e9 v\u00edt\u011bzstv\u00ed v n\u011bmeck\u00fdch zemsk\u00fdch volb\u00e1ch"},"content":{"rendered":"<div id=\"fb-root\"><\/div>\n<p><span style=\"font-size: 18pt;\"><strong>Alternativa pro N\u011bmecko (AfD) z\u00edskala v Durynsku podle p\u0159edb\u011b\u017en\u00fdch v\u00fdsledk\u016f t\u00e9m\u011b\u0159 33 % hlas\u016f<\/strong><\/span><\/p>\n<p><span>Zd\u00e1 se, \u017ee Alternativa pro N\u011bmecko (AfD) vyhr\u00e1la sv\u00e9 prvn\u00ed zemsk\u00e9 volby od zalo\u017een\u00ed pravicov\u00e9 strany v roce 2013.<\/span><\/p>\n<p><span>Podle ofici\u00e1ln\u00edch p\u0159edb\u011b\u017en\u00fdch v\u00fdsledk\u016f z\u00edskala AfD v ned\u011bln\u00edch parlamentn\u00edch volb\u00e1ch ve spolkov\u00e9 zemi Durynsko ve v\u00fdchodn\u00ed \u010d\u00e1sti N\u011bmecka 32,8 % hlas\u016f.<\/span><\/p>\n<p><span>O\u010dek\u00e1v\u00e1 se, \u017ee na druh\u00e9m m\u00edst\u011b bude konzervativn\u00ed strana K\u0159es\u0165anskodemokratick\u00e1 unie (CDU) s 23,6 % hlas\u016f.<\/span><\/p>\n<p><span>Ob\u011b strany si podle exit polls vedly krk i v sousedn\u00ed spolkov\u00e9 zemi Sasko, kde CDU a AfD z\u00edskaly 32 % a 31,5 % hlas\u016f.<\/span><\/p>\n<p><span>\u017d\u00e1dn\u00fd z \u010dlen\u016f n\u011bmeck\u00e9 vl\u00e1dnouc\u00ed \u201esemaforov\u00e9\u201c koalice \u2013 Soci\u00e1ln\u011b demokratick\u00e1 strana (SPD) kancl\u00e9\u0159e Olafa Scholze, Svobodn\u00e1 demokratick\u00e1 strana (FDP) a Zelen\u00ed \u2013 se nedok\u00e1zali dostat do prvn\u00ed trojky ani v jednom ze st\u00e1t\u016f. .<\/span><\/p>\n<p><span>T\u0159et\u00ed m\u00edsto v Durynsku a Sasku obsadila nov\u011b vznikl\u00e1 levicov\u00e1 strana Sahra Wagenknechtov\u00e9 (BSW). Navzdory tomu, \u017ee BSW a AfD jsou na opa\u010dn\u00fdch stran\u00e1ch politick\u00e9ho spektra, volaj\u00ed po siln\u011bj\u0161\u00ed kontrole imigrace a ukon\u010den\u00ed podpory Berl\u00edna Ukrajin\u011b b\u011bhem jej\u00edho konfliktu s Ruskem.<\/span><\/p>\n<p><span>Spolup\u0159edsedkyn\u011b AfD Alice Weidelov\u00e1 uvedla, \u017ee strana dos\u00e1hla\u00a0<\/span><em><span>\u201ehistorick\u00e9ho \u00fasp\u011bchu\u201c<\/span><\/em><span>\u00a0ve volb\u00e1ch v Durynsku a Sasku, kde mohlo volit zhruba 1,7 a 3,3 milionu lid\u00ed. V rozhovoru pro televizn\u00ed stanici ARD popsala p\u0159edpokl\u00e1dan\u00fd v\u00fdsledek jako\u00a0<\/span><em><span>\u201erequiem\u201c<\/span><\/em><span>\u00a0pro Scholzovu koalici a vyzvala, aby se v N\u011bmecku konaly v\u0161eobecn\u00e9 volby.<\/span><\/p>\n<p><span>Druh\u00fd spolup\u0159edseda pravicov\u00e9 strany Tino Chrupalla \u0159ekl, \u017ee lid\u00e9 v obou st\u00e1tech dali jasn\u011b najevo, \u017ee\u00a0<\/span><em><span>\u201eby m\u011blo doj\u00edt ke zm\u011bn\u011b politiky\u201c.<\/span><\/em><span>\u00a0AfD je\u00a0<\/span><em><span>\u201ep\u0159ipraven\u00e1 a ochotn\u00e1 mluvit se v\u0161emi stranami,\u201c<\/span><\/em><span>\u00a0zd\u016fraznil Chrupalla.<\/span><\/p>\n<p><span>AfD v\u0161ak pravd\u011bpodobn\u011b nebude schopna sestavit region\u00e1ln\u00ed vl\u00e1du v n\u011bkter\u00e9m ze st\u00e1t\u016f, proto\u017ee jejich politi\u010dt\u00ed oponenti s n\u00ed odm\u00edtli spolupracovat.<\/span><\/p>\n<p><em><span>\u201eOtev\u0159en\u011b pravicov\u011b extremistick\u00e1 strana se poprv\u00e9 od roku 1949 stala nejsiln\u011bj\u0161\u00ed silou ve st\u00e1tn\u00edm parlamentu, a to v mnoha lidech vyvol\u00e1v\u00e1 velmi hlubok\u00e9 znepokojen\u00ed a strach,\u201c<\/span><\/em><span>\u00a0trval na sv\u00e9m spolup\u0159edseda Zelen\u00fdch Omid Nouripur.<\/span><\/p>\n<p><span>N\u00e1rodn\u00ed gener\u00e1ln\u00ed tajemn\u00edk CDU Carsten Linnemann \u0159ekl, \u017ee\u00a0<\/span><em><span>\u201evoli\u010di v obou st\u00e1tech v\u011bd\u011bli, \u017ee koalici s AfD nevytvo\u0159\u00edme, a tak to z\u016fstane\u201c.<\/span><\/em><span>\u00a0Weidel popsal takov\u00fd postoj k\u0159es\u0165ansk\u00fdch demokrat\u016f jako\u00a0<\/span><em><span>\u201e\u010dirou nev\u011bdomost\u201c.<\/span><\/em><\/p>\n<p><img decoding=\"async\" loading=\"lazy\" class=\"alignnone size-full wp-image-1185\" src=\"http:\/\/www.infokuryr.cz\/n\/wp-content\/uploads\/2021\/04\/kuryr-podpis.png\" alt=\"\" width=\"84\" height=\"24\" \/><\/p>\n<p>&nbsp;<\/p>\n","protected":false},"excerpt":{"rendered":"<p>Alternativa pro N\u011bmecko (AfD) z\u00edskala v Durynsku podle p\u0159edb\u011b\u017en\u00fdch v\u00fdsledk\u016f t\u00e9m\u011b\u0159 33 % hlas\u016f Zd\u00e1&#8230;<\/p>\n","protected":false},"author":2,"featured_media":61293,"comment_status":"closed","ping_status":"closed","sticky":false,"template":"","format":"standard","meta":[],"categories":[7],"tags":[83,84,3837,27],"_links":{"self":[{"href":"https:\/\/www.infokuryr.cz\/n\/wp-json\/wp\/v2\/posts\/61292"}],"collection":[{"href":"https:\/\/www.infokuryr.cz\/n\/wp-json\/wp\/v2\/posts"}],"about":[{"href":"https:\/\/www.infokuryr.cz\/n\/wp-json\/wp\/v2\/types\/post"}],"author":[{"embeddable":true,"href":"https:\/\/www.infokuryr.cz\/n\/wp-json\/wp\/v2\/users\/2"}],"replies":[{"embeddable":true,"href":"https:\/\/www.infokuryr.cz\/n\/wp-json\/wp\/v2\/comments?post=61292"}],"version-history":[{"count":0,"href":"https:\/\/www.infokuryr.cz\/n\/wp-json\/wp\/v2\/posts\/61292\/revisions"}],"wp:featuredmedia":[{"embeddable":true,"href":"https:\/\/www.infokuryr.cz\/n\/wp-json\/wp\/v2\/media\/61293"}],"wp:attachment":[{"href":"https:\/\/www.infokuryr.cz\/n\/wp-json\/wp\/v2\/media?parent=61292"}],"wp:term":[{"taxonomy":"category","embeddable":true,"href":"https:\/\/www.infokuryr.cz\/n\/wp-json\/wp\/v2\/categories?post=61292"},{"taxonomy":"post_tag","embeddable":true,"href":"https:\/\/www.infokuryr.cz\/n\/wp-json\/wp\/v2\/tags?post=61292"}],"curies":[{"name":"wp","href":"https:\/\/api.w.org\/{rel}","templated":true}]}}