{"id":6129,"date":"2021-11-13T06:33:52","date_gmt":"2021-11-13T05:33:52","guid":{"rendered":"http:\/\/www.infokuryr.cz\/n\/?p=6129"},"modified":"2021-11-13T06:36:39","modified_gmt":"2021-11-13T05:36:39","slug":"lavrov-okomentoval-agresivni-politiku-nato-vuci-rusku","status":"publish","type":"post","link":"https:\/\/www.infokuryr.cz\/n\/2021\/11\/13\/lavrov-okomentoval-agresivni-politiku-nato-vuci-rusku\/","title":{"rendered":"Lavrov okomentoval agresivn\u00ed politiku NATO v\u016f\u010di Rusku"},"content":{"rendered":"<div id=\"fb-root\"><\/div>\n<p><strong>Severoatlantick\u00e1 aliance se chov\u00e1 agresivn\u011b v\u016f\u010di Rusku, v tomto duchu se nese i nejnov\u011bj\u0161\u00ed pos\u00edlen\u00ed v \u010cern\u00e9m mo\u0159i, \u0159ekl v p\u00e1tek rusk\u00fd ministr zahrani\u010d\u00ed Sergej Lavrov.<\/strong><\/p>\n<p>\u0158ekl, \u017ee\u00a0Severoatlantick\u00e1 aliance\u00a0jako celek a USA pokra\u010duj\u00ed v politice zastra\u0161ov\u00e1n\u00ed Ruska, kter\u00e1 zahrnuje \u201epom\u011brn\u011b agresivn\u00ed akce v\u016f\u010di na\u0161\u00ed zemi\u201c.<\/p>\n<p>\u201eV posledn\u00edch dnech se objevilo mnoho p\u0159\u00edklad\u016f, a\u0165 u\u017e jde o rozm\u00edst\u011bn\u00ed dal\u0161\u00edch sil v \u010cern\u00e9m mo\u0159i, nebo o vysl\u00e1n\u00ed v\u00e1le\u010dn\u00fdch lod\u00ed v neobvykl\u00e9m rozsahu do tohoto regionu,\u201c \u0159ekl Lavrov novin\u00e1\u0159\u016fm.<\/p>\n<p>Lavrov uvedl, \u017ee na sch\u016fzce francouzsk\u00e9ho a rusk\u00e9ho ministra zahrani\u010d\u00ed a ministra obrany rusk\u00e1 delegace navrhla zah\u00e1jit jedn\u00e1n\u00ed o v\u00fdchodisku ze\u00a0<strong>slep\u00e9 uli\u010dky<\/strong>\u00a0ve vztaz\u00edch s evropskou uni\u00ed.<\/p>\n<p>\u201eDnes jsem na okraj libyjsk\u00e9 konference hovo\u0159il s p\u0159edsedou Evropsk\u00e9 rady Charlesem Michelem, kter\u00fd rovn\u011b\u017e zd\u016fraznil sv\u016fj z\u00e1jem na nalezen\u00ed zp\u016fsob\u016f, jak vyv\u00e9st na\u0161e vztahy z hlubok\u00e9 slep\u00e9 uli\u010dky, v n\u00ed\u017e se ocitly v d\u016fsledku opat\u0159en\u00ed, kter\u00e1 Z\u00e1pad p\u0159ijal pot\u00e9, co podpo\u0159il a toleroval st\u00e1tn\u00ed p\u0159evrat, kter\u00fd v roce 2014 provedli radik\u00e1lov\u00e9 na Ukrajin\u011b,\u201c \u0159ekl Lavrov novin\u00e1\u0159\u016fm<\/p>\n<p>Podle jeho slov se jim poda\u0159ilo s Charlesem Michelem v\u00e9st takov\u00fd p\u0159\u00edm\u00fd, ale pom\u011brn\u011b dlouh\u00fd rozhovor, v\u010detn\u011b toho, \u017ee by m\u011bli je\u0161t\u011b n\u011bjak\u00fdm zp\u016fsobem normalizovat situaci mezi Moskvou a Bruselem, tedy Evropskou uni\u00ed.<\/p>\n<p>Krom\u011b toho ozna\u010dil tvrzen\u00ed o zapojen\u00ed Ruska do migra\u010dn\u00ed krize na polsko-b\u011blorusk\u00e9 hranici za\u00a0<strong>absurdn\u00ed<\/strong>.<\/p>\n<p>\u201eMysl\u00edm, \u017ee Rusko by m\u011blo reagovat velmi jednodu\u0161e &#8211; m\u011bli bychom ignorovat v\u0161echny ty bl\u00e1boly a ostr\u00e1 prohl\u00e1\u0161en\u00ed, arogantn\u00ed prohl\u00e1\u0161en\u00ed, kter\u00e1 jsou diktov\u00e1na pouze rusofobn\u00edmi instinkty,\u201c uvedl.<\/p>\n<p><strong>Pr\u016fzkumn\u00e9 letouny zem\u00ed NATO<\/strong><\/p>\n<p>P\u0159ipome\u0148me, \u017ee rusk\u00e9 radary b\u011bhem jednoho dne\u00a0zaznamenaly\u00a0\u0161est let\u016f pr\u016fzkumn\u00fdch letoun\u016f zem\u00ed Severoatlantick\u00e9 aliance ve vzdu\u0161n\u00e9m prostoru nad \u010cern\u00fdm mo\u0159em, informovalo v p\u00e1tek rusk\u00e9 ministerstvo obrany. Ministerstvo uvedlo, \u017ee nad\u00e1le sleduje vojensk\u00e9 aktivity agresivn\u00ed povahy ze strany USA v oblasti\u00a0\u010cern\u00e9ho mo\u0159e.<\/p>\n<p>Podle ministerstva byly ve st\u0159edn\u00ed a severoz\u00e1padn\u00ed \u010d\u00e1sti \u010cern\u00e9ho mo\u0159e zji\u0161t\u011bny pr\u016fzkumn\u00e9 lety t\u0159\u00ed hl\u00eddkov\u00fdch letoun\u016f P-8A Poseidon americk\u00e9ho n\u00e1mo\u0159nictva z leteck\u00e9 z\u00e1kladny na ostrov\u011b Sic\u00edlie (It\u00e1lie) a tak\u00e9 C-160G Gabriel francouzsk\u00e9ho letectva z leteck\u00e9 z\u00e1kladny v Rumunsku. Krom\u011b toho byly objeveny pr\u016fzkumn\u00e9 letouny RC-135 americk\u00e9ho letectva, kter\u00e9 l\u00e9taly z leteck\u00e9 z\u00e1kladny na ostrov\u011b Kr\u00e9ta, a pr\u016fzkumn\u00e9 letouny U-2S rovn\u011b\u017e\u00a0americk\u00e9ho letectva, kter\u00e9 l\u00e9taly z leteck\u00e9 z\u00e1kladny na ostrov\u011b Kypr.<\/p>\n<p>Ministerstvo uv\u00e1d\u00ed, \u017ee po p\u0159echodu z gruz\u00ednsk\u00e9ho p\u0159\u00edstavu Batumi se torp\u00e9doborec Porter, USS Mount Whitney a USS John Lenthall nach\u00e1zej\u00ed v jihoz\u00e1padn\u00ed \u010d\u00e1sti \u010cern\u00e9ho mo\u0159e a pokra\u010duj\u00ed v cest\u011b na z\u00e1pad.<\/p>\n<p>Americk\u00e9 lod\u011b v \u010cern\u00e9m mo\u0159i monitoruj\u00ed lod\u011b \u010cernomo\u0159sk\u00e9 flotily: raketov\u00fd k\u0159i\u017en\u00edk Moskva, fregata Admir\u00e1l Essen a hl\u00eddkov\u00e1 lo\u010f Pavel D\u011br\u017eavin.<\/p>\n<p>Rusk\u00e9 ministerstvo obrany znovu zd\u016fraznilo, \u017ee pova\u017euje agresivn\u00ed vojensk\u00e9 aktivity USA v \u010dernomo\u0159sk\u00e9m regionu za hrozbu pro region\u00e1ln\u00ed bezpe\u010dnost a strategickou stabilitu.<em>\u00a0\u201eSkute\u010dn\u00fdm \u00fa\u010delem Ruskem nevyprovokovan\u00fdch akc\u00ed USA v \u010dernomo\u0159sk\u00e9m regionu je studium divadla vojensk\u00fdch akc\u00ed pro p\u0159\u00edpad, \u017ee Kyjev vy\u0159e\u0161\u00ed konflikt na jihov\u00fdchod\u011b silou,\u201c<\/em>\u00a0zopakovalo ministerstvo.<\/p>\n<p><a href=\"https:\/\/cz.sputniknews.com\/20211112\/lavrov-si-vsiml-agresivni-politiky-nato-vuci-rusku-16491456.html\">ZDROJ<\/a><\/p>\n<p>&nbsp;<\/p>\n","protected":false},"excerpt":{"rendered":"<p>Severoatlantick\u00e1 aliance se chov\u00e1 agresivn\u011b v\u016f\u010di Rusku, v tomto duchu se nese i nejnov\u011bj\u0161\u00ed pos\u00edlen\u00ed&#8230;<\/p>\n","protected":false},"author":2,"featured_media":739,"comment_status":"closed","ping_status":"closed","sticky":false,"template":"","format":"standard","meta":[],"categories":[7],"tags":[189,39,22,37],"_links":{"self":[{"href":"https:\/\/www.infokuryr.cz\/n\/wp-json\/wp\/v2\/posts\/6129"}],"collection":[{"href":"https:\/\/www.infokuryr.cz\/n\/wp-json\/wp\/v2\/posts"}],"about":[{"href":"https:\/\/www.infokuryr.cz\/n\/wp-json\/wp\/v2\/types\/post"}],"author":[{"embeddable":true,"href":"https:\/\/www.infokuryr.cz\/n\/wp-json\/wp\/v2\/users\/2"}],"replies":[{"embeddable":true,"href":"https:\/\/www.infokuryr.cz\/n\/wp-json\/wp\/v2\/comments?post=6129"}],"version-history":[{"count":0,"href":"https:\/\/www.infokuryr.cz\/n\/wp-json\/wp\/v2\/posts\/6129\/revisions"}],"wp:featuredmedia":[{"embeddable":true,"href":"https:\/\/www.infokuryr.cz\/n\/wp-json\/wp\/v2\/media\/739"}],"wp:attachment":[{"href":"https:\/\/www.infokuryr.cz\/n\/wp-json\/wp\/v2\/media?parent=6129"}],"wp:term":[{"taxonomy":"category","embeddable":true,"href":"https:\/\/www.infokuryr.cz\/n\/wp-json\/wp\/v2\/categories?post=6129"},{"taxonomy":"post_tag","embeddable":true,"href":"https:\/\/www.infokuryr.cz\/n\/wp-json\/wp\/v2\/tags?post=6129"}],"curies":[{"name":"wp","href":"https:\/\/api.w.org\/{rel}","templated":true}]}}