{"id":61234,"date":"2024-09-02T00:32:07","date_gmt":"2024-09-01T22:32:07","guid":{"rendered":"https:\/\/www.infokuryr.cz\/n\/?p=61234"},"modified":"2024-09-01T15:39:03","modified_gmt":"2024-09-01T13:39:03","slug":"kvuli-satirickym-memum-kamaly-demokrate-chteji-cenzurovat-muskuv-ai-grok","status":"publish","type":"post","link":"https:\/\/www.infokuryr.cz\/n\/2024\/09\/02\/kvuli-satirickym-memum-kamaly-demokrate-chteji-cenzurovat-muskuv-ai-grok\/","title":{"rendered":"Kv\u016fli satirick\u00fdm mem\u016fm Kamaly \u2013 demokrat\u00e9 cht\u011bj\u00ed cenzurovat Musk\u016fv AI Grok"},"content":{"rendered":"<div id=\"fb-root\"><\/div>\n<p><strong>St\u00e1le v\u00edce u\u017eivatel\u016f platformy X pou\u017e\u00edv\u00e1 n\u00e1stroj AI Grok k vytv\u00e1\u0159en\u00ed realistick\u00fdch mem\u016f Kamaly. To vyvol\u00e1v\u00e1 v Demokratick\u00e9 stran\u011b rostouc\u00ed nelibost. V\u00fdzvy k cenzu\u0159e gener\u00e1toru obr\u00e1zk\u016f AI jsou st\u00e1le hlasit\u011bj\u0161\u00ed. Zde je n\u011bkolik p\u0159\u00edklad\u016f.<\/strong><\/p>\n<p>N\u011bkolik demokratick\u00fdch politik\u016f ve Sn\u011bmovn\u011b reprezentant\u016f USA chce p\u0159im\u011bt Feder\u00e1ln\u00ed volebn\u00ed komisi (FEC), aby vydala nov\u00e1 pravidla pro cenzuru mem\u016f vytvo\u0159en\u00fdch pomoc\u00ed AI. Zat\u00edmco mnoho program\u016f s um\u011blou inteligenc\u00ed, jako je Midjourney nebo Dall-E, ji\u017e m\u00e1 vestav\u011bn\u00e9 p\u0159\u00edslu\u0161n\u00e9 filtry, u Groka tomu tak nen\u00ed. N\u00e1stroj AI z Muskovy platformy X (d\u0159\u00edve Twitter) u\u017eivatel\u00e9 st\u00e1le \u010dast\u011bji vyu\u017e\u00edvaj\u00ed k vytv\u00e1\u0159en\u00ed mem\u016f Kamala. A d\u00edky tomu nevypad\u00e1 demokratick\u00fd prezidentsk\u00fd kandid\u00e1t zrovna dob\u0159e.<\/p>\n<p>N\u00ed\u017ee uv\u00e1d\u00edme n\u011bkter\u00e9 z nejzaj\u00edmav\u011bj\u0161\u00edch mem\u016f sd\u00edlen\u00fdch na<\/p>\n<p>Zde si nap\u0159\u00edklad u\u017eivatelka \u201eHuff\u201c d\u011bl\u00e1 legraci z toho, \u017ee Kamala Harrisov\u00e1 jako pr\u00e1vni\u010dka v\u00ed, jak \u0161patn\u00e1 je policejn\u00ed korupce a jak\u00e1 nebezpe\u010d\u00ed policist\u00e9 p\u0159edstavuj\u00ed pro etnick\u00e9 men\u0161iny ve m\u011bstech, a proto chce pen\u00edze st\u00e1hnout od policie. &#8222;Ano, kriminalita se mo\u017en\u00e1 trochu zv\u00fd\u0161ila, ale #ChooseFun!&#8220;<\/p>\n<figure class=\"wp-block-embed is-type-rich is-provider-twitter wp-block-embed-twitter\">\n<div class=\"wp-block-embed__wrapper\">\n<div class=\"twitter-tweet twitter-tweet-rendered\"><img decoding=\"async\" loading=\"lazy\" class=\"wp-image-61237 aligncenter\" src=\"http:\/\/www.infokuryr.cz\/n\/wp-content\/uploads\/2024\/09\/k1-1-219x300.jpg\" alt=\"\" width=\"545\" height=\"747\" srcset=\"https:\/\/www.infokuryr.cz\/n\/wp-content\/uploads\/2024\/09\/k1-1-219x300.jpg 219w, https:\/\/www.infokuryr.cz\/n\/wp-content\/uploads\/2024\/09\/k1-1.jpg 601w\" sizes=\"(max-width: 545px) 100vw, 545px\" \/><\/div>\n<\/div>\n<\/figure>\n<p>Nebo zde: D\u011bti lze narovnat z\u00e1bavou, z\u00e1jmeny a sterilizac\u00ed&#8230;<\/p>\n<figure class=\"wp-block-embed is-type-rich is-provider-twitter wp-block-embed-twitter\">\n<div class=\"wp-block-embed__wrapper\">\n<div class=\"twitter-tweet twitter-tweet-rendered\"><img decoding=\"async\" loading=\"lazy\" class=\"wp-image-61238 aligncenter\" src=\"http:\/\/www.infokuryr.cz\/n\/wp-content\/uploads\/2024\/09\/k2-238x300.jpg\" alt=\"\" width=\"544\" height=\"686\" srcset=\"https:\/\/www.infokuryr.cz\/n\/wp-content\/uploads\/2024\/09\/k2-238x300.jpg 238w, https:\/\/www.infokuryr.cz\/n\/wp-content\/uploads\/2024\/09\/k2.jpg 574w\" sizes=\"(max-width: 544px) 100vw, 544px\" \/><\/div>\n<\/div>\n<\/figure>\n<p>Ter\u010dem je i jejich postoj k neleg\u00e1ln\u00edmu p\u0159ist\u011bhovalectv\u00ed \u2013 v\u010detn\u011b pr\u00e1va na hypot\u00e9ky a volebn\u00edho pr\u00e1va. Nap\u0159\u00edklad s obr\u00e1zkem vygenerovan\u00fdm um\u011blou inteligenc\u00ed, kter\u00fd ji ukazuje, jak se usm\u00edv\u00e1 se t\u0159emi \u010dleny gangu p\u0159ed roz\u0159ezan\u00fdm hrani\u010dn\u00edm plotem.<\/p>\n<figure class=\"wp-block-embed is-type-rich is-provider-twitter wp-block-embed-twitter\">\n<div class=\"wp-block-embed__wrapper\">\n<div class=\"twitter-tweet twitter-tweet-rendered\"><img decoding=\"async\" loading=\"lazy\" class=\"wp-image-61239 aligncenter\" src=\"http:\/\/www.infokuryr.cz\/n\/wp-content\/uploads\/2024\/09\/k3-225x300.jpg\" alt=\"\" width=\"597\" height=\"796\" srcset=\"https:\/\/www.infokuryr.cz\/n\/wp-content\/uploads\/2024\/09\/k3-225x300.jpg 225w, https:\/\/www.infokuryr.cz\/n\/wp-content\/uploads\/2024\/09\/k3.jpg 597w\" sizes=\"(max-width: 597px) 100vw, 597px\" \/><\/div>\n<\/div>\n<\/figure>\n<p>Obl\u00edben\u00e9 jsou i dal\u0161\u00ed memy, kter\u00e9 nap\u0159\u00edklad \u0159e\u0161\u00ed mo\u017en\u00e9 roz\u0161\u00ed\u0159en\u00ed povinn\u00e9 vojensk\u00e9 slu\u017eby na \u017eeny v p\u0159\u00edpad\u011b v\u00e1lky nebo podporu klimatick\u00fdch cvok\u016f a jejich fantazi\u00ed \u201eeat ze bugs\u201c.<\/p>\n<figure class=\"wp-block-embed is-type-rich is-provider-twitter wp-block-embed-twitter\">\n<div class=\"wp-block-embed__wrapper\">\n<div class=\"twitter-tweet twitter-tweet-rendered\"><img decoding=\"async\" loading=\"lazy\" class=\"wp-image-61240 aligncenter\" src=\"http:\/\/www.infokuryr.cz\/n\/wp-content\/uploads\/2024\/09\/k4-240x300.jpg\" alt=\"\" width=\"601\" height=\"751\" srcset=\"https:\/\/www.infokuryr.cz\/n\/wp-content\/uploads\/2024\/09\/k4-240x300.jpg 240w, https:\/\/www.infokuryr.cz\/n\/wp-content\/uploads\/2024\/09\/k4.jpg 598w\" sizes=\"(max-width: 601px) 100vw, 601px\" \/><\/div>\n<\/div>\n<\/figure>\n<p>Nezapom\u00ednejte, \u017ee dal\u0161\u00ed plandemie se ji\u017e p\u0159ipravuje \u2013 a s n\u00ed samoz\u0159ejm\u011b budou rou\u0161ky pro seniory a d\u011bti, uzav\u0159en\u00e9 parky a povinn\u00e9 o\u010dkov\u00e1n\u00ed.<\/p>\n<figure class=\"wp-block-embed is-type-rich is-provider-twitter wp-block-embed-twitter\">\n<div class=\"wp-block-embed__wrapper\">\n<div class=\"twitter-tweet twitter-tweet-rendered\"><img decoding=\"async\" loading=\"lazy\" class=\"wp-image-61241 aligncenter\" src=\"http:\/\/www.infokuryr.cz\/n\/wp-content\/uploads\/2024\/09\/k5-221x300.jpg\" alt=\"\" width=\"579\" height=\"786\" srcset=\"https:\/\/www.infokuryr.cz\/n\/wp-content\/uploads\/2024\/09\/k5-221x300.jpg 221w, https:\/\/www.infokuryr.cz\/n\/wp-content\/uploads\/2024\/09\/k5.jpg 591w\" sizes=\"(max-width: 579px) 100vw, 579px\" \/><\/div>\n<div><img decoding=\"async\" loading=\"lazy\" class=\"wp-image-61242 aligncenter\" src=\"http:\/\/www.infokuryr.cz\/n\/wp-content\/uploads\/2024\/09\/k6-244x300.jpg\" alt=\"\" width=\"610\" height=\"751\" srcset=\"https:\/\/www.infokuryr.cz\/n\/wp-content\/uploads\/2024\/09\/k6-244x300.jpg 244w, https:\/\/www.infokuryr.cz\/n\/wp-content\/uploads\/2024\/09\/k6.jpg 603w\" sizes=\"(max-width: 610px) 100vw, 610px\" \/><\/div>\n<\/div>\n<\/figure>\n<p>Toto je jen n\u011bkolik p\u0159\u00edklad\u016f toho, jak u\u017eivatel\u00e9 pou\u017e\u00edvaj\u00ed Grok k vytv\u00e1\u0159en\u00ed mem\u016f kv\u016fli svobod\u011b p\u0159i vytv\u00e1\u0159en\u00ed obr\u00e1zk\u016f. A to je p\u0159esn\u011b d\u016fvod, pro\u010d by m\u011bl b\u00fdt FEC vytvo\u0159en tak, aby donutil X a Muska. Nem\u016f\u017ee to b\u00fdt tak, \u017ee po\u017eadavky a jedn\u00e1n\u00ed politik\u016f, kte\u0159\u00ed se \u00fa\u010dastn\u00ed volebn\u00ed kampan\u011b, jsou satiricky zveli\u010dov\u00e1ny, ne?<\/p>\n<p><img decoding=\"async\" loading=\"lazy\" class=\"alignnone size-full wp-image-1185\" src=\"http:\/\/www.infokuryr.cz\/n\/wp-content\/uploads\/2021\/04\/kuryr-podpis.png\" alt=\"\" width=\"84\" height=\"24\" \/><\/p>\n<p>&nbsp;<\/p>\n","protected":false},"excerpt":{"rendered":"<p>St\u00e1le v\u00edce u\u017eivatel\u016f platformy X pou\u017e\u00edv\u00e1 n\u00e1stroj AI Grok k vytv\u00e1\u0159en\u00ed realistick\u00fdch mem\u016f Kamaly. To&#8230;<\/p>\n","protected":false},"author":2,"featured_media":61235,"comment_status":"closed","ping_status":"closed","sticky":false,"template":"","format":"standard","meta":[],"categories":[7],"tags":[63,7847,5795],"_links":{"self":[{"href":"https:\/\/www.infokuryr.cz\/n\/wp-json\/wp\/v2\/posts\/61234"}],"collection":[{"href":"https:\/\/www.infokuryr.cz\/n\/wp-json\/wp\/v2\/posts"}],"about":[{"href":"https:\/\/www.infokuryr.cz\/n\/wp-json\/wp\/v2\/types\/post"}],"author":[{"embeddable":true,"href":"https:\/\/www.infokuryr.cz\/n\/wp-json\/wp\/v2\/users\/2"}],"replies":[{"embeddable":true,"href":"https:\/\/www.infokuryr.cz\/n\/wp-json\/wp\/v2\/comments?post=61234"}],"version-history":[{"count":1,"href":"https:\/\/www.infokuryr.cz\/n\/wp-json\/wp\/v2\/posts\/61234\/revisions"}],"predecessor-version":[{"id":61243,"href":"https:\/\/www.infokuryr.cz\/n\/wp-json\/wp\/v2\/posts\/61234\/revisions\/61243"}],"wp:featuredmedia":[{"embeddable":true,"href":"https:\/\/www.infokuryr.cz\/n\/wp-json\/wp\/v2\/media\/61235"}],"wp:attachment":[{"href":"https:\/\/www.infokuryr.cz\/n\/wp-json\/wp\/v2\/media?parent=61234"}],"wp:term":[{"taxonomy":"category","embeddable":true,"href":"https:\/\/www.infokuryr.cz\/n\/wp-json\/wp\/v2\/categories?post=61234"},{"taxonomy":"post_tag","embeddable":true,"href":"https:\/\/www.infokuryr.cz\/n\/wp-json\/wp\/v2\/tags?post=61234"}],"curies":[{"name":"wp","href":"https:\/\/api.w.org\/{rel}","templated":true}]}}