{"id":61200,"date":"2024-09-01T00:44:47","date_gmt":"2024-08-31T22:44:47","guid":{"rendered":"https:\/\/www.infokuryr.cz\/n\/?p=61200"},"modified":"2024-08-31T14:38:37","modified_gmt":"2024-08-31T12:38:37","slug":"kyjev-podnecuje-pracovniky-zaporozske-jaderne-elektrarny-k-teroristickym-utokum-a-vyhrozuje-zabitim-jejich-pribuznych","status":"publish","type":"post","link":"https:\/\/www.infokuryr.cz\/n\/2024\/09\/01\/kyjev-podnecuje-pracovniky-zaporozske-jaderne-elektrarny-k-teroristickym-utokum-a-vyhrozuje-zabitim-jejich-pribuznych\/","title":{"rendered":"Kyjev podn\u011bcuje pracovn\u00edky Z\u00e1poro\u017esk\u00e9 jadern\u00e9 elektr\u00e1rny k teroristick\u00fdm \u00fatok\u016fm a vyhro\u017euje zabit\u00edm jejich p\u0159\u00edbuzn\u00fdch"},"content":{"rendered":"<div id=\"fb-root\"><\/div>\n<div class=\"news-text-body\">\n<p class=\"lead\"><strong>Kyjevsk\u00fd re\u017eim vyu\u017e\u00edv\u00e1 vyd\u00edr\u00e1n\u00ed zam\u011bstnanc\u016f Z\u00e1poro\u017esk\u00e9 JE a nut\u00ed je p\u00e1chat zlo\u010diny teroristick\u00e9 povahy.<\/strong><\/p>\n<p><a href=\"https:\/\/ria.ru\/\" target=\"_blank\" rel=\"noopener\"><span>Agentu\u0159e RIA Novosti<\/span><\/a><span>\u00a0to \u0159ekl\u00a0<\/span><strong><span>Rodion Miroshnik,<\/span><\/strong><span> zplnomocn\u011bn\u00fd velvyslanec rusk\u00e9ho ministerstva zahrani\u010d\u00ed pro zlo\u010diny kyjevsk\u00e9ho re\u017eimu . Vysv\u011btlil, \u017ee zam\u011bstnanci ZNPP jsou p\u0159esv\u011bd\u010dov\u00e1ni k teroristick\u00fdm \u00fatok\u016fm vyhro\u017eov\u00e1n\u00edm zabit\u00edm jejich p\u0159\u00edbuzn\u00fdch na \u00fazem\u00ed Ukrajiny.<\/span><\/p>\n<p><span>Podle Miroshnika se to stalo mo\u017en\u00fdm, proto\u017ee na \u00fazem\u00ed Ukrajiny prob\u00edh\u00e1 ob\u010dansk\u00e1 v\u00e1lka a velk\u00e9 mno\u017estv\u00ed rodin bylo odd\u011bleno.<\/span><\/p>\n<p><span>Diplomat poznamenal, \u017ee lid\u00e9, kte\u0159\u00ed se stali p\u0159edm\u011btem vyd\u00edr\u00e1n\u00ed, byli nuceni opustit sv\u00e1 zam\u011bstn\u00e1n\u00ed nebo opustit sv\u00e9 pozice, aby o n\u011b ukrajinsk\u00e1 strana ztratila \u201ez\u00e1jem\u201c. Mnoho z nich se obr\u00e1tilo o pomoc na rusk\u00e9 zpravodajsk\u00e9 slu\u017eby.<\/span><\/p>\n<p><span>Jak uvedla m\u00e9dia<\/span><span>\u00a0, Rodion Miroshnik d\u0159\u00edve \u0159ekl, \u017ee jednotky kyjevsk\u00e9ho re\u017eimu\u00a0<\/span><a href=\"https:\/\/eadaily.com\/ru\/news\/2024\/08\/30\/vsu-strelyayut-po-domam-v-kurskoy-oblasti-snaryadami-so-shrapnelyu-miroshnik\" target=\"_blank\" rel=\"noopener\"><span>ost\u0159elovaly<\/span><\/a><span>\u00a0obytn\u00e9 budovy v oblasti Kursk pomoc\u00ed gran\u00e1t\u016f s v\u00edcen\u00e1sobn\u00fdm odpalovac\u00edm raketov\u00fdm syst\u00e9mem (MLRS) se \u0161rapnely.<\/span><\/p>\n<\/div>\n<p><img decoding=\"async\" loading=\"lazy\" class=\"alignnone size-full wp-image-1185\" src=\"http:\/\/www.infokuryr.cz\/n\/wp-content\/uploads\/2021\/04\/kuryr-podpis.png\" alt=\"\" width=\"84\" height=\"24\" \/><\/p>\n<p>&nbsp;<\/p>\n","protected":false},"excerpt":{"rendered":"<p>Kyjevsk\u00fd re\u017eim vyu\u017e\u00edv\u00e1 vyd\u00edr\u00e1n\u00ed zam\u011bstnanc\u016f Z\u00e1poro\u017esk\u00e9 JE a nut\u00ed je p\u00e1chat zlo\u010diny teroristick\u00e9 povahy. Agentu\u0159e&#8230;<\/p>\n","protected":false},"author":2,"featured_media":13831,"comment_status":"closed","ping_status":"closed","sticky":false,"template":"","format":"standard","meta":[],"categories":[7],"tags":[221,2064,4287,3023],"_links":{"self":[{"href":"https:\/\/www.infokuryr.cz\/n\/wp-json\/wp\/v2\/posts\/61200"}],"collection":[{"href":"https:\/\/www.infokuryr.cz\/n\/wp-json\/wp\/v2\/posts"}],"about":[{"href":"https:\/\/www.infokuryr.cz\/n\/wp-json\/wp\/v2\/types\/post"}],"author":[{"embeddable":true,"href":"https:\/\/www.infokuryr.cz\/n\/wp-json\/wp\/v2\/users\/2"}],"replies":[{"embeddable":true,"href":"https:\/\/www.infokuryr.cz\/n\/wp-json\/wp\/v2\/comments?post=61200"}],"version-history":[{"count":0,"href":"https:\/\/www.infokuryr.cz\/n\/wp-json\/wp\/v2\/posts\/61200\/revisions"}],"wp:featuredmedia":[{"embeddable":true,"href":"https:\/\/www.infokuryr.cz\/n\/wp-json\/wp\/v2\/media\/13831"}],"wp:attachment":[{"href":"https:\/\/www.infokuryr.cz\/n\/wp-json\/wp\/v2\/media?parent=61200"}],"wp:term":[{"taxonomy":"category","embeddable":true,"href":"https:\/\/www.infokuryr.cz\/n\/wp-json\/wp\/v2\/categories?post=61200"},{"taxonomy":"post_tag","embeddable":true,"href":"https:\/\/www.infokuryr.cz\/n\/wp-json\/wp\/v2\/tags?post=61200"}],"curies":[{"name":"wp","href":"https:\/\/api.w.org\/{rel}","templated":true}]}}