{"id":61194,"date":"2024-09-01T00:41:22","date_gmt":"2024-08-31T22:41:22","guid":{"rendered":"https:\/\/www.infokuryr.cz\/n\/?p=61194"},"modified":"2024-08-31T14:26:03","modified_gmt":"2024-08-31T12:26:03","slug":"pri-naletu-v-iraku-bylo-zraneno-sedm-americkych-vojaku","status":"publish","type":"post","link":"https:\/\/www.infokuryr.cz\/n\/2024\/09\/01\/pri-naletu-v-iraku-bylo-zraneno-sedm-americkych-vojaku\/","title":{"rendered":"P\u0159i n\u00e1letu v Ir\u00e1ku bylo zran\u011bno sedm americk\u00fdch voj\u00e1k\u016f"},"content":{"rendered":"<div id=\"fb-root\"><\/div>\n<p><strong><span>Nejm\u00e9n\u011b 15 terorist\u016f z ISIS bylo zabito americk\u00fdmi a ir\u00e1ck\u00fdmi vojensk\u00fdmi silami b\u011bhem partnersk\u00e9ho n\u00e1letu v z\u00e1padn\u00edm Ir\u00e1ku, ozn\u00e1milo 31. srpna americk\u00e9 \u00fast\u0159edn\u00ed velen\u00ed (CENTCOM).<\/span><\/strong><\/p>\n<p><em>&#8222;S\u00edly \u00fast\u0159edn\u00edho velen\u00ed USA a ir\u00e1ck\u00e9 bezpe\u010dnostn\u00ed s\u00edly provedly partnersk\u00fd n\u00e1let v z\u00e1padn\u00edm Ir\u00e1ku v rann\u00edch hodin\u00e1ch 29. srpna, kter\u00fd m\u011bl za n\u00e1sledek smrt 15 agent\u016f ISIS,&#8220; uvedlo velen\u00ed v prohl\u00e1\u0161en\u00ed.<\/em><\/p>\n<p><span>Dodalo, \u017ee operace \u201ese zam\u011b\u0159ovala na v\u016fdce ISIS, aby naru\u0161ili a degradovali schopnost ISIS pl\u00e1novat, organizovat a prov\u00e1d\u011bt \u00fatoky proti ir\u00e1ck\u00fdm civilist\u016fm, stejn\u011b jako ob\u010dan\u016fm USA, spojenc\u016fm a partner\u016fm v cel\u00e9m regionu i mimo n\u011bj\u201c.<\/span><\/p>\n<p><em>\u201ePrvek ISIS byl vyzbrojen \u010detn\u00fdmi zbran\u011bmi, gran\u00e1ty a v\u00fdbu\u0161n\u00fdmi \u201esebevra\u017eedn\u00fdmi\u201c p\u00e1sy,\u201c uv\u00e1d\u00ed se v prohl\u00e1\u0161en\u00ed. &#8222;Neexistuj\u00ed \u017e\u00e1dn\u00e9 zn\u00e1mky civiln\u00edch ob\u011bt\u00ed.&#8220;<\/em><\/p>\n<p><span>V samostatn\u00e9m prohl\u00e1\u0161en\u00ed vydan\u00e9m ir\u00e1ckou arm\u00e1dou se uv\u00e1d\u00ed, \u017ee \u201en\u00e1lety byly zam\u011b\u0159eny na \u00fakryty, po nich\u017e n\u00e1sledovala vzdu\u0161n\u00e1 operace\u201c.<\/span><\/p>\n<p><span>Dva ameri\u010dt\u00ed p\u0159edstavitel\u00e9 obrany pozd\u011bji\u00a0<\/span><a href=\"https:\/\/abcnews.go.com\/International\/7-us-personnel-injured-iraq-raid-killed-15\/story?id=113290070\"><span>ABC News<\/span><\/a><span>\u00a0\u0159ekli , \u017ee sedm americk\u00fdch voj\u00e1k\u016f bylo zran\u011bno b\u011bhem partnersk\u00e9 operace v z\u00e1padn\u00edm Ir\u00e1ku.<\/span><\/p>\n<p><em>\u201eB\u011bhem operace bylo zran\u011bno p\u011bt americk\u00fdch \u010dlen\u016f. Jeden ze zran\u011bn\u00fdch byl evakuov\u00e1n k dal\u0161\u00edmu o\u0161et\u0159en\u00ed,\u201c uvedl nejmenovan\u00fd \u010dinitel.<\/em><\/p>\n<p><em>\u201eDva dal\u0161\u00ed ameri\u010dt\u00ed pracovn\u00edci byli zran\u011bni p\u0159i p\u00e1dech b\u011bhem operace, p\u0159i\u010dem\u017e jeden byl tak\u00e9 evakuov\u00e1n z kina za \u00fa\u010delem n\u00e1sledn\u00e9 p\u00e9\u010de. Ve\u0161ker\u00fd person\u00e1l je ve stabilizovan\u00e9m stavu,\u201c dodal \u00fa\u0159edn\u00edk.<\/em><\/p>\n<p><span>USA udr\u017euj\u00ed zhruba 2500 voj\u00e1k\u016f v Ir\u00e1ku a 900 dal\u0161\u00edch v sousedn\u00ed S\u00fdrii, \u00fadajn\u011b kv\u016fli boji proti zbytk\u016fm ISIS.<\/span><\/p>\n<p><span>Od vypuknut\u00ed izraelsk\u00e9 v\u00e1lky v palestinsk\u00e9 enkl\u00e1v\u011b P\u00e1smo Gazy v lo\u0148sk\u00e9m roce zam\u00ed\u0159ilo na americk\u00e9 s\u00edly v obou okresech v\u00edce ne\u017e sto \u00fatok\u016f, p\u0159i\u010dem\u017e k odpov\u011bdnosti za v\u011bt\u0161inu t\u011bchto \u00fatok\u016f se p\u0159ihl\u00e1sily ozbrojen\u00e9 frakce podporovan\u00e9 \u00cdr\u00e1nem.<\/span><\/p>\n<p><span>Posledn\u00ed operace USA v Ir\u00e1ku byla pravd\u011bpodobn\u011b provedena na podporu dlouhodob\u00e9ho nasazen\u00ed v Ir\u00e1ku, op\u011bt s vyu\u017eit\u00edm ISIS jako z\u00e1minky.<\/span><\/p>\n<p><img decoding=\"async\" loading=\"lazy\" class=\"alignnone size-full wp-image-1185\" src=\"http:\/\/www.infokuryr.cz\/n\/wp-content\/uploads\/2021\/04\/kuryr-podpis.png\" alt=\"\" width=\"84\" height=\"24\" \/><\/p>\n<p>&nbsp;<\/p>\n","protected":false},"excerpt":{"rendered":"<p>Nejm\u00e9n\u011b 15 terorist\u016f z ISIS bylo zabito americk\u00fdmi a ir\u00e1ck\u00fdmi vojensk\u00fdmi silami b\u011bhem partnersk\u00e9ho n\u00e1letu&#8230;<\/p>\n","protected":false},"author":2,"featured_media":61195,"comment_status":"closed","ping_status":"closed","sticky":false,"template":"","format":"standard","meta":[],"categories":[7],"tags":[898,267,3062],"_links":{"self":[{"href":"https:\/\/www.infokuryr.cz\/n\/wp-json\/wp\/v2\/posts\/61194"}],"collection":[{"href":"https:\/\/www.infokuryr.cz\/n\/wp-json\/wp\/v2\/posts"}],"about":[{"href":"https:\/\/www.infokuryr.cz\/n\/wp-json\/wp\/v2\/types\/post"}],"author":[{"embeddable":true,"href":"https:\/\/www.infokuryr.cz\/n\/wp-json\/wp\/v2\/users\/2"}],"replies":[{"embeddable":true,"href":"https:\/\/www.infokuryr.cz\/n\/wp-json\/wp\/v2\/comments?post=61194"}],"version-history":[{"count":0,"href":"https:\/\/www.infokuryr.cz\/n\/wp-json\/wp\/v2\/posts\/61194\/revisions"}],"wp:featuredmedia":[{"embeddable":true,"href":"https:\/\/www.infokuryr.cz\/n\/wp-json\/wp\/v2\/media\/61195"}],"wp:attachment":[{"href":"https:\/\/www.infokuryr.cz\/n\/wp-json\/wp\/v2\/media?parent=61194"}],"wp:term":[{"taxonomy":"category","embeddable":true,"href":"https:\/\/www.infokuryr.cz\/n\/wp-json\/wp\/v2\/categories?post=61194"},{"taxonomy":"post_tag","embeddable":true,"href":"https:\/\/www.infokuryr.cz\/n\/wp-json\/wp\/v2\/tags?post=61194"}],"curies":[{"name":"wp","href":"https:\/\/api.w.org\/{rel}","templated":true}]}}