{"id":61187,"date":"2024-09-01T00:40:31","date_gmt":"2024-08-31T22:40:31","guid":{"rendered":"https:\/\/www.infokuryr.cz\/n\/?p=61187"},"modified":"2024-08-31T14:23:07","modified_gmt":"2024-08-31T12:23:07","slug":"ruske-sily-zridily-dalsi-stanoviste-na-golanske-fronte-v-syrii","status":"publish","type":"post","link":"https:\/\/www.infokuryr.cz\/n\/2024\/09\/01\/ruske-sily-zridily-dalsi-stanoviste-na-golanske-fronte-v-syrii\/","title":{"rendered":"Rusk\u00e9 s\u00edly z\u0159\u00eddily dal\u0161\u00ed stanovi\u0161t\u011b na Golansk\u00e9 front\u011b v S\u00fdrii"},"content":{"rendered":"<div id=\"fb-root\"><\/div>\n<p><strong><span>Rusk\u00e1 vojensk\u00e1 policie z\u0159\u00eddila dal\u0161\u00ed pozorovac\u00ed stanovi\u0161t\u011b v jihosyrsk\u00e9m guvernor\u00e1tu al-Kunejtra, aby zm\u00edrnila nap\u011bt\u00ed mezi S\u00fdri\u00ed a Izraelem pod\u00e9l fronty na Golansk\u00fdch v\u00fd\u0161in\u00e1ch, ozn\u00e1mil kapit\u00e1n 1. hodnosti Oleg Ignasjuk, z\u00e1stupce n\u00e1\u010deln\u00edka Rusk\u00e9ho st\u0159ediska pro usm\u00ed\u0159en\u00ed v S\u00fdrii. dne 30. srpna.<\/span><\/strong><\/p>\n<p><em>&#8222;Dal\u0161\u00ed pozorovac\u00ed stanovi\u0161t\u011b rusk\u00e9 vojensk\u00e9 policie bylo z\u0159\u00edzeno v z\u00e1jmu deeskalace nap\u011bt\u00ed pod\u00e9l linie Bravo v z\u00f3n\u011b uvoln\u011bn\u00ed mezi izraelsk\u00fdmi a syrsk\u00fdmi ozbrojen\u00fdmi silami v guvernor\u00e1tu al-Quneitra,&#8220; uvedla rusk\u00e1 arm\u00e1da. \u0159ekl \u00fa\u0159edn\u00edk na briefingu bez up\u0159esn\u011bn\u00ed.<\/em><\/p>\n<p><span>Na z\u00e1klad\u011b Dohody o uvoln\u011bn\u00ed z roku 1974 udr\u017euj\u00ed s\u00edly OSN na Golansk\u00fdch v\u00fd\u0161in\u00e1ch demilitarizovanou z\u00f3nu o rozloze 235 kilometr\u016f \u010dtvere\u010dn\u00edch. Z\u00f3na se rozprost\u00edr\u00e1 nad Purpurovou lini\u00ed, odd\u011bluj\u00edc\u00ed Izraelem okupovanou \u010d\u00e1st Golan a zbytek S\u00fdrie, kde je z\u00e1padn\u00ed linie zn\u00e1m\u00e1 jako \u201eAlfa\u201c a v\u00fdchodn\u00ed linie jako \u201eBravo\u201c.<\/span><\/p>\n<p><span>Syrsk\u00e1 observato\u0159 pro lidsk\u00e1 pr\u00e1va uvedla, \u017ee nov\u00e9 pozorovac\u00ed stanovi\u0161t\u011b bylo z\u0159\u00edzeno v oblasti z\u00e1padn\u00edch pl\u00e1n\u00ed m\u011bsta Kodna na z\u00e1padn\u00edm venkov\u011b al-Quneitra.<\/span><\/p>\n<p><span>Fotografie ukazuj\u00edc\u00ed nov\u00fd p\u0159\u00edsp\u011bvek byly zve\u0159ejn\u011bny na soci\u00e1ln\u00edch s\u00edt\u00edch. Fotografie zachycovaly rusk\u00e9 policisty na stanovi\u0161ti, jak obsluhuj\u00ed t\u011b\u017ek\u00e9 kulomety a nesou protidronov\u00e9 syst\u00e9my.<\/span><\/p>\n<p><img decoding=\"async\" loading=\"lazy\" class=\"wp-image-61188 aligncenter\" src=\"http:\/\/www.infokuryr.cz\/n\/wp-content\/uploads\/2024\/08\/syr1-300x225.jpg\" alt=\"\" width=\"635\" height=\"476\" srcset=\"https:\/\/www.infokuryr.cz\/n\/wp-content\/uploads\/2024\/08\/syr1-300x225.jpg 300w, https:\/\/www.infokuryr.cz\/n\/wp-content\/uploads\/2024\/08\/syr1-1024x768.jpg 1024w, https:\/\/www.infokuryr.cz\/n\/wp-content\/uploads\/2024\/08\/syr1-768x576.jpg 768w, https:\/\/www.infokuryr.cz\/n\/wp-content\/uploads\/2024\/08\/syr1.jpg 1280w\" sizes=\"(max-width: 635px) 100vw, 635px\" \/><\/p>\n<p><img decoding=\"async\" loading=\"lazy\" class=\"wp-image-61189 aligncenter\" src=\"http:\/\/www.infokuryr.cz\/n\/wp-content\/uploads\/2024\/08\/syr2-300x225.jpg\" alt=\"\" width=\"639\" height=\"479\" srcset=\"https:\/\/www.infokuryr.cz\/n\/wp-content\/uploads\/2024\/08\/syr2-300x225.jpg 300w, https:\/\/www.infokuryr.cz\/n\/wp-content\/uploads\/2024\/08\/syr2-1024x768.jpg 1024w, https:\/\/www.infokuryr.cz\/n\/wp-content\/uploads\/2024\/08\/syr2-768x576.jpg 768w, https:\/\/www.infokuryr.cz\/n\/wp-content\/uploads\/2024\/08\/syr2.jpg 1280w\" sizes=\"(max-width: 639px) 100vw, 639px\" \/><\/p>\n<p><img decoding=\"async\" loading=\"lazy\" class=\"wp-image-61190 aligncenter\" src=\"http:\/\/www.infokuryr.cz\/n\/wp-content\/uploads\/2024\/08\/syr3-300x199.jpg\" alt=\"\" width=\"638\" height=\"423\" srcset=\"https:\/\/www.infokuryr.cz\/n\/wp-content\/uploads\/2024\/08\/syr3-300x199.jpg 300w, https:\/\/www.infokuryr.cz\/n\/wp-content\/uploads\/2024\/08\/syr3-1024x681.jpg 1024w, https:\/\/www.infokuryr.cz\/n\/wp-content\/uploads\/2024\/08\/syr3.jpg 1280w\" sizes=\"(max-width: 638px) 100vw, 638px\" \/><\/p>\n<p><img decoding=\"async\" loading=\"lazy\" class=\"wp-image-61191 aligncenter\" src=\"http:\/\/www.infokuryr.cz\/n\/wp-content\/uploads\/2024\/08\/syr4-300x199.jpg\" alt=\"\" width=\"640\" height=\"424\" \/><\/p>\n<p>&nbsp;<\/p>\n<p><span>Podle lond\u00fdnsk\u00e9 monitorovac\u00ed skupiny to bylo 15 takov\u00fdch m\u00edst, kter\u00e1 m\u011bla z\u0159\u00eddit rusk\u00e1 vojensk\u00e1 policie na Golansk\u00e9 front\u011b.<\/span><\/p>\n<p><span>Mnoh\u00e9 z t\u011bchto m\u00edst byly z\u0159\u00edzeny po vypuknut\u00ed izraelsk\u00e9 v\u00e1lky v palestinsk\u00e9 enkl\u00e1v\u011b v p\u00e1smu Gazy loni v \u0159\u00edjnu. V\u00e1lka zp\u016fsobila dal\u0161\u00ed nap\u011bt\u00ed na Golansk\u00e9 front\u011b a Izrael eskaloval sv\u00e9 \u00fatoky na S\u00fdrii uprost\u0159ed n\u00e1r\u016fstu raketov\u00fdch \u00fatok\u016f na okupovan\u00e1 syrsk\u00e1 \u00fazem\u00ed ve v\u00fd\u0161in\u00e1ch.<\/span><\/p>\n<p><span>Jak uvedl z\u00e1stupce \u0161\u00e9fa rusk\u00e9ho st\u0159ediska pro usm\u00ed\u0159en\u00ed v S\u00fdrii, hlavn\u00edm \u00fa\u010delem t\u011bchto post\u016f je deeskalovat nap\u011bt\u00ed mezi S\u00fdri\u00ed a Izraelem.<\/span><\/p>\n<p><img decoding=\"async\" loading=\"lazy\" class=\"alignnone size-full wp-image-1185\" src=\"http:\/\/www.infokuryr.cz\/n\/wp-content\/uploads\/2021\/04\/kuryr-podpis.png\" alt=\"\" width=\"84\" height=\"24\" \/><\/p>\n<p>&nbsp;<\/p>\n","protected":false},"excerpt":{"rendered":"<p>Rusk\u00e1 vojensk\u00e1 policie z\u0159\u00eddila dal\u0161\u00ed pozorovac\u00ed stanovi\u0161t\u011b v jihosyrsk\u00e9m guvernor\u00e1tu al-Kunejtra, aby zm\u00edrnila nap\u011bt\u00ed mezi&#8230;<\/p>\n","protected":false},"author":2,"featured_media":61192,"comment_status":"closed","ping_status":"closed","sticky":false,"template":"","format":"standard","meta":[],"categories":[7],"tags":[805,7845,147],"_links":{"self":[{"href":"https:\/\/www.infokuryr.cz\/n\/wp-json\/wp\/v2\/posts\/61187"}],"collection":[{"href":"https:\/\/www.infokuryr.cz\/n\/wp-json\/wp\/v2\/posts"}],"about":[{"href":"https:\/\/www.infokuryr.cz\/n\/wp-json\/wp\/v2\/types\/post"}],"author":[{"embeddable":true,"href":"https:\/\/www.infokuryr.cz\/n\/wp-json\/wp\/v2\/users\/2"}],"replies":[{"embeddable":true,"href":"https:\/\/www.infokuryr.cz\/n\/wp-json\/wp\/v2\/comments?post=61187"}],"version-history":[{"count":1,"href":"https:\/\/www.infokuryr.cz\/n\/wp-json\/wp\/v2\/posts\/61187\/revisions"}],"predecessor-version":[{"id":61193,"href":"https:\/\/www.infokuryr.cz\/n\/wp-json\/wp\/v2\/posts\/61187\/revisions\/61193"}],"wp:featuredmedia":[{"embeddable":true,"href":"https:\/\/www.infokuryr.cz\/n\/wp-json\/wp\/v2\/media\/61192"}],"wp:attachment":[{"href":"https:\/\/www.infokuryr.cz\/n\/wp-json\/wp\/v2\/media?parent=61187"}],"wp:term":[{"taxonomy":"category","embeddable":true,"href":"https:\/\/www.infokuryr.cz\/n\/wp-json\/wp\/v2\/categories?post=61187"},{"taxonomy":"post_tag","embeddable":true,"href":"https:\/\/www.infokuryr.cz\/n\/wp-json\/wp\/v2\/tags?post=61187"}],"curies":[{"name":"wp","href":"https:\/\/api.w.org\/{rel}","templated":true}]}}