{"id":6117,"date":"2021-11-12T02:58:16","date_gmt":"2021-11-12T01:58:16","guid":{"rendered":"http:\/\/www.infokuryr.cz\/n\/?p=6117"},"modified":"2021-11-12T02:58:16","modified_gmt":"2021-11-12T01:58:16","slug":"propaganda-ockovani-jako-taktika-odvadeni-pozornosti","status":"publish","type":"post","link":"https:\/\/www.infokuryr.cz\/n\/2021\/11\/12\/propaganda-ockovani-jako-taktika-odvadeni-pozornosti\/","title":{"rendered":"Propaganda o\u010dkov\u00e1n\u00ed jako taktika odv\u00e1d\u011bn\u00ed pozornosti !!!"},"content":{"rendered":"<div id=\"fb-root\"><\/div>\n<p>Rakousko: Propaganda o\u010dkov\u00e1n\u00ed jako taktika odv\u00e1d\u011bn\u00ed pozornosti !!!<\/p>\n<p>Informace od G. Markela<\/p>\n<p>&#8222;Jak jsem se pr\u00e1v\u011b dozv\u011bd\u011bl z naprosto d\u016fv\u011bryhodn\u00e9ho zdroje, v\u010dera byli \u010dlenov\u00e9 krizov\u00e9ho zased\u00e1n\u00ed informov\u00e1ni konzultovan\u00fdmi odborn\u00edky, \u017ee \u010dtvrtou vlnu ji\u017e nelze zastavit , proto\u017ee ochrana proti hrotu selh\u00e1v\u00e1 na \u0161irok\u00e9m z\u00e1klad\u011b !!!!<\/p>\n<p>Zejm\u00e9na Astra , Johnson , Moderna , ale i Pfizer maj\u00ed katastrof\u00e1ln\u00ed \u00fadaje, kter\u00e9 ji\u017e nelze pop\u0159\u00edt.<br \/>\nTak\u00e9 \u00fa\u010dinek t\u0159et\u00edho \u017eihadla je velmi omezen\u00fd , ve \u0160t\u00fdrsku a V\u00eddni jsou ji\u017e prvn\u00ed shluky mezi trojn\u00e1sobn\u011b o\u0161et\u0159en\u00fdmi !!!!<\/p>\n<p>D\u00e1le byly prezentov\u00e1ny \u00fadaje, \u017ee pouze p\u011bt procent lid\u00ed se d\u00e1 vyd\u00edr\u00e1n\u00edm p\u0159im\u011bt k tomu, aby se nechali p\u00edchnout, a \u017ee pouze 30 procent lid\u00ed je ochotno se v dohledn\u00e9 dob\u011b nechat p\u00edchnout pot\u0159et\u00ed.<\/p>\n<p>Odborn\u00edci byli dot\u00e1z\u00e1ni, jak\u00e9 strategie jsou nyn\u00ed k dispozici jako mo\u017enost, a odpov\u011b\u010f zn\u011bla:<br \/>\n&#8222;\u010c\u00c1STE\u010cN\u011a \u0158\u00cdZEN\u00c1 N\u00c1KAZA&#8220; !!!<\/p>\n<p>SLOVO, jeden z ohromen\u00fdch\/zoufal\u00fdch \u00fa\u010dastn\u00edk\u016f diskuse pak \u0159ekl: &#8220; jestli to vyjde najevo , po\u0161lou n\u00e1s do h\u00e1je &#8220; .<\/p>\n<p>G. P\u00f6ttler: m\u016f\u017eete p\u0159edpokl\u00e1dat, \u017ee ano<\/p>\n<p>Vl\u00e1da pot\u00e9 p\u0159edlo\u017eila n\u00e1vrh z V\u00eddn\u011b na zlep\u0161en\u00ed situace t\u00edm, \u017ee se &#8211; op\u011bt doslova &#8211; &#8222;zam\u011b\u0159\u00ed na nenaka\u017een\u00e9&#8220;.<br \/>\n&#8222;zam\u011b\u0159en\u00edm se na neo\u010dkovan\u00e9&#8220;.<br \/>\nGuvern\u00e9\u0159i provinci\u00ed n\u00e1vrh p\u0159ijali bez v\u00e1h\u00e1n\u00ed.<br \/>\nJin\u00fdmi slovy :<br \/>\nPROPAGANDA PROTI NEO\u010cKOVAN\u00ddM M\u00c1 ZAKR\u00ddT TOT\u00c1LN\u00cd SELH\u00c1N\u00cd A CHAOS !!!<br \/>\n(A samoz\u0159ejm\u011b tyto prohnil\u00e9 charaktery zaj\u00edm\u00e1 jen obrana vlastn\u00ed k\u016f\u017ee a post\u016f &#8211; m\u016fj koment\u00e1\u0159).<\/p>\n<p>Rakousko bude tedy v p\u0159\u00ed\u0161t\u00edch t\u00fddnech d\u00e1le rozd\u011bleno, propaganda proti men\u0161in\u011b by m\u011bla slou\u017eit k odveden\u00ed pozornosti a Rakousko se ve skute\u010dnosti v p\u0159\u00ed\u0161t\u00edch m\u011bs\u00edc\u00edch a co nejd\u0159\u00edve vyd\u00e1 \u0161v\u00e9dskou cestou kontaminace, aby \u010dtvrt\u00e1 vlna skon\u010dila s p\u0159\u00edchodem zimy!<\/p>\n<p>Z tohoto d\u016fvodu nebudou prov\u00e1d\u011bny testy u o\u010dkovan\u00fdch osob mimo nemocnice, tyto osoby jsou nyn\u00ed z\u00e1m\u011brn\u011b vyu\u017e\u00edv\u00e1ny k tomu, aby virus maxim\u00e1ln\u011b koloval!<\/p>\n<p>Mimochodem, odborn\u00edci o\u010dek\u00e1vaj\u00ed, \u017ee ji\u017e p\u0159\u00ed\u0161t\u00ed t\u00fdden bude denn\u011b provedeno t\u00e9m\u011b\u0159 20 000 pozitivn\u00edch test\u016f, kter\u00e9 dos\u00e1hnou vrcholu ve t\u0159et\u00edm listopadov\u00e9m t\u00fddnu a odezn\u00ed v prvn\u00edch dvou v\u00e1no\u010dn\u00edch t\u00fddnech.<\/p>\n<p>Jsou tu dal\u0161\u00ed inform\u00e1to\u0159i, kte\u0159\u00ed jen p\u0159ehr\u00e1vaj\u00ed v\u010derej\u0161\u00ed zpr\u00e1vy , proto\u017ee v\u010derej\u0161\u00ed diskuse byla velmi dlouh\u00e1, intenzivn\u00ed a dost kontroverzn\u00ed !<\/p>\n<p>Tato vl\u00e1da a v\u00e1\u0161 syst\u00e9m skon\u010dily.<\/p>\n<p>Propaganda a o\u010dkovac\u00ed apartheid jako \u010derven\u00e1 nit.&#8220;<\/p>\n<p>Je to posledn\u00ed t\u0159\u00edda.<\/p>\n<p>VY TAM VENKU, VY B\u00c1JE\u010cN\u00cd LID\u00c9<\/p>\n<p>NYN\u00cd JE TEN SPR\u00c1VN\u00dd \u010cAS<br \/>\nNYN\u00cd JE TA SPR\u00c1VN\u00c1 HODINA<br \/>\nDNES BUDE HOTOVO NEBO PROMARN\u011aNO<br \/>\nNYN\u00cd SE MUS\u00cdME SJEDNOTIT<br \/>\n\u0158\u00cdK\u00c1ME NE A NED\u011aL\u00c1ME V\u00cdC<br \/>\nV\u0160ECHNY<br \/>\nMFG JD\u011aTE DOP\u0158EDU A VY V\u0160ICHNI S N\u00c1MI<br \/>\nPRO BUDOUCNOST NA\u0160\u00cd SPOLE\u010cNOSTI<br \/>\nPRO BUDOUCNOST RAKOUSKA<\/p>\n<p><strong>Schallala Marthalla<\/strong><\/p>\n<p>&nbsp;<\/p>\n<p>&nbsp;<\/p>\n","protected":false},"excerpt":{"rendered":"<p>Rakousko: Propaganda o\u010dkov\u00e1n\u00ed jako taktika odv\u00e1d\u011bn\u00ed pozornosti !!! Informace od G. Markela &#8222;Jak jsem se&#8230;<\/p>\n","protected":false},"author":2,"featured_media":3713,"comment_status":"closed","ping_status":"closed","sticky":false,"template":"","format":"standard","meta":[],"categories":[7],"tags":[512,213,1051,120],"_links":{"self":[{"href":"https:\/\/www.infokuryr.cz\/n\/wp-json\/wp\/v2\/posts\/6117"}],"collection":[{"href":"https:\/\/www.infokuryr.cz\/n\/wp-json\/wp\/v2\/posts"}],"about":[{"href":"https:\/\/www.infokuryr.cz\/n\/wp-json\/wp\/v2\/types\/post"}],"author":[{"embeddable":true,"href":"https:\/\/www.infokuryr.cz\/n\/wp-json\/wp\/v2\/users\/2"}],"replies":[{"embeddable":true,"href":"https:\/\/www.infokuryr.cz\/n\/wp-json\/wp\/v2\/comments?post=6117"}],"version-history":[{"count":0,"href":"https:\/\/www.infokuryr.cz\/n\/wp-json\/wp\/v2\/posts\/6117\/revisions"}],"wp:featuredmedia":[{"embeddable":true,"href":"https:\/\/www.infokuryr.cz\/n\/wp-json\/wp\/v2\/media\/3713"}],"wp:attachment":[{"href":"https:\/\/www.infokuryr.cz\/n\/wp-json\/wp\/v2\/media?parent=6117"}],"wp:term":[{"taxonomy":"category","embeddable":true,"href":"https:\/\/www.infokuryr.cz\/n\/wp-json\/wp\/v2\/categories?post=6117"},{"taxonomy":"post_tag","embeddable":true,"href":"https:\/\/www.infokuryr.cz\/n\/wp-json\/wp\/v2\/tags?post=6117"}],"curies":[{"name":"wp","href":"https:\/\/api.w.org\/{rel}","templated":true}]}}