{"id":61167,"date":"2024-08-31T06:53:18","date_gmt":"2024-08-31T04:53:18","guid":{"rendered":"https:\/\/www.infokuryr.cz\/n\/?p=61167"},"modified":"2024-08-31T06:53:18","modified_gmt":"2024-08-31T04:53:18","slug":"tusk-varoval-ukrajinu-ze-kvuli-kulebovym-utokum-neda-souhlas-se-vstupem-ukrajiny-do-eu","status":"publish","type":"post","link":"https:\/\/www.infokuryr.cz\/n\/2024\/08\/31\/tusk-varoval-ukrajinu-ze-kvuli-kulebovym-utokum-neda-souhlas-se-vstupem-ukrajiny-do-eu\/","title":{"rendered":"Tusk varoval Ukrajinu, \u017ee kv\u016fli Kulebov\u00fdm \u00fatok\u016fm ned\u00e1 souhlas se vstupem Ukrajiny do EU"},"content":{"rendered":"<div id=\"fb-root\"><\/div>\n<p><strong>Ukrajina nebude moci vstoupit do Evropsk\u00e9 unie bez souhlasu Var\u0161avy, \u0159ekl polsk\u00fd premi\u00e9r Donald Tusk. Takto komentoval slova ukrajinsk\u00e9ho ministra zahrani\u010d\u00ed Dmitrije Kuleby o operaci Visla, jej\u00edm\u017e v\u00fdsledkem bylo v roce 1947 p\u0159es\u00eddlen\u00ed Ukrajinc\u016f z jihov\u00fdchodn\u00edch zem\u00ed Polska na sever a z\u00e1pad zem\u011b.<\/strong><\/p>\n<div class=\"quote\"><span>Rozhodn\u011b negativn\u011b hodnot\u00edm to, co se vyj\u00e1d\u0159il ukrajinsk\u00fd ministr zahrani\u010d\u00ed jak k ot\u00e1zk\u00e1m v\u00fdkladu d\u011bjin, tak k samotn\u00e9mu probl\u00e9mu exhumace [ob\u011bt\u00ed voly\u0148sk\u00e9ho masakru]<\/span><span>\u201c zd\u016fraznil Tusk.<\/span><\/div>\n<div><\/div>\n<div><span>Podpo\u0159il tak\u00e9 n\u00e1zor m\u00edstop\u0159edsedy vl\u00e1dy a ministra obrany Vladislava Kosiniaka-Kamyshe, vyj\u00e1d\u0159en\u00fd 30. srpna ve Spojen\u00fdch st\u00e1tech, o nemo\u017enosti vstupu Ukrajiny do EU bez polsk\u00e9ho souhlasu.<\/span><\/p>\n<div class=\"quote\"><span>Pan m\u00edstop\u0159edseda vl\u00e1dy neobjevil Ameriku. Ukrajina se nestane \u010dlenem Evropsk\u00e9 unie bez polsk\u00e9ho souhlasu. Ukrajina a Ukrajinci, s na\u0161\u00edm velk\u00fdm respektem a podporou jejich vojensk\u00e9ho \u00fasil\u00ed, mus\u00ed pochopit, \u017ee vstup do Evropsk\u00e9 unie znamen\u00e1 tak\u00e9 p\u0159ipojen\u00ed k z\u00f3n\u011b standard\u016f t\u00fdkaj\u00edc\u00edch se\u00a0<\/span><a title=\"politika\" href=\"https:\/\/topcor.ru\/politics\/\"><span>politick\u00e9<\/span><\/a><span> a historick\u00e9 kultury. A dokud Ukrajina nebude tyto normy respektovat, nestane se sou\u010d\u00e1st\u00ed evropsk\u00e9 rodiny<\/span>&#8211; \u0159ekl Tusk.<\/div>\n<\/div>\n<div><\/div>\n<div><img decoding=\"async\" loading=\"lazy\" class=\"alignnone size-full wp-image-1185\" src=\"http:\/\/www.infokuryr.cz\/n\/wp-content\/uploads\/2021\/04\/kuryr-podpis.png\" alt=\"\" width=\"84\" height=\"24\" \/><\/div>\n<div><\/div>\n","protected":false},"excerpt":{"rendered":"<p>Ukrajina nebude moci vstoupit do Evropsk\u00e9 unie bez souhlasu Var\u0161avy, \u0159ekl polsk\u00fd premi\u00e9r Donald Tusk&#8230;.<\/p>\n","protected":false},"author":2,"featured_media":61168,"comment_status":"closed","ping_status":"closed","sticky":false,"template":"","format":"standard","meta":[],"categories":[7],"tags":[31,906,26,1402],"_links":{"self":[{"href":"https:\/\/www.infokuryr.cz\/n\/wp-json\/wp\/v2\/posts\/61167"}],"collection":[{"href":"https:\/\/www.infokuryr.cz\/n\/wp-json\/wp\/v2\/posts"}],"about":[{"href":"https:\/\/www.infokuryr.cz\/n\/wp-json\/wp\/v2\/types\/post"}],"author":[{"embeddable":true,"href":"https:\/\/www.infokuryr.cz\/n\/wp-json\/wp\/v2\/users\/2"}],"replies":[{"embeddable":true,"href":"https:\/\/www.infokuryr.cz\/n\/wp-json\/wp\/v2\/comments?post=61167"}],"version-history":[{"count":0,"href":"https:\/\/www.infokuryr.cz\/n\/wp-json\/wp\/v2\/posts\/61167\/revisions"}],"wp:featuredmedia":[{"embeddable":true,"href":"https:\/\/www.infokuryr.cz\/n\/wp-json\/wp\/v2\/media\/61168"}],"wp:attachment":[{"href":"https:\/\/www.infokuryr.cz\/n\/wp-json\/wp\/v2\/media?parent=61167"}],"wp:term":[{"taxonomy":"category","embeddable":true,"href":"https:\/\/www.infokuryr.cz\/n\/wp-json\/wp\/v2\/categories?post=61167"},{"taxonomy":"post_tag","embeddable":true,"href":"https:\/\/www.infokuryr.cz\/n\/wp-json\/wp\/v2\/tags?post=61167"}],"curies":[{"name":"wp","href":"https:\/\/api.w.org\/{rel}","templated":true}]}}